{"id":10094,"date":"2012-05-05T05:02:43","date_gmt":"2012-05-05T08:02:43","guid":{"rendered":"http:\/\/comorinemuritoare.ro\/bLOGOS\/?p=10094"},"modified":"2012-05-05T05:02:43","modified_gmt":"2012-05-05T08:02:43","slug":"eu-sunt-un-strop-din-unda-ta","status":"publish","type":"post","link":"https:\/\/comorinemuritoare.ro\/bLOGOS\/eu-sunt-un-strop-din-unda-ta\/","title":{"rendered":"EU SUNT UN STROP DIN UNDA TA"},"content":{"rendered":"<p><strong><em>Traian DORZ<\/em><\/strong><\/p>\n<p><a href=\"http:\/\/comorinemuritoare.ro\/bLOGOS\/wp-content\/uploads\/2012\/05\/214.jpg\"><img loading=\"lazy\" decoding=\"async\" class=\"alignleft size-full wp-image-10095\" title=\"214\" src=\"http:\/\/comorinemuritoare.ro\/bLOGOS\/wp-content\/uploads\/2012\/05\/214.jpg\" alt=\"\" width=\"248\" height=\"371\" \/><\/a>Eu sunt un strop din unda Ta,<br \/>\nIzvor des\u0103v\u00e2r\u015fit de via\u0163\u0103,<br \/>\n\u015fi toat\u0103 str\u0103lucirea mea<br \/>\nmi-e rev\u0103rsat\u0103 de-a Ta Fa\u0163\u0103.<\/p>\n<p>\u015ei sunt un psalm din  corul T\u0103u<br \/>\nde negr\u0103it\u0103 armonie,<br \/>\ntot ce-i dumnezeiesc al s\u0103u<br \/>\nse datore\u015fte numai \u0162ie.<\/p>\n<p>\u015ei-o iot\u0103 din Cuv\u00e2ntul Sf\u00e2nt<br \/>\nsuit cu trudnic\u0103 tr\u0103ire<br \/>\nspre slava unui leg\u0103m\u00e2nt<br \/>\ndus doar cu moartea la-mplinire.<\/p>\n<p>\u015ei-o raz\u0103 din lumina Ta<br \/>\nc\u0103zut\u0103-o clip\u0103 peste-o tin\u0103,<br \/>\ntot ce-i ceresc \u015fi sf\u00e2nt \u00een ea<br \/>\ne numai partea Ta divin\u0103.<!--more--><\/p>\n<p>\u015ei-un picur din al T\u0103u ocean,<br \/>\n\u015fi-un rod al rug\u0103ciunii Tale,<br \/>\n\u015fi-un rob ce urc\u0103 an de an<br \/>\nspre slava datoriei sale.<\/p>\n<p>\u015ei tot ce-am vrednic \u015fi frumos<br \/>\ne numai cazna spre mai bine<br \/>\n\u015fi lupta grea cu tot ce-i jos<br \/>\ns\u0103 nu-mi ia fa\u0163a de la Tine.<\/p>\n","protected":false},"excerpt":{"rendered":"<p>Traian DORZ Eu sunt un strop din unda Ta, Izvor des\u0103v\u00e2r\u015fit de via\u0163\u0103, \u015fi toat\u0103 str\u0103lucirea mea mi-e rev\u0103rsat\u0103 de-a Ta Fa\u0163\u0103. \u015ei sunt un psalm din corul T\u0103u de negr\u0103it\u0103 armonie, tot ce-i dumnezeiesc al s\u0103u se datore\u015fte numai \u0162ie. \u015ei-o iot\u0103 din Cuv\u00e2ntul Sf\u00e2nt suit cu trudnic\u0103 tr\u0103ire spre slava unui leg\u0103m\u00e2nt dus&nbsp;<\/p>\n<p><a class=\"btn btn-style\" href=\"https:\/\/comorinemuritoare.ro\/bLOGOS\/eu-sunt-un-strop-din-unda-ta\/\">Continue Reading&#8230;<\/a><\/p>\n","protected":false},"author":1,"featured_media":0,"comment_status":"open","ping_status":"open","sticky":false,"template":"","format":"standard","meta":{"footnotes":""},"categories":[4],"tags":[],"class_list":["post-10094","post","type-post","status-publish","format-standard","hentry","category-poezii"],"_links":{"self":[{"href":"https:\/\/comorinemuritoare.ro\/bLOGOS\/wp-json\/wp\/v2\/posts\/10094","targetHints":{"allow":["GET"]}}],"collection":[{"href":"https:\/\/comorinemuritoare.ro\/bLOGOS\/wp-json\/wp\/v2\/posts"}],"about":[{"href":"https:\/\/comorinemuritoare.ro\/bLOGOS\/wp-json\/wp\/v2\/types\/post"}],"author":[{"embeddable":true,"href":"https:\/\/comorinemuritoare.ro\/bLOGOS\/wp-json\/wp\/v2\/users\/1"}],"replies":[{"embeddable":true,"href":"https:\/\/comorinemuritoare.ro\/bLOGOS\/wp-json\/wp\/v2\/comments?post=10094"}],"version-history":[{"count":0,"href":"https:\/\/comorinemuritoare.ro\/bLOGOS\/wp-json\/wp\/v2\/posts\/10094\/revisions"}],"wp:attachment":[{"href":"https:\/\/comorinemuritoare.ro\/bLOGOS\/wp-json\/wp\/v2\/media?parent=10094"}],"wp:term":[{"taxonomy":"category","embeddable":true,"href":"https:\/\/comorinemuritoare.ro\/bLOGOS\/wp-json\/wp\/v2\/categories?post=10094"},{"taxonomy":"post_tag","embeddable":true,"href":"https:\/\/comorinemuritoare.ro\/bLOGOS\/wp-json\/wp\/v2\/tags?post=10094"}],"curies":[{"name":"wp","href":"https:\/\/api.w.org\/{rel}","templated":true}]}}