{"id":10411,"date":"2025-05-28T08:32:59","date_gmt":"2025-05-28T11:32:59","guid":{"rendered":"http:\/\/comorinemuritoare.ro\/bLOGOS\/?p=10411"},"modified":"2025-05-28T15:19:42","modified_gmt":"2025-05-28T18:19:42","slug":"pe-locul-inaltarii-domnului-la-cer","status":"publish","type":"post","link":"https:\/\/comorinemuritoare.ro\/bLOGOS\/pe-locul-inaltarii-domnului-la-cer\/","title":{"rendered":"Pe locul \u00cen\u0103l\u0163\u0103rii Domnului la Cer"},"content":{"rendered":"<p><em><strong>Preot Iosif TRIFA<\/strong><\/em>,<strong> Pe urmele M\u00e2ntuitorului \u2013<\/strong> \u00censemn\u0103ri din c\u0103l\u0103toria la Ierusalim<\/p>\n<p style=\"text-align: justify;\"><a href=\"http:\/\/comorinemuritoare.ro\/bLOGOS\/wp-content\/uploads\/2012\/05\/Inaltarea-3.jpg\"><img loading=\"lazy\" decoding=\"async\" class=\"alignleft size-full wp-image-10412\" title=\"Inaltarea-3\" src=\"http:\/\/comorinemuritoare.ro\/bLOGOS\/wp-content\/uploads\/2012\/05\/Inaltarea-3.jpg\" alt=\"\" width=\"398\" height=\"500\" srcset=\"https:\/\/comorinemuritoare.ro\/bLOGOS\/wp-content\/uploads\/2012\/05\/Inaltarea-3.jpg 660w, https:\/\/comorinemuritoare.ro\/bLOGOS\/wp-content\/uploads\/2012\/05\/Inaltarea-3-238x300.jpg 238w\" sizes=\"auto, (max-width: 398px) 100vw, 398px\" \/><\/a>\u00cen decursul celor patruzeci de zile de dup\u0103 \u00cenviere, Iisus S-a ar\u0103tat mereu Apostolilor. Aceste patruzeci de zile au fost un fel de \u015fcoal\u0103 cu Apostolii pentru \u201e\u00een\u0163elegerea Scripturilor\u201c \u015fi, mai ales, pentru \u00een\u0163elegerea deplin\u0103 a Jertfei M\u00e2ntuitorului, c\u0103ci \u00eenv\u0103\u0163\u0103ceii nu \u00een\u0163elegeau \u00eenc\u0103 deplin locul ce-l are Jertfa Crucii \u00een planul m\u00e2ntuirii noastre suflete\u015fti.<br \/>\nC\u00e2nd \u201elucrul\u201c ce I se d\u0103duse era gata cu totul, M\u00e2ntuitorul Se preg\u0103tise s\u0103 Se \u00eentoarc\u0103 \u00eenapoi de-a dreapta Tat\u0103lui, de unde venise. El biruise p\u0103catul \u015fi iadul \u015fi acum Se preg\u0103tea s\u0103 Se \u00eentoarc\u0103 la Tat\u0103l.<\/p>\n<p style=\"text-align: justify;\">Locul pe care \u015ei l-a ales Iisus pentru a Se desp\u0103r\u0163i de Apostoli \u015fi a Se \u00een\u0103l\u0163a la cer a fost Muntele M\u0103slinilor. Precum am mai amintit, Muntele M\u0103slinilor st\u0103 fa\u0163\u0103 \u00een fa\u0163\u0103 cu Ierusalimul, \u00eenspre r\u0103s\u0103rit, \u015fi are dou\u0103 v\u00e2rfuri: v\u00e2rful a\u015fa-numit \u201eMuntele Galileii\u201c \u015fi v\u00e2rful numit \u201eMuntele Eleonului\u201c sau \u201eMuntele \u00cen\u0103l\u0163\u0103rii\u201c. V\u00e2rful cel mai \u00eenalt al Muntelui M\u0103slinilor este Eleonul. Acesta este locul de unde S-a \u00een\u0103l\u0163at Iisus la cer.<br \/>\nDup\u0103 ce Iisus li S-a ar\u0103tat Apostolilor \u00een Muntele Galileii \u015fi le-a l\u0103sat ca testament porunca: \u201eMerg\u00e2nd, \u00eenv\u0103\u0163a\u0163i toate nea\u00admu\u00adrile&#8230;\u201c, a plecat cu ei spre Muntele Eleonului. \u201e\u015ei \u00eei du\u00adse pe ei p\u00e2n\u0103 a\u00adfar\u0103, spre Betania\u201c (Luca 24, 50). Be\u00adtania nu era de\u00adparte de Muntele \u00cen\u0103l\u0163\u0103rii.<br \/>\nM\u00e2n\u00adtuitorul \u015ftia c\u0103 a sosit cli\u00adpa \u00een ca\u00adre Se va desp\u0103r\u0163i de Apostolii S\u0103i, \u015ftia c\u0103 Apostolii se vor \u00eentrista. Spre m\u00e2ng\u00e2iere \u015fi \u00eent\u0103rire, le aminte\u015fte vorbele: \u201e\u015ei, iat\u0103, Eu cu voi sunt \u00een toate zilele, p\u00e2n\u0103 la sf\u00e2r\u015fitul veacurilor\u201c (Matei 28, 20).<br \/>\nAjung\u00e2nd \u00een v\u00e2rful Muntelui Eleon, M\u00e2ntuitorul \u00ce\u015fi adun\u0103 \u00eenc\u0103 o dat\u0103, pentru cea din urm\u0103 dat\u0103, pe Apostoli \u00een jurul S\u0103u. Se uit\u0103 cu duio\u015fie \u015fi dragoste la ei. \u015etia c\u0103 desp\u0103r\u0163irea \u00eei va durea \u015fi de aceea le aminte\u015fte \u00eenc\u0103 o dat\u0103 de f\u0103g\u0103duin\u0163a Tat\u0103lui, de \u201etrimiterea Duhului Sf\u00e2nt pe Care s\u0103-L a\u015ftepte \u00een Ierusalim\u201c (Luca 24, 49).<\/p>\n<p style=\"text-align: justify;\">Cele din urm\u0103 cuvinte ale M\u00e2ntuitorului fur\u0103 acestea: \u201eVe\u0163i lua putere, venind Duhul Sf\u00e2nt peste voi, \u015fi \u00cemi ve\u0163i fi Mie martori \u00een Ierusalim, \u00een toat\u0103 Iudeea, de la Samaria \u015fi p\u00e2n\u0103 la marginile p\u0103m\u00e2ntului\u201c (Faptele Apostolilor 1, 8). Acestea zic\u00e2nd, \u201e\u00ce\u015fi ridic\u0103 m\u00e2inile Sale \u015fi \u00eei binecuv\u00e2nt\u0103. \u015ei pe c\u00e2nd \u00eei binecuv\u00e2nta, S-a desp\u0103r\u0163it de ei \u015fi S-a \u00een\u0103l\u0163at la cer\u201c (Luca 24, 50-51).<!--more--><\/p>\n<p style=\"text-align: justify;\">\u015ei acum s\u0103 ne apropiem de locul preasf\u00e2nt de unde Iisus M\u00e2ntuitorul S-a \u00een\u0103l\u0163at la cer. Din muntele Galileii despre care am vorbit, plec\u0103m spre muntele \u00cen\u0103l\u0163\u0103rii. Pe locul unde S-a \u00een\u0103l\u0163at Iisus la cer e azi o biseric\u0103 arab\u0103 (musulman\u0103), \u00eenconjurat\u0103 cu mai multe cl\u0103diri, av\u00e2nd de o parte \u015fi un turn. D\u0103m la pag. 247 fotografia acestora. \u00cen mijlocul acestor cl\u0103diri, l\u00e2ng\u0103 turn, la st\u00e2nga, unde se vede o cupol\u0103, este biserica arab\u0103, o biseric\u0103 mic\u0103, av\u00e2nd acoperi\u015f boltit. Aici, \u00een aceast\u0103 biseric\u0103 arab\u0103, se afl\u0103 locul unde S-a \u00een\u0103l\u0163at Iisus la cer. Intr\u0103m cu evlavie \u00eenl\u0103untru, c\u00e2nt\u00e2nd Troparul \u00cen\u0103l\u0163\u0103rii: \u201e\u00cen\u0103l\u0163atu-Te-ai \u00eentru m\u0103rire, Hris\u00adtoase, Dumnezeul nostru, bucurie f\u0103c\u00e2nd uceni\u00adcilor cu f\u0103g\u0103duin\u0163a Sf\u00e2ntului Duh, \u00eencredin\u0163\u00e2ndu-se prin ei binecuv\u00e2ntare. C\u0103 Tu e\u015fti Fiul lui Dumnezeu, M\u00e2ntuitorul lumii&#8230;\u201c.<\/p>\n<p style=\"text-align: justify;\">\u00cen\u0103untru, \u00een biseric\u0103, se p\u0103streaz\u0103 o st\u00e2nc\u0103 de pe care S-a \u00een\u0103l\u0163at Iisus la cer. E un v\u00e2rf de st\u00e2nc\u0103 p\u0103trat\u0103 \u00een care se vede s\u0103pat\u0103 o urm\u0103 de om; c\u0103lug\u0103rii spun c\u0103 e urma ce a l\u0103sat-o Iisus M\u00e2ntuitorul c\u00e2nd S-a suit la cer. Ne \u00eenchin\u0103m cu evlavie \u00een fa\u0163a acestui sf\u00e2nt loc \u015fi s\u0103rut\u0103m piatra sf\u00e2nt\u0103 care a fost martor\u0103 \u00cen\u0103l\u0163\u0103rii Domnului \u015fi M\u00e2ntuitorului nostru Iisus Hristos.<\/p>\n<p style=\"text-align: justify;\">Un fior te cuprinde c\u00e2nd te rogi \u00een acest loc. Este ceva \u00een acest loc ce te m\u00e2ng\u00e2ie, \u00ee\u0163i d\u0103 t\u0103rie, n\u0103dejde \u015fi putere. Parc\u0103 auzi glasul Lui: \u201eNu v\u0103 teme\u0163i, iat\u0103, Eu cu voi sunt \u00een toate zilele, p\u00e2n\u0103 la sf\u00e2r\u015fitul veacului!\u201c (Matei 28, 20). \u201eS\u0103 nu se tulbure inima voastr\u0103; ave\u0163i \u00eencredere \u00een Dumnezeu, ave\u0163i \u00eencredere \u00een Mine. \u00cen casa Tat\u0103lui Meu sunt multe l\u0103ca\u015furi. \u015ei, dup\u0103 ce M\u0103 voi fi dus \u015fi v\u0103 voi preg\u0103ti vou\u0103 loc, iar\u0103\u015fi M\u0103 voi \u00eentoarce \u015fi v\u0103 voi lua cu Mine, ca acolo unde sunt Eu \u015fi voi s\u0103 fi\u0163i\u201c (Ioan 14, 1-3).<\/p>\n<p style=\"text-align: justify;\">Nu v\u0103 te\u00adme\u0163i, cre\u00addin\u00adcio\u015filor, c\u0103ci Domnul ne g\u0103te\u015fte nou\u0103 loc \u00een cer! Nu v\u0103 teme\u0163i voi, cei ce suferi\u0163i nedrept\u0103\u0163i, batjocuri, b\u0103t\u0103i pentru Domnul \u015fi sufletul vostru, c\u0103ci El v\u0103 g\u0103te\u015fte vou\u0103 l\u0103ca\u015f \u00een casa Tat\u0103lui din cer!&#8230; Bucu\u00adra\u0163i\u2011v\u0103 to\u0163i cei care tr\u0103i\u0163i o via\u0163\u0103 cu Domnul, c\u0103ci plata voastr\u0103 mult\u0103 este \u00een cer!<\/p>\n<p style=\"text-align: justify;\">M\u0103 g\u00e2ndesc \u00een acest loc c\u0103 Domnul Iisus iar\u0103\u015fi va veni a\u015fa cum S-a dus (Faptele Apostolilor 1, 11). \u201eVa veni pe norii cerului cu putere \u015fi m\u0103rire, va veni ca Judec\u0103tor, ca s\u0103 dea fiec\u0103ruia dup\u0103 faptele sale\u201c (Matei 24 \u015fi Apocalipsa 22, 12). \u201eDrept aceea, priveghea\u0163i, c\u0103 nu \u015fti\u0163i ziua \u015fi ceasul \u00een care Fiul Omului va veni\u201c (Matei 25, 13). \u201eLua\u0163i aminte ca s\u0103 nu v\u0103 afle ziua aceea dormind\u201c (Matei 25). Ferice de cel care va fi aflat priveghind!<\/p>\n","protected":false},"excerpt":{"rendered":"<p>Preot Iosif TRIFA, Pe urmele M\u00e2ntuitorului \u2013 \u00censemn\u0103ri din c\u0103l\u0103toria la Ierusalim \u00cen decursul celor patruzeci de zile de dup\u0103 \u00cenviere, Iisus S-a ar\u0103tat mereu Apostolilor. Aceste patruzeci de zile au fost un fel de \u015fcoal\u0103 cu Apostolii pentru \u201e\u00een\u0163elegerea Scripturilor\u201c \u015fi, mai ales, pentru \u00een\u0163elegerea deplin\u0103 a Jertfei M\u00e2ntuitorului, c\u0103ci \u00eenv\u0103\u0163\u0103ceii nu \u00een\u0163elegeau \u00eenc\u0103&nbsp;<\/p>\n<p><a class=\"btn btn-style\" href=\"https:\/\/comorinemuritoare.ro\/bLOGOS\/pe-locul-inaltarii-domnului-la-cer\/\">Continue Reading&#8230;<\/a><\/p>\n","protected":false},"author":1,"featured_media":0,"comment_status":"open","ping_status":"open","sticky":false,"template":"","format":"standard","meta":{"footnotes":""},"categories":[588],"tags":[],"class_list":["post-10411","post","type-post","status-publish","format-standard","hentry","category-carti"],"_links":{"self":[{"href":"https:\/\/comorinemuritoare.ro\/bLOGOS\/wp-json\/wp\/v2\/posts\/10411","targetHints":{"allow":["GET"]}}],"collection":[{"href":"https:\/\/comorinemuritoare.ro\/bLOGOS\/wp-json\/wp\/v2\/posts"}],"about":[{"href":"https:\/\/comorinemuritoare.ro\/bLOGOS\/wp-json\/wp\/v2\/types\/post"}],"author":[{"embeddable":true,"href":"https:\/\/comorinemuritoare.ro\/bLOGOS\/wp-json\/wp\/v2\/users\/1"}],"replies":[{"embeddable":true,"href":"https:\/\/comorinemuritoare.ro\/bLOGOS\/wp-json\/wp\/v2\/comments?post=10411"}],"version-history":[{"count":1,"href":"https:\/\/comorinemuritoare.ro\/bLOGOS\/wp-json\/wp\/v2\/posts\/10411\/revisions"}],"predecessor-version":[{"id":26878,"href":"https:\/\/comorinemuritoare.ro\/bLOGOS\/wp-json\/wp\/v2\/posts\/10411\/revisions\/26878"}],"wp:attachment":[{"href":"https:\/\/comorinemuritoare.ro\/bLOGOS\/wp-json\/wp\/v2\/media?parent=10411"}],"wp:term":[{"taxonomy":"category","embeddable":true,"href":"https:\/\/comorinemuritoare.ro\/bLOGOS\/wp-json\/wp\/v2\/categories?post=10411"},{"taxonomy":"post_tag","embeddable":true,"href":"https:\/\/comorinemuritoare.ro\/bLOGOS\/wp-json\/wp\/v2\/tags?post=10411"}],"curies":[{"name":"wp","href":"https:\/\/api.w.org\/{rel}","templated":true}]}}