{"id":10697,"date":"2012-06-12T06:09:05","date_gmt":"2012-06-12T09:09:05","guid":{"rendered":"http:\/\/comorinemuritoare.ro\/bLOGOS\/?p=10697"},"modified":"2012-06-12T06:09:51","modified_gmt":"2012-06-12T09:09:51","slug":"pe-genunchii-mosului","status":"publish","type":"post","link":"https:\/\/comorinemuritoare.ro\/bLOGOS\/pe-genunchii-mosului\/","title":{"rendered":"PE GENUNCHII MO\u015eULUI"},"content":{"rendered":"<p style=\"text-align: justify;\"><a href=\"http:\/\/comorinemuritoare.ro\/bLOGOS\/wp-content\/uploads\/2012\/06\/Pe-genunchii-mosului-08.jpg\"><img loading=\"lazy\" decoding=\"async\" class=\"alignleft size-full wp-image-10698\" title=\"Pe-genunchii-mosului-08\" src=\"http:\/\/comorinemuritoare.ro\/bLOGOS\/wp-content\/uploads\/2012\/06\/Pe-genunchii-mosului-08.jpg\" alt=\"\" width=\"303\" height=\"395\" \/><\/a>Fericit este copilul care are p\u0103rin\u0163i \u015fi bunici iubitori \u015fi credincio\u015fi. C\u0103ci cele mai frumoase amintiri \u015fi cele mai fericite \u00eendrum\u0103ri bune din toat\u0103 via\u0163a lui \u00eei r\u0103m\u00e2n de la aceste suflete scumpe.<br \/>\nDar \u015fi mai fericit este copilul care pre\u0163uie\u015fte cu tot sufle-tul \u00eendrum\u0103rile lor \u015fi le p\u0103ze\u015fte \u00een via\u0163a lui.<br \/>\n\u015ei mie, cele mai frumoase \u015fi mai dint\u00e2i amintiri mi-au r\u0103mas, ca o dulce \u015fi bl\u00e2nd\u0103 comoar\u0103, de pe genunchii bunicului. Ca \u015fi cum pe genunchii lui m-a\u015f fi trezit la via\u0163\u0103 pe lumea asta. Eu \u00eei spuneam cu drag numai \u00abmo\u015fu&#8217;\u00bb&#8230;<\/p>\n<p style=\"text-align: justify;\">Era bunicul meu un om voinic \u015fi bun ca p\u00e2inea lui Dumnezeu cea bun\u0103. \u00cel vedeam destul de rar, doar seara \u015fi diminea\u0163a, fiindc\u0103 ziua \u00eentreag\u0103 era dus pe la munc\u0103 \u00een toate p\u0103r\u0163ile.<br \/>\nSeara, c\u00e2nd venea \u00een cas\u0103, abia a\u015fteptam&#8230;<br \/>\nM\u0103 lua pe genunchii lui \u015fi \u00eencepea s\u0103-mi spun\u0103 de c\u00e2te toate. Eu m\u0103 lipeam de pieptul lui cel lat \u015fi cald, iar el, cu cea mai bl\u00e2nd\u0103 m\u00e2n\u0103 din lume, \u00eemi netezea u\u015for p\u0103rul de pe frunte \u015fi m\u0103 str\u00e2ngea cu drag la inima lui.<br \/>\nCe bine era pe genunchii mo\u015fului, alipit de pieptul lui puternic, m\u00e2ng\u00e2iat de m\u00e2na lui bun\u0103 \u015fi ascult\u00e2nd glasul lui cald!<\/p>\n<p style=\"text-align: justify;\">Acolo nu-mi mai era foame, nici sete, nici dor de nimic&#8230; Un fel de lini\u015fte dulce \u00eemi \u00eenv\u0103luia toat\u0103 fiin\u0163a, \u00eemi \u00eenchidea ochii \u015fi \u00eemi \u00eenc\u00e2nta urechile&#8230; Ca \u00eentr-un leag\u0103n moale, adormeam totdeauna foarte cur\u00e2nd acolo \u015fi cred c\u0103 \u00een nici un loc din lume nu m-a\u015f fi sim\u0163it at\u00e2t de fericit ca pe genunchii mo\u015fului.<!--more--><br \/>\nC\u00e2nd L-am aflat, mai t\u00e2rziu, pe Domnul Iisus&#8230; genunchii Lui, pieptul Lui, dragostea m\u00e2inii Lui, \u015fi c\u00e2nd I-am auzit glasul Lui cel dulce, c\u00e2t de u\u015for mi-a fost s\u0103-L iubesc, s\u0103 m\u0103 alipesc de El \u015fi s\u0103-l ascult cu dragoste, fericit.<br \/>\nCeea ce am sim\u0163it \u00een anii copil\u0103riei mele pe genunchii mo\u015fului, tr\u0103iesc acum, nespus mai minunat, l\u00e2ng\u0103 Domnul \u015fi M\u00e2ntuitorul meu cel scump, Iisus Hristos, pe genunchii Lui sfin\u0163i.<\/p>\n<p style=\"text-align: justify;\">Nici nu \u00eemplinisem \u015fapte ani c\u00e2nd l-am pierdut pe mo\u015ful meu cel bun&#8230; Era \u00een sicriu, dup\u0103 mas\u0103, \u015fi, c\u00e2nd n-a fost nimeni \u00een cas\u0103, m-am dus singur, i-am dat la o parte p\u00e2nza alb\u0103 de pe fa\u0163\u0103 \u015fi mi-am luat r\u0103mas bun de la el&#8230;<br \/>\n\u015eiroaie de lacrimi \u00eemi curgeau din ochi pe perna de sub capul lui t\u0103cut \u015fi drag&#8230;<br \/>\nL-am acoperit apoi la loc, sim\u0163ind c\u0103 am pierdut ceva \u00een locul c\u0103ruia nu voi mai putea avea nimic pe lume.<\/p>\n<p style=\"text-align: justify;\">Dar sl\u0103vit s\u0103 fie Numele cel scump al Domnului \u015fi M\u00e2ntuitorului meu Preaiubit, c\u0103 a venit o zi, cea mai fericit\u0103 zi din via\u0163a mea, c\u00e2nd L-am \u00eent\u00e2lnit pe El.<br \/>\nToat\u0103 durerea desp\u0103r\u0163irii de mo\u015fu&#8217;, mi-a fost risipit\u0103 de lumina bucuriei afl\u0103rii Domnului.<\/p>\n<p style=\"text-align: justify;\">Ce zi fericit\u0103 pentru mine a fost prima zi cu Domnul Iisus&#8230;<br \/>\nDespre ziua aceasta a\u015f spune ne\u00eencetat, cu lacrimi de bucurie, oricui, pentru c\u0103 n-am \u00een toate amintirile mele o zi at\u00e2t de fericit\u0103 ca ea.<br \/>\nDin ziua c\u00e2nd L-am aflat pe Domnul Iisus, \u00eencep adev\u0103ratele mele amintiri fericite.<br \/>\n\u00cen fiecare zi tr\u0103iesc cu tot sufletul mereu noi bucurii cu El. Pe genunchii Lui puternici sunt \u00een cea mai mare siguran\u0163\u0103.<br \/>\nLa pieptul Lui cel cald simt cea mai dulce iubire.<br \/>\nPe bra\u0163ul S\u0103u cel bl\u00e2nd simt cea mai scump\u0103 fericire.<br \/>\n\u015ei \u00een glasul Lui, o nesf\u00e2r\u015fit\u0103 bun\u0103tate \u015fi m\u00e2ng\u00e2iere&#8230;<br \/>\nPentru nimeni \u015fi pentru nimic nu m-a\u015f mai desp\u0103r\u0163i de Iisus, Domnul meu, niciodat\u0103.<br \/>\nIar dup\u0103 via\u0163a aceasta, \u015ftiu c\u0103 va veni fericirea ve\u015fnic\u0103, unde voi reg\u0103si, la Domnul meu Iisus, \u015fi pe mo\u015ful meu cel neuitat&#8230; \u015fi pe to\u0163i dragii mei cei neuita\u0163i.<\/p>\n<p style=\"text-align: justify;\"><em>O, Doamne Iisuse, \u00ce\u0163i mul\u0163umesc ne\u00eencetat pentru marea fericire pe care o cunosc \u015fi o am ne\u00eencetat l\u00e2ng\u0103 Tine. \u00ce\u0163i mul\u0163umesc pentru dulcea m\u00e2ng\u00e2iere pe care mi-ai dat-o prin Duhul Sf\u00e2nt \u015fi prin Cuv\u00e2ntul Sf\u00e2nt, c\u0103 va veni cur\u00e2nd dulcea \u015fi sf\u00e2nta \u00cemp\u0103r\u0103\u0163ie Cereasc\u0103 unde voi reg\u0103si pe toate scumpele fiin\u0163e care m-au iubit pe lumea aceasta \u015fi l\u00e2ng\u0103 Tine m\u0103 voi putea bucura pe vecii vecilor \u015fi cu ei, cu to\u0163i.<br \/>\nPreadulce Iisuse, M\u00e2ntuitorul meu, ajut\u0103-mi s\u0103 r\u0103m\u00e2n credincios \u015fi ascult\u0103tor p\u00e2n\u0103 voi ajunge sus \u00een cer, pe genunchii T\u0103i cei binecuv\u00e2nta\u0163i. Amin.<\/em><br \/>\nA\u015fa am trecut eu de pe genunchii mo\u015fului pe genunchii lui Iisus.<br \/>\nSl\u0103vit s\u0103 fie Domnul!<\/p>\n<p style=\"text-align: right;\"><strong><em>Traian Dorz, <\/em><\/strong>PE GENUNCHII LUI IISUS<\/p>\n","protected":false},"excerpt":{"rendered":"<p>Fericit este copilul care are p\u0103rin\u0163i \u015fi bunici iubitori \u015fi credincio\u015fi. C\u0103ci cele mai frumoase amintiri \u015fi cele mai fericite \u00eendrum\u0103ri bune din toat\u0103 via\u0163a lui \u00eei r\u0103m\u00e2n de la aceste suflete scumpe. Dar \u015fi mai fericit este copilul care pre\u0163uie\u015fte cu tot sufle-tul \u00eendrum\u0103rile lor \u015fi le p\u0103ze\u015fte \u00een via\u0163a lui. \u015ei mie, cele&nbsp;<\/p>\n<p><a class=\"btn btn-style\" href=\"https:\/\/comorinemuritoare.ro\/bLOGOS\/pe-genunchii-mosului\/\">Continue Reading&#8230;<\/a><\/p>\n","protected":false},"author":1,"featured_media":0,"comment_status":"open","ping_status":"open","sticky":false,"template":"","format":"standard","meta":{"footnotes":""},"categories":[6],"tags":[],"class_list":["post-10697","post","type-post","status-publish","format-standard","hentry","category-povestiri"],"_links":{"self":[{"href":"https:\/\/comorinemuritoare.ro\/bLOGOS\/wp-json\/wp\/v2\/posts\/10697","targetHints":{"allow":["GET"]}}],"collection":[{"href":"https:\/\/comorinemuritoare.ro\/bLOGOS\/wp-json\/wp\/v2\/posts"}],"about":[{"href":"https:\/\/comorinemuritoare.ro\/bLOGOS\/wp-json\/wp\/v2\/types\/post"}],"author":[{"embeddable":true,"href":"https:\/\/comorinemuritoare.ro\/bLOGOS\/wp-json\/wp\/v2\/users\/1"}],"replies":[{"embeddable":true,"href":"https:\/\/comorinemuritoare.ro\/bLOGOS\/wp-json\/wp\/v2\/comments?post=10697"}],"version-history":[{"count":0,"href":"https:\/\/comorinemuritoare.ro\/bLOGOS\/wp-json\/wp\/v2\/posts\/10697\/revisions"}],"wp:attachment":[{"href":"https:\/\/comorinemuritoare.ro\/bLOGOS\/wp-json\/wp\/v2\/media?parent=10697"}],"wp:term":[{"taxonomy":"category","embeddable":true,"href":"https:\/\/comorinemuritoare.ro\/bLOGOS\/wp-json\/wp\/v2\/categories?post=10697"},{"taxonomy":"post_tag","embeddable":true,"href":"https:\/\/comorinemuritoare.ro\/bLOGOS\/wp-json\/wp\/v2\/tags?post=10697"}],"curies":[{"name":"wp","href":"https:\/\/api.w.org\/{rel}","templated":true}]}}