{"id":10728,"date":"2025-05-28T05:47:52","date_gmt":"2025-05-28T08:47:52","guid":{"rendered":"http:\/\/comorinemuritoare.ro\/bLOGOS\/?p=10728"},"modified":"2025-05-28T15:20:52","modified_gmt":"2025-05-28T18:20:52","slug":"toti-eroii-nostri","status":"publish","type":"post","link":"https:\/\/comorinemuritoare.ro\/bLOGOS\/toti-eroii-nostri\/","title":{"rendered":"To\u0163i eroii no\u015ftri"},"content":{"rendered":"<p><strong><em>Traian DORZ<\/em><\/strong><\/p>\n<p style=\"padding-left: 30px;\"><a href=\"http:\/\/comorinemuritoare.ro\/bLOGOS\/wp-content\/uploads\/2012\/06\/DSC02281.jpg\"><img loading=\"lazy\" decoding=\"async\" class=\"alignright size-full wp-image-10730\" title=\"DSC02281\" src=\"http:\/\/comorinemuritoare.ro\/bLOGOS\/wp-content\/uploads\/2012\/06\/DSC02281.jpg\" alt=\"\" width=\"331\" height=\"445\" \/><\/a>To\u0163i eroii no\u015ftri<br \/>\n\u015fi martirii sfin\u0163i<br \/>\ni-a v\u00e2ndut vreun Iuda<br \/>\npe murdari argin\u0163i.<\/p>\n<p style=\"padding-left: 30px;\">Pe-orice suflet mare<br \/>\ncare l-am avut<br \/>\ns-a aflat vreun Iuda<br \/>\ncare l-a v\u00e2ndut.<\/p>\n<p style=\"padding-left: 30px;\">Pe Mihai, la Turda,<br \/>\npe Tudor, ca el,<br \/>\nHorea<br \/>\n\u015fi Iancu<br \/>\nau pierit la fel.<\/p>\n<p style=\"padding-left: 30px;\">C\u0103ci a fost un Iuda<br \/>\n\u015farpe odios<br \/>\ncare-a mers<br \/>\ns\u0103-i v\u00e2nd\u0103<br \/>\nca \u015fi pe Hristos.<\/p>\n<p style=\"padding-left: 60px;\"><strong>*<\/strong><\/p>\n<p>Blestemat s\u0103 fie cel ce vinde-un sf\u00e2nt,<br \/>\nsp\u00e2nzurat s\u0103 moar\u0103, f\u0103r\u0103 de morm\u00e2nt.<\/p>\n<p>Fug\u0103 ca de-un monstru cine-l va vedea,<br \/>\nfocul ve\u015fnic ard\u0103-i vi\u0163a lui cea rea!<\/p>\n","protected":false},"excerpt":{"rendered":"<p>Traian DORZ To\u0163i eroii no\u015ftri \u015fi martirii sfin\u0163i i-a v\u00e2ndut vreun Iuda pe murdari argin\u0163i. Pe-orice suflet mare care l-am avut s-a aflat vreun Iuda care l-a v\u00e2ndut. Pe Mihai, la Turda, pe Tudor, ca el, Horea \u015fi Iancu au pierit la fel. C\u0103ci a fost un Iuda \u015farpe odios care-a mers s\u0103-i v\u00e2nd\u0103 ca&nbsp;<\/p>\n<p><a class=\"btn btn-style\" href=\"https:\/\/comorinemuritoare.ro\/bLOGOS\/toti-eroii-nostri\/\">Continue Reading&#8230;<\/a><\/p>\n","protected":false},"author":1,"featured_media":0,"comment_status":"open","ping_status":"open","sticky":false,"template":"","format":"standard","meta":{"footnotes":""},"categories":[4],"tags":[],"class_list":["post-10728","post","type-post","status-publish","format-standard","hentry","category-poezii"],"_links":{"self":[{"href":"https:\/\/comorinemuritoare.ro\/bLOGOS\/wp-json\/wp\/v2\/posts\/10728","targetHints":{"allow":["GET"]}}],"collection":[{"href":"https:\/\/comorinemuritoare.ro\/bLOGOS\/wp-json\/wp\/v2\/posts"}],"about":[{"href":"https:\/\/comorinemuritoare.ro\/bLOGOS\/wp-json\/wp\/v2\/types\/post"}],"author":[{"embeddable":true,"href":"https:\/\/comorinemuritoare.ro\/bLOGOS\/wp-json\/wp\/v2\/users\/1"}],"replies":[{"embeddable":true,"href":"https:\/\/comorinemuritoare.ro\/bLOGOS\/wp-json\/wp\/v2\/comments?post=10728"}],"version-history":[{"count":1,"href":"https:\/\/comorinemuritoare.ro\/bLOGOS\/wp-json\/wp\/v2\/posts\/10728\/revisions"}],"predecessor-version":[{"id":31131,"href":"https:\/\/comorinemuritoare.ro\/bLOGOS\/wp-json\/wp\/v2\/posts\/10728\/revisions\/31131"}],"wp:attachment":[{"href":"https:\/\/comorinemuritoare.ro\/bLOGOS\/wp-json\/wp\/v2\/media?parent=10728"}],"wp:term":[{"taxonomy":"category","embeddable":true,"href":"https:\/\/comorinemuritoare.ro\/bLOGOS\/wp-json\/wp\/v2\/categories?post=10728"},{"taxonomy":"post_tag","embeddable":true,"href":"https:\/\/comorinemuritoare.ro\/bLOGOS\/wp-json\/wp\/v2\/tags?post=10728"}],"curies":[{"name":"wp","href":"https:\/\/api.w.org\/{rel}","templated":true}]}}