{"id":10843,"date":"2012-06-20T17:33:49","date_gmt":"2012-06-20T20:33:49","guid":{"rendered":"http:\/\/comorinemuritoare.ro\/bLOGOS\/?p=10843"},"modified":"2012-06-20T17:34:43","modified_gmt":"2012-06-20T20:34:43","slug":"acest-om-mare-sfarseste-nu-in-declin-ci-in-apogeu-nu-la-minim-ci-la-maxim","status":"publish","type":"post","link":"https:\/\/comorinemuritoare.ro\/bLOGOS\/acest-om-mare-sfarseste-nu-in-declin-ci-in-apogeu-nu-la-minim-ci-la-maxim\/","title":{"rendered":"Acest om mare sf\u00e2rse\u015fte nu \u00een declin, ci \u00een apogeu, nu la minim, ci la maxim"},"content":{"rendered":"<p><em>O parte din vorbirea fratelui <strong>Mircea Andronic<\/strong> din Bac\u0103u la \u00eenmorm\u00e2ntarea fratelui Traian Dorz (23 iunie 1989)<\/em><\/p>\n<p style=\"text-align: justify;\"><a href=\"http:\/\/comorinemuritoare.ro\/bLOGOS\/wp-content\/uploads\/2012\/06\/M-Andronic.jpg\"><img loading=\"lazy\" decoding=\"async\" class=\"alignright size-full wp-image-10844\" title=\"M-Andronic\" src=\"http:\/\/comorinemuritoare.ro\/bLOGOS\/wp-content\/uploads\/2012\/06\/M-Andronic.jpg\" alt=\"\" width=\"150\" height=\"208\" \/><\/a>\u00cen numele Tat\u0103lui \u015fi al Fiului \u015fi al Sf\u00e2ntului Duh, amin! Sl\u0103vit s\u0103 fie Domnul!<br \/>\n\u201cDar de ce a\u0163i ie\u015fit? S\u0103 vede\u0163i un om \u00eembr\u0103cat \u00een haine moi? Iat\u0103, cei ce poart\u0103 haine moi sunt \u00een casele regilor. Atunci de ce-a\u0163i ie\u015fit? S\u0103 vede\u0163i un prooroc? Da, zic vou\u0103, \u015fi mai mult dec\u00e2t un prooroc.\u201d (<em>Mt.<\/em> 11, 8-9).<br \/>\n\u00centristat\u0103 \u015fi fericit\u0103 adunare, scumpi fra\u0163i \u015fi iubite surori \u00een Domnul, m\u0103 simt nevrednic s\u0103 rostesc aceste c\u00e2teva cuvinte aici, dar nu pot, mai ales la \u00eendemnul fra\u0163ilor, s\u0103 nu spun \u015fi eu durerea \u015fi fericirea din momentul de fa\u0163\u0103. \u00cen primul r\u00e2nd, \u0163in s\u0103 spun c\u0103 noi, copiii, pe vremea c\u00e2nd eram de\u00a0\u00a0 v\u00e2rst\u0103 \u015fcolar\u0103, prin anii grei ai foametei din 1947, am fost nu numai suflete\u015fte, c\u0103ci nu \u00een\u0163elegeam prea mult, dar \u015fi trupe\u015fte, am fost \u00eengriji\u0163i aici timp de o var\u0103, \u00een aceast\u0103 cas\u0103, \u00een aceast\u0103 curte, pe timpul foametei, c\u00e2nd ni s-a \u00eentins o m\u00e2n\u0103 de ajutor nou\u0103, moldovenilor, care o duceam mai greu atunci. Recuno\u015ftin\u0163a noastr\u0103 este cu at\u00e2t mai mare \u015fi a mea personal pentru acest mare om al lui Dumnezeu, pentru acest titan.<\/p>\n<p style=\"text-align: justify;\">Dup\u0103 cum s-a spus, este uma\u015ful vrednic al scumpului nostru p\u0103rinte Iosif. Dac\u0103 p\u0103rintele Iosif a aprins focul \u015fi a luptat 15 ani, fratelui Traian\u00a0\u00a0\u00a0\u00a0 i-au revenit peste 50 de ani s\u0103 poarte greul men\u0163inerii acestui foc, al \u00eentre\u0163inerii. Nu \u015ftim ce este mai greu s\u0103 aprinzi un foc sau s\u0103-l \u00eentre\u0163ii. De multe ori, aprinderea focului este o chestiune mai spectaculoas\u0103, mai atractiv\u0103, dec\u00e2t men\u0163inerea lui care se face discret \u015fi cu osteneal\u0103 \u015fi continuitate. Dumnezeu s\u0103-l r\u0103spl\u0103teasc\u0103 pentru 50 de ani de credincio\u015fie! Din momentul c\u00e2nd s-a n\u0103scut la Domnul, s-a n\u0103scut din nou \u015fi ne-a l\u0103sat o pild\u0103 vie.<!--more--><\/p>\n<p style=\"text-align: justify;\">Principalele coordonate ale vie\u0163ii lui, foarte pe scurt, a\u015fa cum am reu\u015fit s\u0103 mi le notez pe scurt \u015fi s\u0103 le re\u0163in au fost: omul credin\u0163ei des\u0103v\u00e2r\u015fite, omul rug\u0103ciunii, omul c\u00e2nt\u0103rii \u015fi poeziei, omul datoriei, r\u0103spunderii, c\u0103ci nu s-a dat niciodat\u0103 la o parte de la r\u0103spundere, a fost omul jetfei \u015fi omul pild\u0103 vremii pentru urma\u015fi \u015fi dac\u0103 ad\u0103ug\u0103m la acestea o \u00eencununare a tuturor smerenia lui des\u0103v\u00e2r\u015fit\u0103, modestia lui \u00een \u0163inut\u0103 \u00een vorbire, f\u0103r\u0103 s\u0103 recurg\u0103 la cuvinte alese, sofisticate \u015fi s\u0103 dea citate din cine \u015ftie ce filosofi sau oameni, nu c\u0103 nu a citit c\u0103 a fost foarte citit, dar a dat prioritate Cuv\u00e2ntului lui Dumnezeu. A fost un autodidact des\u0103v\u00e2r\u015fit, un geniu inegalabil \u00een privin\u0163a aceasta. Dumnezeu \u00eei va r\u0103spl\u0103ti.<\/p>\n<p style=\"text-align: justify;\">Nu pot s\u0103 nu citez una din poeziile lui care m-a impresionat deosebit \u015fi care ar merita s\u0103 se spun\u0103 acum, la plecarea lui : \u201eA\u015f vrea ca-n focul unic de-aprins \u015fi uria\u015f \/ al Dragostei \u015fi Jertfei la cea mai \u00b4nalt\u0103 par\u0103 \/ s\u0103-mi pot topi fiin\u0163a, p\u00e2n\u00b4 la a fi p\u0103rta\u015f \/ des\u0103v\u00e2r\u015fit de una cu tot ce o s\u0103 m\u0103 cear\u0103 (\u2026).\u201d Scumpii mei, cred c\u0103 nu e \u00eent\u00e2mpl\u0103tor momentul acesta, na\u015fterea lui, s\u0103rb\u0103toarea Na\u015fterii Domnului, plecarea lui, \u00een preajma momentului Rusaliilor \u015fi a Sfintei Treimi \u2013 s\u0103rb\u0103tori de o importan\u0163\u0103 cov\u00e2r\u015fitoare pentru Biserica Cre\u015ftin\u0103. Nu este \u00eent\u00e2mpl\u0103tor faptul c\u0103 s-a n\u0103scut la solsti\u0163iul de iarn\u0103 \u015fi \u015fi-a \u00eencheiat via\u0163a la solsti\u0163iul de var\u0103. A venit pe lume c\u00e2nd era noaptea cea mai ad\u00e2nc\u0103 \u015fi ziua cea mai mic\u0103, dar a plecat cu ziua cea mai mare \u015fi noaptea cea mai mic\u0103 din an. Semnificativ! V\u0103 rog s\u0103 re\u0163ine\u0163i! De cum am auzit c\u0103 s-a \u00eent\u00e2mplat lucrul acesta, am zis c\u0103 \u00eel voi spune. Mul\u0163umesc lui Dumnezeu c\u0103 a \u00eemplinti aceast\u0103 zi minunat\u0103 care s\u0103 ne vorbeasc\u0103 despre acest om mare care sf\u00e2rse\u015fte nu \u00een declin, ci \u00een apogeu, nu la minim, ci la maxim.<\/p>\n<p style=\"text-align: justify;\">\u00cen poezia aceasta, versurile acestea m-au impresionat deosebit: \u201eO Doamne, f\u0103 s\u0103 ard\u0103 a\u015fa p\u00e2n\u00b4 la sf\u00e2r\u015fit \/ \u015fi s\u0103 se-mpart\u0103 darnic cu dragoste \u015fi toat\u0103, \/ iar c\u00e2nd n-o s\u0103 mai aib\u0103 nimic ned\u0103ruit \/ atuncea s\u0103 se sting\u0103 puternic dintr-odat\u0103. A\u015fa s-a stins puternic dintr-odat\u0103.\u201d A fost plin de via\u0163\u0103, plin de vitalitate p\u00e2n\u0103 \u00een ultimul moment. \u015etim foarte bine calendarul e plin de sfin\u0163i tineri. Domnul Iisus a sf\u00e2r\u015fit \u015fi El \u00een culmea poten\u0163ei Lui fizice \u015fi intelectuale, la 33 de ani \u015fi jum\u0103tate. P\u0103rintele Iosif a sf\u00e2r\u015fit la fel, de\u015fi trupe\u015fte era istovit de at\u00e2tea opera\u0163ii, suflete\u015fte era la o \u00een\u0103l\u0163ime maxim\u0103. A\u015fa s-a \u00eent\u00e2mplat \u015fi cu scumpul nostru frate Traian care a sf\u00e2r\u015fit via\u0163a \u00een culmea puterii lui spirituale. De\u015fi trupe\u015fte era istovit, suflete\u015fte era plin de putere \u015fi t\u00e2n\u0103r, dovad\u0103 c\u0103 era \u00eenonjurat tot timpul de tineri, dar nimeni nu s-a sim\u0163it \u00een preajma lui b\u0103tr\u00e2n, din contr\u0103 s-au sim\u0163it to\u0163i tineri, iar tinerii au avut o deosebit\u0103 pl\u0103cere s\u0103 \u00eel \u00eenconjoare. El a fost mereu t\u00e2n\u0103r, din punct de vedere sufletesc.<\/p>\n<p style=\"text-align: justify;\">A l\u0103sat o oper\u0103 nemuritoare, a c\u00e2ntat numai pentru Iisus. Dac\u0103 ar fi c\u00e2ntat \u015fi pentru lume c\u00e2t de c\u00e2t, poate ar fi fost recunoscut \u015fi de lume, dar el n-a \u015ftiut dec\u00e2t una singur\u0103 \u015fi l-a slujit pe Domnul. A luptat \u00eens\u0103 pentru unitatea lucr\u0103rii, pentru unitatea acestei mi\u015fc\u0103ri, pornit\u0103 \u00een Biserica noastr\u0103, spre binele nostru social \u015fi na\u0163ional. \u015ei dac\u0103 a luptat \u00een interior pentru unitatea lucr\u0103rii, \u00een exterior a luptat pentru justificarea ei at\u00e2t \u00een fa\u0163a Bisericii, \u00een care a c\u0103utat s\u0103 arate c\u0103 de fapt Oastea Domnului nu este Biseric\u0103 \u00een Biseric\u0103, nu este stat \u00een stat, ci Oastea Domnului este m\u0103dular s\u0103n\u0103tos al Bisericii noastre. \u00cen acela\u015fi timp, el a c\u0103utat s\u0103 se justifice \u015fi fa\u0163\u0103 de lume, \u00eendemn\u00e2ndu-ne la o via\u0163\u0103 frumoas\u0103, corect\u0103, demn\u0103. (&#8230;)<a href=\"#_ftn1\"><sup><sup>[1]<\/sup><\/sup><\/a><\/p>\n<p style=\"text-align: justify;\">\n<hr size=\"1\" \/><a href=\"#_ftnref1\">[1]<\/a>Partea final\u0103 lipse\u015fte de pe \u00eenregistrare.<\/p>\n","protected":false},"excerpt":{"rendered":"<p>O parte din vorbirea fratelui Mircea Andronic din Bac\u0103u la \u00eenmorm\u00e2ntarea fratelui Traian Dorz (23 iunie 1989) \u00cen numele Tat\u0103lui \u015fi al Fiului \u015fi al Sf\u00e2ntului Duh, amin! Sl\u0103vit s\u0103 fie Domnul! \u201cDar de ce a\u0163i ie\u015fit? S\u0103 vede\u0163i un om \u00eembr\u0103cat \u00een haine moi? Iat\u0103, cei ce poart\u0103 haine moi sunt \u00een casele regilor.&nbsp;<\/p>\n<p><a class=\"btn btn-style\" href=\"https:\/\/comorinemuritoare.ro\/bLOGOS\/acest-om-mare-sfarseste-nu-in-declin-ci-in-apogeu-nu-la-minim-ci-la-maxim\/\">Continue Reading&#8230;<\/a><\/p>\n","protected":false},"author":1,"featured_media":0,"comment_status":"open","ping_status":"open","sticky":false,"template":"","format":"standard","meta":{"footnotes":""},"categories":[590],"tags":[],"class_list":["post-10843","post","type-post","status-publish","format-standard","hentry","category-vorbiri"],"_links":{"self":[{"href":"https:\/\/comorinemuritoare.ro\/bLOGOS\/wp-json\/wp\/v2\/posts\/10843","targetHints":{"allow":["GET"]}}],"collection":[{"href":"https:\/\/comorinemuritoare.ro\/bLOGOS\/wp-json\/wp\/v2\/posts"}],"about":[{"href":"https:\/\/comorinemuritoare.ro\/bLOGOS\/wp-json\/wp\/v2\/types\/post"}],"author":[{"embeddable":true,"href":"https:\/\/comorinemuritoare.ro\/bLOGOS\/wp-json\/wp\/v2\/users\/1"}],"replies":[{"embeddable":true,"href":"https:\/\/comorinemuritoare.ro\/bLOGOS\/wp-json\/wp\/v2\/comments?post=10843"}],"version-history":[{"count":0,"href":"https:\/\/comorinemuritoare.ro\/bLOGOS\/wp-json\/wp\/v2\/posts\/10843\/revisions"}],"wp:attachment":[{"href":"https:\/\/comorinemuritoare.ro\/bLOGOS\/wp-json\/wp\/v2\/media?parent=10843"}],"wp:term":[{"taxonomy":"category","embeddable":true,"href":"https:\/\/comorinemuritoare.ro\/bLOGOS\/wp-json\/wp\/v2\/categories?post=10843"},{"taxonomy":"post_tag","embeddable":true,"href":"https:\/\/comorinemuritoare.ro\/bLOGOS\/wp-json\/wp\/v2\/tags?post=10843"}],"curies":[{"name":"wp","href":"https:\/\/api.w.org\/{rel}","templated":true}]}}