{"id":10921,"date":"2012-06-28T16:45:49","date_gmt":"2012-06-28T19:45:49","guid":{"rendered":"http:\/\/comorinemuritoare.ro\/bLOGOS\/?p=10921"},"modified":"2012-06-28T17:02:28","modified_gmt":"2012-06-28T20:02:28","slug":"iisuse-mergi-cu-mine","status":"publish","type":"post","link":"https:\/\/comorinemuritoare.ro\/bLOGOS\/iisuse-mergi-cu-mine\/","title":{"rendered":"IISUSE, MERGI CU MINE"},"content":{"rendered":"<p><a href=\"http:\/\/comorinemuritoare.ro\/bLOGOS\/wp-content\/uploads\/2012\/06\/Iisus-cu-ucenicii-166.jpg\"><img loading=\"lazy\" decoding=\"async\" class=\"alignright size-full wp-image-10922\" title=\"Iisus-cu-ucenicii-166\" src=\"http:\/\/comorinemuritoare.ro\/bLOGOS\/wp-content\/uploads\/2012\/06\/Iisus-cu-ucenicii-166.jpg\" alt=\"\" width=\"294\" height=\"356\" \/><\/a>Iisuse, mergi cu mine pe-oriunde m\u0103 trimi\u0163i,<br \/>\natunci \u015fi eu, oriunde, m\u0103 duc cu voie bun\u0103<br \/>\n\u015fi tot de-acela\u015fi Laz\u0103r vom fi-am\u00e2ndoi primi\u0163i,<br \/>\n\u015fi tot de-acela\u015fi Iuda v\u00e2ndu\u0163i vom fi-mpreun\u0103!<\/p>\n<p>Ce fericit, Iisuse, voi sta de veghe c\u00e2nd<br \/>\nTu, obosit, \u00een luntre, vei adormi vreodat\u0103,<br \/>\nnu m-ar clinti nici v\u00e2ntul, nici marea spumeg\u00e2nd,<br \/>\nc\u0103ci luntrea cea cu Tine e-n veci nescufundat\u0103.<\/p>\n<p>Frumoasa mea comoar\u0103 e-aceea din ascuns<br \/>\nce-am str\u00e2ns-o-n p\u00e2inea dat\u0103 la mai fl\u0103m\u00e2nzi ca mine,<br \/>\noc\u0103rile nedrepte pl\u0103tite-ar fi-ndeajuns<br \/>\nprin sf\u00e2nta fericire c\u0103 suf\u0103r l\u00e2ng\u0103 Tine.<\/p>\n<p>Iisus, mergi mai cu mine atunci c\u00e2nd merg lovit<br \/>\n\u015fi stai mai l\u00e2ng\u0103 mine c\u00e2nd stau pe rug de par\u0103,<br \/>\ns\u0103 nu port alt\u0103 vin\u0103 dec\u00e2t c\u0103 Te-am iubit,<br \/>\nnici alt\u0103 ap\u0103sare, dec\u00e2t a Ta povar\u0103!<\/p>\n<p>Cu Tine-mi trece iarna mai iute ca o zi<br \/>\n\u015fi-mi zboar\u0103 ca un sunet to\u0163i anii de furtun\u0103,<br \/>\n\u015fi vine Ve\u015fnicia \u00een care vom pr\u00e2nzi<br \/>\nsub steaguri \u015fi sub raze, cu \u00eengerii-mpreun\u0103! <em><strong>(<\/strong><\/em><strong><em>Traian DORZ)<\/em><\/strong><\/p>\n","protected":false},"excerpt":{"rendered":"<p>Iisuse, mergi cu mine pe-oriunde m\u0103 trimi\u0163i, atunci \u015fi eu, oriunde, m\u0103 duc cu voie bun\u0103 \u015fi tot de-acela\u015fi Laz\u0103r vom fi-am\u00e2ndoi primi\u0163i, \u015fi tot de-acela\u015fi Iuda v\u00e2ndu\u0163i vom fi-mpreun\u0103! Ce fericit, Iisuse, voi sta de veghe c\u00e2nd Tu, obosit, \u00een luntre, vei adormi vreodat\u0103, nu m-ar clinti nici v\u00e2ntul, nici marea spumeg\u00e2nd, c\u0103ci luntrea&nbsp;<\/p>\n<p><a class=\"btn btn-style\" href=\"https:\/\/comorinemuritoare.ro\/bLOGOS\/iisuse-mergi-cu-mine\/\">Continue Reading&#8230;<\/a><\/p>\n","protected":false},"author":1,"featured_media":0,"comment_status":"open","ping_status":"open","sticky":false,"template":"","format":"standard","meta":{"footnotes":""},"categories":[4],"tags":[],"class_list":["post-10921","post","type-post","status-publish","format-standard","hentry","category-poezii"],"_links":{"self":[{"href":"https:\/\/comorinemuritoare.ro\/bLOGOS\/wp-json\/wp\/v2\/posts\/10921","targetHints":{"allow":["GET"]}}],"collection":[{"href":"https:\/\/comorinemuritoare.ro\/bLOGOS\/wp-json\/wp\/v2\/posts"}],"about":[{"href":"https:\/\/comorinemuritoare.ro\/bLOGOS\/wp-json\/wp\/v2\/types\/post"}],"author":[{"embeddable":true,"href":"https:\/\/comorinemuritoare.ro\/bLOGOS\/wp-json\/wp\/v2\/users\/1"}],"replies":[{"embeddable":true,"href":"https:\/\/comorinemuritoare.ro\/bLOGOS\/wp-json\/wp\/v2\/comments?post=10921"}],"version-history":[{"count":0,"href":"https:\/\/comorinemuritoare.ro\/bLOGOS\/wp-json\/wp\/v2\/posts\/10921\/revisions"}],"wp:attachment":[{"href":"https:\/\/comorinemuritoare.ro\/bLOGOS\/wp-json\/wp\/v2\/media?parent=10921"}],"wp:term":[{"taxonomy":"category","embeddable":true,"href":"https:\/\/comorinemuritoare.ro\/bLOGOS\/wp-json\/wp\/v2\/categories?post=10921"},{"taxonomy":"post_tag","embeddable":true,"href":"https:\/\/comorinemuritoare.ro\/bLOGOS\/wp-json\/wp\/v2\/tags?post=10921"}],"curies":[{"name":"wp","href":"https:\/\/api.w.org\/{rel}","templated":true}]}}