{"id":11378,"date":"2012-08-05T17:56:26","date_gmt":"2012-08-05T20:56:26","guid":{"rendered":"http:\/\/comorinemuritoare.ro\/bLOGOS\/?p=11378"},"modified":"2012-08-06T15:07:12","modified_gmt":"2012-08-06T18:07:12","slug":"marasti%e2%80%a6-oituz%e2%80%a6-marasesti-%e2%80%93-triunghiul-mortii-si-al-biruintei","status":"publish","type":"post","link":"https:\/\/comorinemuritoare.ro\/bLOGOS\/marasti%e2%80%a6-oituz%e2%80%a6-marasesti-%e2%80%93-triunghiul-mortii-si-al-biruintei\/","title":{"rendered":"M\u0103r\u0103\u015fe\u015fti, M\u0103r\u0103\u015fti, Oituz \u2013 Triunghiul mor\u0163ii \u015fi al biruin\u0163ei"},"content":{"rendered":"<p><a href=\"http:\/\/comorinemuritoare.ro\/bLOGOS\/wp-content\/uploads\/2012\/08\/Mausoleul-de-la-Marasesti-630x472.jpg\"><img loading=\"lazy\" decoding=\"async\" class=\"aligncenter size-full wp-image-11404\" title=\"Mausoleul-de-la-Marasesti-630x472\" src=\"http:\/\/comorinemuritoare.ro\/bLOGOS\/wp-content\/uploads\/2012\/08\/Mausoleul-de-la-Marasesti-630x472.jpg\" alt=\"\" width=\"630\" height=\"472\" srcset=\"https:\/\/comorinemuritoare.ro\/bLOGOS\/wp-content\/uploads\/2012\/08\/Mausoleul-de-la-Marasesti-630x472.jpg 630w, https:\/\/comorinemuritoare.ro\/bLOGOS\/wp-content\/uploads\/2012\/08\/Mausoleul-de-la-Marasesti-630x472-300x224.jpg 300w\" sizes=\"auto, (max-width: 630px) 100vw, 630px\" \/><\/a><\/p>\n<p>Ziua de 6 august este pentru noi, rom\u00e2nii, de dou\u0103 ori s\u0103rb\u0103toare. Cinstim cu evlavie nu numai Schimbarea la Fa\u0163\u0103 a M\u00e2ntuitorului, care ne-a dovedit cu t\u0103rie dumnezeirea Lui pe Muntele Taborului \u015fi care ne-a l\u0103sat s\u0103 \u00eentrevedem tainica frumuse\u0163e a comuniunii divine, ci, iat\u0103, \u00een 1917, ziua de 6 august devine una dintre m\u0103re\u0163ele zile ale istoriei neamului nostru.<br \/>\nA\u015fa cum odinioar\u0103 un Glas divin str\u0103pungea cerul \u015fi veacurile, spun\u00e2nd: \u201eAcesta este Fiul Meu\u201c, la fel \u015fi \u00een 1917 \u2013 zi pe c\u00e2t de \u00eentunecat\u0103, pe at\u00e2t de luminoas\u0103 \u2013 un alt glas se auzea printre gloan\u0163e: \u201ePe aici nu se trece!\u201c.<br \/>\nZi \u00eentunecat\u0103 prin moartea tuturor. Prin jertfa deplin\u0103. \u015ei luminopas\u0103 prin biruin\u0163\u0103.<br \/>\nC\u0103pitanul Grigore Ignat cu o sut\u0103 cincizeci de solda\u0163i reu\u015fi s\u0103 opreasc\u0103 bombardamentul artileriei du\u015fmane, care de o zi \u015fi o noapte nu mai contenea focul.<br \/>\nDup\u0103 ce c\u0103zuser\u0103 cei mai mul\u0163i dintre ei, c\u0103pitanul ordon\u0103 s\u0103 se ridice \u00een pozi\u0163ie de tragere to\u0163i mor\u0163ii&#8230; Mitralierele din m\u00e2inile \u00eencle\u015ftate pe tr\u0103gaci ale solda\u0163ilor mor\u0163i \u0163ineau du\u015fmanul la distan\u0163\u0103.  Viii \u015fi mor\u0163ii luptau deopotriv\u0103&#8230; \u0162evile mitralierelor se \u00eenro\u015fiser\u0103.<br \/>\nNici sublocotenentul german care comanda opera\u0163iunile din zon\u0103 nu \u00een\u0163elegea cum de trage \u00een tran\u015feea rom\u00e2n\u0103 de o zi \u00eentreag\u0103 \u015fi nimeni nu se mi\u015fc\u0103 din pozi\u0163ie. Nu pricepea c\u0103 tragea \u00een ni\u015fte solda\u0163i mor\u0163i deja.<!--more--><br \/>\nUn glonte \u00eel atinge grav \u015fi pe c\u0103pitanul Ignat, care r\u0103m\u0103sese singur \u00een \u00eencercarea peste puteri de a opri inamicul..<br \/>\nCu degetul str\u00e2ns pe tragaci, muri \u015fi el&#8230; mitraliera lui secer\u00e2nd \u00eenc\u0103 mul\u0163i du\u015fmani, p\u00e2n\u0103 la ultimul cartu\u015f, de\u015fi nici el nu mai era viu de destul\u0103 vreme.<br \/>\nTo\u0163i erau mor\u0163i, dar lupta continua&#8230; \u00cenc\u0103 nu se terminaser\u0103 gloan\u0163ele din mitraliere&#8230; Mor\u0163ii ap\u0103rau tran\u015feea.<br \/>\nGeneralului Prezan, care comanda opera\u0163iunea \u00een tran\u015feea rom\u00e2n\u0103, trimise un curier s\u0103 anun\u0163e retragerea&#8230; Du\u015fmanul fusese oprit din \u00eenaintarea sa. \u00cengrozit, curierul alerg\u0103 s\u0103-\u015fi anun\u0163e comandantul c\u0103 nu mai are cine s\u0103 se retrag\u0103. To\u0163i sunt mor\u0163i.<br \/>\nCum  nu mai e nimeni viu ? Generalul, prin binoclu, vedea \u00eenc\u0103 lupt\u0103 cr\u00e2ncen\u0103 jos, \u00een tran\u015fee.<br \/>\nO sut\u0103 cincizeci de solda\u0163i au luptat viteje\u015fte \u015fi dup\u0103 moarte, pentru biruin\u0163\u0103, \u00een P\u0103durea R\u0103zoare, reu\u015find s\u0103 blocheze atacurile nem\u0163ilor pe direc\u0163ia M\u0103r\u0103\u015fe\u015fti.<br \/>\nB\u0103t\u0103lia de la M\u0103r\u0103\u015fe\u015fti reprezint\u0103 cea mai mare \u015fi mai \u00eensemnat\u0103 victorie a armatei rom\u00e2ne din timpul primului r\u0103zboi mondial.<br \/>\nM\u0103re\u0163e biruin\u0163e!&#8230;<br \/>\n(Sfin\u0163i ap\u0103r\u0103tori!&#8230; Lupta nu s-a sf\u00e2r\u015fit. \u015ei azi avem nevoie de voi. Du\u015fmanul diavol este \u015fi mai crut. Voi unde a\u0163i \u00eenv\u0103\u0163at s\u0103 lupta\u0163i a\u015fa?)<\/p>\n","protected":false},"excerpt":{"rendered":"<p>Ziua de 6 august este pentru noi, rom\u00e2nii, de dou\u0103 ori s\u0103rb\u0103toare. Cinstim cu evlavie nu numai Schimbarea la Fa\u0163\u0103 a M\u00e2ntuitorului, care ne-a dovedit cu t\u0103rie dumnezeirea Lui pe Muntele Taborului \u015fi care ne-a l\u0103sat s\u0103 \u00eentrevedem tainica frumuse\u0163e a comuniunii divine, ci, iat\u0103, \u00een 1917, ziua de 6 august devine una dintre m\u0103re\u0163ele&nbsp;<\/p>\n<p><a class=\"btn btn-style\" href=\"https:\/\/comorinemuritoare.ro\/bLOGOS\/marasti%e2%80%a6-oituz%e2%80%a6-marasesti-%e2%80%93-triunghiul-mortii-si-al-biruintei\/\">Continue Reading&#8230;<\/a><\/p>\n","protected":false},"author":1,"featured_media":0,"comment_status":"open","ping_status":"open","sticky":false,"template":"","format":"standard","meta":{"footnotes":""},"categories":[1],"tags":[],"class_list":["post-11378","post","type-post","status-publish","format-standard","hentry","category-editorial"],"_links":{"self":[{"href":"https:\/\/comorinemuritoare.ro\/bLOGOS\/wp-json\/wp\/v2\/posts\/11378","targetHints":{"allow":["GET"]}}],"collection":[{"href":"https:\/\/comorinemuritoare.ro\/bLOGOS\/wp-json\/wp\/v2\/posts"}],"about":[{"href":"https:\/\/comorinemuritoare.ro\/bLOGOS\/wp-json\/wp\/v2\/types\/post"}],"author":[{"embeddable":true,"href":"https:\/\/comorinemuritoare.ro\/bLOGOS\/wp-json\/wp\/v2\/users\/1"}],"replies":[{"embeddable":true,"href":"https:\/\/comorinemuritoare.ro\/bLOGOS\/wp-json\/wp\/v2\/comments?post=11378"}],"version-history":[{"count":0,"href":"https:\/\/comorinemuritoare.ro\/bLOGOS\/wp-json\/wp\/v2\/posts\/11378\/revisions"}],"wp:attachment":[{"href":"https:\/\/comorinemuritoare.ro\/bLOGOS\/wp-json\/wp\/v2\/media?parent=11378"}],"wp:term":[{"taxonomy":"category","embeddable":true,"href":"https:\/\/comorinemuritoare.ro\/bLOGOS\/wp-json\/wp\/v2\/categories?post=11378"},{"taxonomy":"post_tag","embeddable":true,"href":"https:\/\/comorinemuritoare.ro\/bLOGOS\/wp-json\/wp\/v2\/tags?post=11378"}],"curies":[{"name":"wp","href":"https:\/\/api.w.org\/{rel}","templated":true}]}}