{"id":11688,"date":"2012-09-08T13:11:03","date_gmt":"2012-09-08T16:11:03","guid":{"rendered":"http:\/\/comorinemuritoare.ro\/bLOGOS\/?p=11688"},"modified":"2012-09-08T13:11:43","modified_gmt":"2012-09-08T16:11:43","slug":"%e2%80%9ecine-nu-se-naste-din-apa-si-din-duh%e2%80%9d","status":"publish","type":"post","link":"https:\/\/comorinemuritoare.ro\/bLOGOS\/%e2%80%9ecine-nu-se-naste-din-apa-si-din-duh%e2%80%9d\/","title":{"rendered":"[\u201eCine nu se na\u015fte din ap\u0103 \u015fi din Duh\u201d]"},"content":{"rendered":"<p style=\"text-align: justify;\"><em>Fragment din vorbirea fratelui <strong>Popa Petru<\/strong> (Batiz) la nunta de la Cei\u015foara \u2013 duminic\u0103, 30 iunie 1974<\/em><\/p>\n<p style=\"text-align: justify;\"><a href=\"http:\/\/comorinemuritoare.ro\/bLOGOS\/wp-content\/uploads\/2012\/09\/Iisus-Nicodim-5.jpg\"><img loading=\"lazy\" decoding=\"async\" class=\"alignleft size-full wp-image-11689\" title=\"Iisus-Nicodim-5\" src=\"http:\/\/comorinemuritoare.ro\/bLOGOS\/wp-content\/uploads\/2012\/09\/Iisus-Nicodim-5.jpg\" alt=\"\" width=\"375\" height=\"400\" srcset=\"https:\/\/comorinemuritoare.ro\/bLOGOS\/wp-content\/uploads\/2012\/09\/Iisus-Nicodim-5.jpg 450w, https:\/\/comorinemuritoare.ro\/bLOGOS\/wp-content\/uploads\/2012\/09\/Iisus-Nicodim-5-281x300.jpg 281w\" sizes=\"auto, (max-width: 375px) 100vw, 375px\" \/><\/a>Spunea un frate mai \u00eenainte aici c\u0103, dac\u0103 nu se na\u015fte cineva din nou, nu va putea vedea \u00cemp\u0103r\u0103\u0163ia lui Dumnezeu \u015fi nu o va putea mo\u015fteni.<br \/>\nBie\u0163ii oameni&#8230; Fra\u0163ii mei dragi, m\u0103 tem s\u0103 nu fie \u015fi printre noi din aceia care se fr\u0103m\u00e2nt\u0103 mereu cu na\u015fterea din nou \u015fi dau diferite defini\u0163ii, cum c\u0103 ar spune la Marcu 16, 16 c\u0103 \u201ebotezul ar fi na\u015fterea din nou\u201d. Dar Domnul \u00eei arat\u0103 lui Nicodim: \u201eCine nu se na\u015fte din ap\u0103 \u015fi din Duh\u201d. O, \u201elitera\u201d aceasta&#8230; Domnul Iisus a vorbit despre un lucru material, ca s\u0103 putem \u00een\u0163elege tainele Lui. De ce crede\u0163i c\u0103 a f\u0103cut \u00eenmul\u0163irea p\u00e2inilor?<\/p>\n<p style=\"text-align: justify;\">Apostolul \u015fi Evanghelistul Ioan ne vorbe\u015fte cu multe am\u0103nunte despre minunea aceasta a \u00eenmul\u0163irii p\u00e2inilor, pentru c\u0103 vrea s\u0103 ne arate nou\u0103 oamenilor \u00een mod p\u0103m\u00e2ntesc, c\u0103 noi nu-L putem \u00een\u0163elege altfel. Pentru aceasta, \u015fi Domnul le spune celor ce \u00cei cereau semne \u015fi minuni: \u201eUn neam preacurvar cere semne \u015fi minuni, dar nu i se va da\u201d.<\/p>\n<p style=\"text-align: justify;\">Minunile, fra\u0163ilor dragi, le caut\u0103 oamenii cu at\u00e2ta nesa\u0163.<br \/>\nZilele trecute \u00eemi spunea cineva: \u201eDragul meu, de cinci ani de zile am st\u0103ruit dup\u0103 vorbirea \u00een limbi\u201d. \u015ei atunci i-am spus: \u201eDragul meu, tu \u015ftii c\u0103 Duhul Sf\u00e2nt are nou\u0103 daruri \u015fi darul ultim este vorbirea \u00een limbi, a\u015fa cum arat\u0103 Biblia. Dar Sf\u00e2ntul Apostol n-a \u00eencurajat deloc lucrul acesta, pentru c\u0103 \u015ftia c\u0103, pe parcurs, litera aceasta va putea \u00eenlocui Duhul \u015fi va aduce mult r\u0103u omenirii&#8230;\u201d<br \/>\nDar ace\u015fti oameni r\u0103m\u00e2n la ale lor: c\u0103 na\u015fterea din nou este botezul \u2013 scufundarea \u00een ap\u0103&#8230;<!--more--><\/p>\n<p style=\"text-align: justify;\">Domnul Iisus \u015ftia c\u0103 oamenii nu vor putea fi \u00een stare s\u0103 \u00een\u0163eleag\u0103 na\u015fterea din nou \u015fi de aceea a asem\u0103nat-o \u00een fa\u0163a lui Nicodim, spun\u00e2ndu-i: \u201eV\u00e2ntul sufl\u0103 dincotro vrea \u015fi merge unde vrea; nimeni nu \u00een\u0163elege de unde vine \u015fi unde merge&#8230;\u201d<\/p>\n<p style=\"text-align: justify;\">\u015eti\u0163i fr\u0103\u0163iile voastre de unde vine v\u00e2ntul acesta?<\/p>\n<p style=\"text-align: justify;\">A\u015fa spune Domnul c\u0103 e na\u015fterea din nou. E o lucrare tainic\u0103, fra\u0163ilor dragi. E o lucrare tainic\u0103. Noi putem vedea urm\u0103rile na\u015fterii din nou, dar nu putem vedea de unde vine \u015fi p\u00e2n\u0103 unde merge na\u015fterea din nou.<\/p>\n<p style=\"text-align: justify;\">Ar fi foarte simplu, fra\u0163ii mei, s\u0103 intr\u0103m \u00een ap\u0103 \u015fi s\u0103 ne na\u015ftem din nou; s\u0103 ie\u015fim din ap\u0103 \u015fi s\u0103 spunem: \u201eNe-am n\u0103scut din nou\u201d&#8230;<\/p>\n<p style=\"text-align: justify;\">Este foarte simplu, dup\u0103 mentalitatea unora care sus\u0163in c\u0103 leg\u0103m\u00e2ntul este na\u015fterea din nou. Dar, fra\u0163ilor dragi, te po\u0163i na\u015fte din nou p\u00e2n\u0103 nu mori? \u00cenainte trebuie r\u0103stignirea \u015fi apoi na\u015fterea din nou. \u00cenainte trebuie ca omul cel vechi s\u0103 fie dezbr\u0103cat de putere. Ca omul cel vechi s\u0103 fie r\u0103stignit \u00eempreun\u0103 cu Hristos; apoi se poate na\u015fte din nou.<\/p>\n<p style=\"text-align: justify;\">Deci na\u015fterea din nou este o lucrare tainic\u0103, este lucrarea Duhului. \u015ei dac\u0103 noi nu vom fi \u00een leg\u0103tur\u0103 cu Duhul lui Dumnezeu, nu vom putea \u00een\u0163elege aceast\u0103 na\u015ftere binecuv\u00e2ntat\u0103. O spunem aceasta din durere, fra\u0163ilor, pentru c\u0103 vedem c\u0103ma\u015fa lui Hristos sf\u00e2\u015fiat\u0103 de oameni pretin\u015fi credincio\u015fi. Nici popoarele p\u0103g\u00e2ne, romanii, n-au \u00eendr\u0103znit s\u0103 rup\u0103 c\u0103ma\u015fa lui Hristos. \u015ei ast\u0103zi c\u0103ma\u015fa lui Hristos, c\u0103ma\u015fa unit\u0103\u0163ii lui Hristos o rup oamenii cei pretin\u015fi credincio\u015fi. Poate c\u0103 n-ar fi momentul s\u0103 o spun aici, \u00eens\u0103 ne doare inima, pentru c\u0103 at\u00e2tea curente str\u0103ine trag de Cuv\u00e2ntul lui Dumnezeu&#8230; Fac din el un zid, ca s\u0103 se lupte cu el, fac certuri de partide \u015fi fac chiar partide, ca s\u0103 aduc\u0103 def\u0103imare Cuv\u00e2ntului lui Dumnezeu. \u015ei pe bun\u0103 dreptate se \u00eentreab\u0103 oamenii din lume: \u201eAtunci care este credin\u0163a cea bun\u0103? C\u0103 to\u0163i spune\u0163i c\u0103 credin\u0163a voastr\u0103 e cea mai bun\u0103, fiecare spune de a lui&#8230;\u201d<\/p>\n<p style=\"text-align: justify;\">Am amintit \u015fi asear\u0103, fra\u0163ilor dragi, c\u0103 noi niciodat\u0103 nu am chemat oamenii la noi, n-am chemat \u00een aceast\u0103 Lucrare oamenii. Am chemat oamenii a\u015fa cum arat\u0103 Cuv\u00e2ntul lui Dumnezeu, cum spune Domnul Iisus: \u201eVeni\u0163i la Mine voi, cei osteni\u0163i \u015fi \u00eempov\u0103ra\u0163i&#8230;\u201d Noi am chemat sufletele la Hristos \u015fi le vom chema totdeauna. Fra\u0163ilor, nu ne urma\u0163i pe noi, nu v\u0103 uita\u0163i la noi, c\u0103 noi suntem slabi \u015fi m\u00e2ine putem c\u0103dea. Am avut \u015fi fra\u0163i de valoare \u00een Lucrarea aceasta, pe care-i \u015fti\u0163i \u015fi fr\u0103\u0163iile voastre, \u015fi ast\u0103zi numai numele le mai merge c\u0103 tr\u0103iesc, dar sunt mor\u0163i. \u015ei Sf\u00e2ntul Apostol Pavel spunea \u015fi \u00eent\u0103rea cuv\u00e2ntul acesta galatenilor: \u201eDac\u0103 noi \u00een\u015fine sau un \u00eenger ar veni s\u0103 v\u0103 vesteasc\u0103 o alt\u0103 Evanghelie, s\u0103 fie anatema\u201d.<\/p>\n<p style=\"text-align: justify;\">Deci nu ne urma\u0163i pe noi, fra\u0163ilor, ci pe Hristos!<\/p>\n<p style=\"text-align: justify;\">Nu v\u0103 uita\u0163i \u00een vie\u0163ile noastre, pentru c\u0103 \u015fi noi avem at\u00e2tea sl\u0103biciuni \u00een vie\u0163ile noastre. Uita\u0163i-v\u0103 la Domnul, la bra\u0163ele Lui deschise, care \u00eei cheam\u0103 pe to\u0163i p\u0103c\u0103to\u015fii s\u0103 vin\u0103 la El, la odihna Lui. Cine \u00cel urmeaz\u0103 pe Hristos merge plin de bucurie pe calea Lui, pe calea m\u00e2ntuirii. Dar cine a urmat lumea, pe oameni, aceia to\u0163i au ajuns la mari dezn\u0103dejdi; pentru c\u0103 au privit la oameni, o dat\u0103 cu c\u0103derea oamenilor, s-au f\u0103cut mari pr\u0103bu\u015firi \u00een Biserici \u015fi \u00een at\u00e2tea bisericu\u0163e. C\u0103ci Cuv\u00e2ntul Domnului spune l\u0103murit: \u201eBlestemat s\u0103 fie cel ce se \u00eencrede \u00een om&#8230; cel ce se \u00eencrede \u00eentr-un muritor\u201d.<\/p>\n<p style=\"text-align: justify;\">Fra\u0163ii mei dragi, fra\u0163i lucr\u0103tori, prin satele unde sunte\u0163i pres\u0103ra\u0163i ca s\u0103 fi\u0163i lucr\u0103tori, ocupa\u0163i-v\u0103 mai mult de Cuv\u00e2ntul lui Dumnezeu, hr\u0103ni\u0163i sufletele care sunt dornice dup\u0103 Cuv\u00e2ntul lui Dumnezeu.<\/p>\n<p style=\"text-align: justify;\">V-am amintit unora c\u0103 am luat de cur\u00e2nd parte la o adunare plin\u0103 de lacrimi, de hohote de pl\u00e2ns&#8230; \u015ei cei de-acolo au spus: \u201eFra\u0163ilor, de ani de zile noi nu am mai avut o astfel de adunare&#8230; Noi am avut numai certuri, ne\u00een\u0163elegeri, am avut lucruri nepotrivite.\u201d At\u00e2t de dornici erau dup\u0103 Cuv\u00e2ntul lui Dumnezeu, c\u0103 s-a rev\u0103rsat \u00een hohote \u015fi \u00een lacrimi ploaia Duhului Sf\u00e2nt.<\/p>\n<p style=\"text-align: justify;\">Fra\u0163ilor lucr\u0103tori, v\u0103 fac aten\u0163i asupra unui lucru: \u00een m\u00e2inile fr\u0103\u0163iilor voastre se afl\u0103 sufletele care s-au trezit \u00een satele unde fr\u0103\u0163iile voastre m\u0103rturisi\u0163i Cuv\u00e2ntul lui Dumnezeu. Da\u0163i-v\u0103 bine seama c\u0103 Dumnezeu v-a \u00eencredin\u0163at \u00een m\u00e2ini comori deosebite. Da\u0163i-v\u0103 bine seama c\u0103 ve\u0163i r\u0103spunde \u00een fa\u0163a lui Dumnezeu de hrana duhovniceasc\u0103 pe care o ve\u0163i da turmei lui Hristos. Voi, fra\u0163ilor lucr\u0103tori!&#8230;<\/p>\n<p style=\"text-align: justify;\">Fra\u0163ilor, se cere mai mult\u0103 putere \u00een adunare! Se cere mai mult\u0103 putere \u015fi mai mult\u0103 r\u00e2vn\u0103, se cere mai mult duh \u00een adunare. Nu din tine trebuie s\u0103 predici Cuv\u00e2ntul, ci din Hristos, din dragostea Lui. Fiecare frate lucr\u0103tor trebuie s\u0103 fie o f\u00e2nt\u00e2n\u0103 din a c\u0103rei inim\u0103 s\u0103 \u0163\u00e2\u015fneasc\u0103 r\u00e2uri de ap\u0103 vie. \u015ei Domnul Iisus \u00eentreba: \u201eOare care este ispravnicul care s\u0103 dea hran\u0103 la bun\u0103 vreme?\u201d Suntem noi, sunte\u0163i voi acei ispravnici credincio\u015fi care dau hrana la bun\u0103 vreme? V-a\u015f \u00eentreba, fra\u0163ilor dragi, cum se prezint\u0103 adun\u0103rile fr\u0103\u0163iilor voastre? Dac\u0103 fra\u0163ii sunt mul\u0163umi\u0163i cu \u00eenv\u0103\u0163\u0103tura pe care le-o da\u0163i din Cuv\u00e2ntul Domnului. Dac\u0103 predicile sunt ziditoare \u015fi dac\u0103 vede\u0163i c\u0103 fra\u0163ii sunt s\u0103n\u0103to\u015fi \u015fi cresc. Ce p\u0103rere ave\u0163i acum? Cum sta\u0163i \u00een fa\u0163a acestui Sf\u00e2nt Cuv\u00e2nt al lui Dumnezeu? Ce r\u0103spunde\u0163i?<\/p>\n<p style=\"text-align: justify;\">Nu v\u0103 mul\u0163umi\u0163i numai s\u0103 merge\u0163i \u00eentr-o adunare \u015fi s\u0103 spune\u0163i o predicu\u0163\u0103. Ci mul\u0163umi\u0163i-v\u0103 numai atunci c\u00e2nd vede\u0163i c\u0103 fra\u0163ii cresc \u00een dragoste, cresc \u00een credin\u0163\u0103 \u015fi cresc \u00een n\u0103dejde. Nu te bucura c\u0103 ai un num\u0103r mare de credincio\u015fi pl\u0103titori \u00een biseric\u0103 sau \u00een adunare, ci bucur\u0103-te de cre\u015fterea lor duhovniceasc\u0103. Prea mul\u0163i se bucur\u0103 \u015fi chiar simt pl\u0103cere s\u0103 vorbeasc\u0103 \u00een adun\u0103rile mari&#8230; O, fra\u0163ii mei, e o r\u0103spundere prea mare! Pentru c\u0103 din cuvintele tale vei fi scos f\u0103r\u0103 vin\u0103 \u015fi din cuvintele tale vei fi os\u00e2ndit.<\/p>\n<p style=\"text-align: justify;\">D\u0103-\u0163i seama, frate, c\u0103 pe tine te-a chemat \u00censu\u015fi Dumnezeu, ca s\u0103 fii \u00eempreun\u0103-lucr\u0103tor cu El. Lucrezi tu cu Dumnezeu \u015fi ca Dumnezeu? A\u015fa a lucrat M\u00e2ntuitorul c\u00e2nd a fost pe p\u0103m\u00e2nt, a\u015fa cum lucrezi tu? A\u015fa cum lucrez eu? Mul\u0163umit este Dumnezeu de \u00eenv\u0103\u0163\u0103tura pe care o dai, de dragostea pe care o ar\u0103\u0163i \u015fi de r\u00e2vna pe care o depui pentru cauza lui Dumnezeu?<\/p>\n<p style=\"text-align: justify;\">A\u015fa au tr\u0103it \u00eenainta\u015fii no\u015ftri: \u00eent\u00e2i de toate au c\u0103utat voia \u015fi planul lui Dumnezeu s\u0103 le \u00eemplineasc\u0103. A\u015fa a tr\u0103it Sf\u00e2ntul Pavel, Sf\u00e2ntul Petru \u015fi to\u0163i sfin\u0163ii lui Dumnezeu. \u00cen foame, \u00een sete, \u00een gol\u0103tate, \u00een lan\u0163uri, \u00een dureri ei, m\u0103rturiseau Cuv\u00e2ntul lui Dumnezeu. Sf\u00e2ntul Pavel, care nu a avut lini\u015fte nici \u00een Roma, legat \u00een lan\u0163uri \u015fi cu picioarele \u00een butuci&#8230; Nici acolo nu avea lini\u015fte, ci se g\u00e2ndea mereu la Biserica lui Dumnezeu.<\/p>\n<p style=\"text-align: justify;\">A\u015fa ne g\u00e2ndim \u015fi noi la cre\u015fterea duhovniceasc\u0103 a fra\u0163ilor no\u015ftri din satele noastre \u015fi pe unde mergem ca s\u0103 vestim Cuv\u00e2ntul lui Dumnezeu. Ar fi un p\u0103cat strig\u0103tor la cer ca, din adun\u0103rile noastre, s\u0103 plece fra\u0163ii sup\u0103ra\u0163i, \u00eentrista\u0163i, nehr\u0103ni\u0163i din Cuv\u00e2ntul lui Dumnezeu. Ar fi un p\u0103cat de neiertat, fra\u0163ii mei, ca s\u0103 se fac\u0103 jigniri \u00een adunare. O spun aceasta pentru c\u0103 avem prilejul acesta minunat c\u00e2nd putem sta de vorb\u0103 din Cuv\u00e2ntul lui Dumnezeu cu fra\u0163ii din toate col\u0163urile \u0163\u0103rii. Privi\u0163i duhovnice\u015fte, fra\u0163ilor lucr\u0103tori, peste adun\u0103rile pe care le ave\u0163i \u015fi privi\u0163i \u00een inima credincio\u015filor \u015fi ve\u0163i vedea pe fe\u0163ele lor, c\u0103ci fe\u0163ele vor spune tot ceea ce au \u00een inimile lor. Sim\u0163i\u0163i-le durerea, sim\u0163i\u0163i-le amarul, sim\u0163i\u0163i-le foamea duhovniceasc\u0103. Sim\u0163i\u0163i-le starea lor de necre\u015ftere \u015fi pune\u0163i-v\u0103 voi \u00eentrebarea: \u201eNu cumva este vina mea pentru c\u0103 fra\u0163ii n-au crescut?\u201d<\/p>\n<p style=\"text-align: justify;\">Ori de c\u00e2te ori aud vorbindu-se de c\u0103deri \u015fi sl\u0103biciuni \u00een via\u0163a credincio\u015filor, eu \u00eemi pun o \u00eentrebare: \u201eNu cumva am contribuit \u015fi eu la aceast\u0103 stare? Nu cumva e \u015fi din cauza mea? Dac\u0103 fra\u0163ii mei nu au crescut, oare eu nu am nici o vin\u0103? Nu cumva e de vin\u0103 hrana pe care le-am dat-o? Sau se poate c\u0103 nici nu le\u2011am dat-o&#8230;\u201d.<\/p>\n","protected":false},"excerpt":{"rendered":"<p>Fragment din vorbirea fratelui Popa Petru (Batiz) la nunta de la Cei\u015foara \u2013 duminic\u0103, 30 iunie 1974 Spunea un frate mai \u00eenainte aici c\u0103, dac\u0103 nu se na\u015fte cineva din nou, nu va putea vedea \u00cemp\u0103r\u0103\u0163ia lui Dumnezeu \u015fi nu o va putea mo\u015fteni. Bie\u0163ii oameni&#8230; Fra\u0163ii mei dragi, m\u0103 tem s\u0103 nu fie \u015fi&nbsp;<\/p>\n<p><a class=\"btn btn-style\" href=\"https:\/\/comorinemuritoare.ro\/bLOGOS\/%e2%80%9ecine-nu-se-naste-din-apa-si-din-duh%e2%80%9d\/\">Continue Reading&#8230;<\/a><\/p>\n","protected":false},"author":1,"featured_media":0,"comment_status":"open","ping_status":"open","sticky":false,"template":"","format":"standard","meta":{"footnotes":""},"categories":[590],"tags":[],"class_list":["post-11688","post","type-post","status-publish","format-standard","hentry","category-vorbiri"],"_links":{"self":[{"href":"https:\/\/comorinemuritoare.ro\/bLOGOS\/wp-json\/wp\/v2\/posts\/11688","targetHints":{"allow":["GET"]}}],"collection":[{"href":"https:\/\/comorinemuritoare.ro\/bLOGOS\/wp-json\/wp\/v2\/posts"}],"about":[{"href":"https:\/\/comorinemuritoare.ro\/bLOGOS\/wp-json\/wp\/v2\/types\/post"}],"author":[{"embeddable":true,"href":"https:\/\/comorinemuritoare.ro\/bLOGOS\/wp-json\/wp\/v2\/users\/1"}],"replies":[{"embeddable":true,"href":"https:\/\/comorinemuritoare.ro\/bLOGOS\/wp-json\/wp\/v2\/comments?post=11688"}],"version-history":[{"count":0,"href":"https:\/\/comorinemuritoare.ro\/bLOGOS\/wp-json\/wp\/v2\/posts\/11688\/revisions"}],"wp:attachment":[{"href":"https:\/\/comorinemuritoare.ro\/bLOGOS\/wp-json\/wp\/v2\/media?parent=11688"}],"wp:term":[{"taxonomy":"category","embeddable":true,"href":"https:\/\/comorinemuritoare.ro\/bLOGOS\/wp-json\/wp\/v2\/categories?post=11688"},{"taxonomy":"post_tag","embeddable":true,"href":"https:\/\/comorinemuritoare.ro\/bLOGOS\/wp-json\/wp\/v2\/tags?post=11688"}],"curies":[{"name":"wp","href":"https:\/\/api.w.org\/{rel}","templated":true}]}}