{"id":11944,"date":"2014-09-26T17:15:30","date_gmt":"2014-09-26T20:15:30","guid":{"rendered":"http:\/\/comorinemuritoare.ro\/bLOGOS\/?p=11944"},"modified":"2014-09-26T07:11:36","modified_gmt":"2014-09-26T10:11:36","slug":"s-alergam-cu-staruinta","status":"publish","type":"post","link":"https:\/\/comorinemuritoare.ro\/bLOGOS\/s-alergam-cu-staruinta\/","title":{"rendered":"S-ALERG\u0102M CU ST\u0102RUIN\u0162\u0102"},"content":{"rendered":"<p><strong><em><a href=\"http:\/\/comorinemuritoare.ro\/bLOGOS\/wp-content\/uploads\/2012\/09\/Antim-Ivireanu.jpg\"><img loading=\"lazy\" decoding=\"async\" class=\"alignright size-full wp-image-11946\" title=\"Antim-Ivireanu\" alt=\"\" src=\"http:\/\/comorinemuritoare.ro\/bLOGOS\/wp-content\/uploads\/2012\/09\/Antim-Ivireanu.jpg\" width=\"198\" height=\"359\" \/><\/a><\/em><\/strong><\/p>\n<p>S-alerg\u0103m cu st\u0103ruin\u0163\u0103<br \/>\nc\u0103tre \u0163inta m\u00e2ntuirii,<br \/>\nca s-ajungem la cununa<br \/>\n\u015fi la slava r\u0103spl\u0103tirii.<\/p>\n<p style=\"padding-left: 30px;\"><em>S-alerg\u0103m, s-alerg\u0103m, s-alerg\u0103m,<br \/>\ns\u0103 veghem, s\u0103 muncim, s\u0103 lupt\u0103m,<br \/>\nc\u0103-n cur\u00e2nd Domnul Sf\u00e2nt ne va da<br \/>\nplata Sa, \u0162ara Sa, slava Sa.<\/em><\/p>\n<p>Urmele pe care mergem<br \/>\nsunt frumoase \u015fi curate,<br \/>\nele c\u0103tre cer ne-ndeamn\u0103,<br \/>\nde Hristos ne sunt l\u0103sate.<\/p>\n<p>Pe aceste urme sfinte<br \/>\nne-au mers fra\u0163ii \u015fi p\u0103rin\u0163ii,<br \/>\n\u015fi eroii, \u015fi martirii<br \/>\nspre Cununa Biruin\u0163ii.<!--more--><\/p>\n<p>Nu ne-nsp\u0103im\u00e2nt\u0103m de jertfa<br \/>\nce se cere azi sau m\u00e2ne,<br \/>\nalergarea se sf\u00e2r\u015fe\u015fte,<br \/>\ndar cununa ei r\u0103m\u00e2ne.<\/p>\n<p>C\u00e2t de greu ne pare-acuma,<br \/>\ntotul va sf\u00e2r\u015fi odat\u0103;<br \/>\n\u2013 s-alerg\u0103m cu ochii \u0163int\u0103<br \/>\nla Hristos \u015fi la r\u0103splat\u0103.<\/p>\n<p style=\"padding-left: 90px;\"><strong><em>Traian DORZ<\/em><\/strong><\/p>\n","protected":false},"excerpt":{"rendered":"<p>S-alerg\u0103m cu st\u0103ruin\u0163\u0103 c\u0103tre \u0163inta m\u00e2ntuirii, ca s-ajungem la cununa \u015fi la slava r\u0103spl\u0103tirii. S-alerg\u0103m, s-alerg\u0103m, s-alerg\u0103m, s\u0103 veghem, s\u0103 muncim, s\u0103 lupt\u0103m, c\u0103-n cur\u00e2nd Domnul Sf\u00e2nt ne va da plata Sa, \u0162ara Sa, slava Sa. Urmele pe care mergem sunt frumoase \u015fi curate, ele c\u0103tre cer ne-ndeamn\u0103, de Hristos ne sunt l\u0103sate. Pe aceste&nbsp;<\/p>\n<p><a class=\"btn btn-style\" href=\"https:\/\/comorinemuritoare.ro\/bLOGOS\/s-alergam-cu-staruinta\/\">Continue Reading&#8230;<\/a><\/p>\n","protected":false},"author":1,"featured_media":0,"comment_status":"open","ping_status":"open","sticky":false,"template":"","format":"standard","meta":{"footnotes":""},"categories":[4],"tags":[],"class_list":["post-11944","post","type-post","status-publish","format-standard","hentry","category-poezii"],"_links":{"self":[{"href":"https:\/\/comorinemuritoare.ro\/bLOGOS\/wp-json\/wp\/v2\/posts\/11944","targetHints":{"allow":["GET"]}}],"collection":[{"href":"https:\/\/comorinemuritoare.ro\/bLOGOS\/wp-json\/wp\/v2\/posts"}],"about":[{"href":"https:\/\/comorinemuritoare.ro\/bLOGOS\/wp-json\/wp\/v2\/types\/post"}],"author":[{"embeddable":true,"href":"https:\/\/comorinemuritoare.ro\/bLOGOS\/wp-json\/wp\/v2\/users\/1"}],"replies":[{"embeddable":true,"href":"https:\/\/comorinemuritoare.ro\/bLOGOS\/wp-json\/wp\/v2\/comments?post=11944"}],"version-history":[{"count":0,"href":"https:\/\/comorinemuritoare.ro\/bLOGOS\/wp-json\/wp\/v2\/posts\/11944\/revisions"}],"wp:attachment":[{"href":"https:\/\/comorinemuritoare.ro\/bLOGOS\/wp-json\/wp\/v2\/media?parent=11944"}],"wp:term":[{"taxonomy":"category","embeddable":true,"href":"https:\/\/comorinemuritoare.ro\/bLOGOS\/wp-json\/wp\/v2\/categories?post=11944"},{"taxonomy":"post_tag","embeddable":true,"href":"https:\/\/comorinemuritoare.ro\/bLOGOS\/wp-json\/wp\/v2\/tags?post=11944"}],"curies":[{"name":"wp","href":"https:\/\/api.w.org\/{rel}","templated":true}]}}