{"id":12057,"date":"2020-10-17T02:07:39","date_gmt":"2020-10-17T05:07:39","guid":{"rendered":"http:\/\/comorinemuritoare.ro\/bLOGOS\/?p=12057"},"modified":"2020-10-17T10:09:23","modified_gmt":"2020-10-17T13:09:23","slug":"cei-morti-vor-auzi","status":"publish","type":"post","link":"https:\/\/comorinemuritoare.ro\/bLOGOS\/cei-morti-vor-auzi\/","title":{"rendered":"CEI MOR\u0162I VOR AUZI"},"content":{"rendered":"<p><em><strong>Traian Dorz<\/strong>, din<\/em> HRISTOS \u2013 BINEF\u0102C\u0102TORUL NOSTRU<\/p>\n<p style=\"padding-left: 60px;\"><em>\u201eAdev\u0103rat, adev\u0103rat v\u0103 spun c\u0103 vine ceasul, \u015fi acum a \u015fi venit, c\u00e2nd cei mor\u0163i vor auzi glasul Fiului lui Dumnezeu \u015fi cei ce-l vor asculta vor \u00eenvia.\u201c (Ioan 5, 25)<\/em><\/p>\n<p style=\"text-align: justify;\">Ceasul venirii lui Hristos pe p\u0103m\u00e2nt era ceasul c\u00e2nd cei mor\u0163i \u00een p\u0103cate auzeau glasul lui Dumnezeu.<br \/>\nR\u0103suna, \u00een sf\u00e2r\u015fit, Cuv\u00e2ntul lui Dumnezeu, iar cei care z\u0103ceau \u00een \u00eentuneric \u015fi \u00een umbra mor\u0163ii vedeau lumina \u015fi sim\u0163eau via\u0163a (Isaia 9, 2; Mat. 4, 16)<br \/>\nCei care erau mor\u0163i \u00een p\u0103catele lor auzeau Cuv\u00e2ntul \u015fi Vestea cea Bun\u0103 a iert\u0103rii (Efes. 2, 1; Col. 2, 13).<br \/>\nAuzeau Evanghelia m\u00e2ntuirii lor.<br \/>\nCei care erau f\u0103r\u0103 Hristos, f\u0103r\u0103 drept de mo\u015ftenire \u00een Israel, str\u0103ini de leg\u0103mintele f\u0103g\u0103duin\u0163ei, f\u0103r\u0103 Dumnezeu \u015fi f\u0103r\u0103 n\u0103dejde pe lume (Efes. 2, 11-12),<br \/>\nauzeau despre neprih\u0103nirea dat\u0103 de Dumnezeu, care vine prin credin\u0163a \u00een Iisus Hristos, pentru to\u0163i cei care cred \u00een El, f\u0103r\u0103 nici o deosebire (Rom. 3, 22)<br \/>\nAuzeau despre Harul lui Dumnezeu care a fost ar\u0103tat \u015fi care aduce acum m\u00e2ntuire pentru to\u0163i oamenii (Tit 2, 11).<br \/>\nVenise ceasul ca to\u0163i cei mor\u0163i \u00een uitare, mor\u0163i \u00een p\u0103cate, mor\u0163i \u00een dezn\u0103dejde, \u00een necredin\u0163\u0103 \u015fi \u00een r\u0103t\u0103cire, s\u0103 aud\u0103&#8230;<br \/>\nS\u0103 aud\u0103 \u015fi s\u0103 aleag\u0103. Hristos era Timpul, Hristos era Cuv\u00e2ntul.<\/p>\n<p style=\"text-align: justify;\">Vine un ceas c\u00e2nd orice mort aude.<br \/>\nC\u00e2nd fiec\u0103rui mort i se strig\u0103.<br \/>\nC\u00e2nd fiec\u0103rui suflet p\u0103c\u0103tos, personal, i se adreseaz\u0103 Hristos, \u00eel strig\u0103 Hristos, \u00eel cheam\u0103 Hristos.<br \/>\nTu ai fost mort, dar \u015fi ceasul t\u0103u a sosit (Col. 2, 13).<!--more--><br \/>\nPoate a sosit de mult sau, poate, a sosit chiar acum.<br \/>\nPoate ai auzit de mult chemarea lui Dumnezeu \u015fi tot nu te-ai \u00eentors \u00eenc\u0103&#8230;<br \/>\nSau poate c\u0103 numai acum o auzi pentru prima dat\u0103.<br \/>\nOricum, ceasul t\u0103u a sosit. Dar \u00eel cuno\u015fti tu oare? Cunoa\u015fte-l!<br \/>\nChiar \u015fi r\u00e2ndurile acestea, cartea \u015fi chemarea aceasta sunt, poate, ceasul \u015fi glasul care vor s\u0103 te trezeasc\u0103. \u00cenainte de a pieri.<br \/>\nPoate este ultima chemare \u015fi este ultimul minut din ceasul t\u0103u.<br \/>\nAuzi tu oare Cuv\u00e2ntul lui Hristos? Nu mai am\u00e2na, ci vino!<br \/>\nE poate ultima chemare.<\/p>\n<p style=\"text-align: justify;\"><em>O Doamne Iisuse, Te rug\u0103m puternic \u00eendur\u0103-Te prin harul T\u0103u de orice suflet pierdut, care merge spre moarte f\u0103r\u0103 Tine \u015fi f\u0103r\u0103 s\u0103 fi auzit \u015fi ascultat chemarea \u015fi glasul T\u0103u.<br \/>\nAdu ceasul m\u00e2ntuirii pentru fiecare om, \u00eenainte de a-i aduce ceasul mor\u0163ii, ca nimeni s\u0103 nu moar\u0103 f\u0103r\u0103 a fi auzit \u00eenainte glasul T\u0103u \u015fi a primi m\u00e2ntuirea Ta. Amin.<\/em><\/p>\n","protected":false},"excerpt":{"rendered":"<p>Traian Dorz, din HRISTOS \u2013 BINEF\u0102C\u0102TORUL NOSTRU \u201eAdev\u0103rat, adev\u0103rat v\u0103 spun c\u0103 vine ceasul, \u015fi acum a \u015fi venit, c\u00e2nd cei mor\u0163i vor auzi glasul Fiului lui Dumnezeu \u015fi cei ce-l vor asculta vor \u00eenvia.\u201c (Ioan 5, 25) Ceasul venirii lui Hristos pe p\u0103m\u00e2nt era ceasul c\u00e2nd cei mor\u0163i \u00een p\u0103cate auzeau glasul lui Dumnezeu.&nbsp;<\/p>\n<p><a class=\"btn btn-style\" href=\"https:\/\/comorinemuritoare.ro\/bLOGOS\/cei-morti-vor-auzi\/\">Continue Reading&#8230;<\/a><\/p>\n","protected":false},"author":1,"featured_media":0,"comment_status":"open","ping_status":"open","sticky":false,"template":"","format":"standard","meta":{"footnotes":""},"categories":[46],"tags":[],"class_list":["post-12057","post","type-post","status-publish","format-standard","hentry","category-meditatii"],"_links":{"self":[{"href":"https:\/\/comorinemuritoare.ro\/bLOGOS\/wp-json\/wp\/v2\/posts\/12057","targetHints":{"allow":["GET"]}}],"collection":[{"href":"https:\/\/comorinemuritoare.ro\/bLOGOS\/wp-json\/wp\/v2\/posts"}],"about":[{"href":"https:\/\/comorinemuritoare.ro\/bLOGOS\/wp-json\/wp\/v2\/types\/post"}],"author":[{"embeddable":true,"href":"https:\/\/comorinemuritoare.ro\/bLOGOS\/wp-json\/wp\/v2\/users\/1"}],"replies":[{"embeddable":true,"href":"https:\/\/comorinemuritoare.ro\/bLOGOS\/wp-json\/wp\/v2\/comments?post=12057"}],"version-history":[{"count":1,"href":"https:\/\/comorinemuritoare.ro\/bLOGOS\/wp-json\/wp\/v2\/posts\/12057\/revisions"}],"predecessor-version":[{"id":27214,"href":"https:\/\/comorinemuritoare.ro\/bLOGOS\/wp-json\/wp\/v2\/posts\/12057\/revisions\/27214"}],"wp:attachment":[{"href":"https:\/\/comorinemuritoare.ro\/bLOGOS\/wp-json\/wp\/v2\/media?parent=12057"}],"wp:term":[{"taxonomy":"category","embeddable":true,"href":"https:\/\/comorinemuritoare.ro\/bLOGOS\/wp-json\/wp\/v2\/categories?post=12057"},{"taxonomy":"post_tag","embeddable":true,"href":"https:\/\/comorinemuritoare.ro\/bLOGOS\/wp-json\/wp\/v2\/tags?post=12057"}],"curies":[{"name":"wp","href":"https:\/\/api.w.org\/{rel}","templated":true}]}}