{"id":12165,"date":"2012-10-09T14:12:52","date_gmt":"2012-10-09T17:12:52","guid":{"rendered":"http:\/\/comorinemuritoare.ro\/bLOGOS\/?p=12165"},"modified":"2012-10-09T14:15:46","modified_gmt":"2012-10-09T17:15:46","slug":"cand-vrei-sa-afli-adevarul","status":"publish","type":"post","link":"https:\/\/comorinemuritoare.ro\/bLOGOS\/cand-vrei-sa-afli-adevarul\/","title":{"rendered":"C\u00c2ND VREI S\u0102 AFLI ADEV\u0102RUL"},"content":{"rendered":"<p><em><strong><a href=\"http:\/\/comorinemuritoare.ro\/bLOGOS\/wp-content\/uploads\/2012\/10\/IH-550.jpg\"><img loading=\"lazy\" decoding=\"async\" class=\"alignright size-full wp-image-12170\" title=\"IH-550\" src=\"http:\/\/comorinemuritoare.ro\/bLOGOS\/wp-content\/uploads\/2012\/10\/IH-550.jpg\" alt=\"\" width=\"330\" height=\"395\" srcset=\"https:\/\/comorinemuritoare.ro\/bLOGOS\/wp-content\/uploads\/2012\/10\/IH-550.jpg 760w, https:\/\/comorinemuritoare.ro\/bLOGOS\/wp-content\/uploads\/2012\/10\/IH-550-250x300.jpg 250w\" sizes=\"auto, (max-width: 330px) 100vw, 330px\" \/><\/a>Traian DORZ<\/strong><\/em><\/p>\n<p>C\u00e2nd vrei s\u0103 afli Adev\u0103rul,<br \/>\ndespov\u0103reaz\u0103-\u0163i mintea ta<br \/>\nde tot ce-i negur\u0103 \u015fi zgomot<br \/>\n\u015fi-mpiedic\u0103 lumina sa.<\/p>\n<p>Smerit te roag\u0103-n\u0163elepciunii<br \/>\ns\u0103 te conduc\u0103 p\u00e2n\u2019 la el<br \/>\n\u015fi umilin\u0163ei, s\u0103 te-nal\u0163e<br \/>\npe c\u0103i \u015ftiute ei spre \u0162el.<\/p>\n<p>Iar Dragostea c\u00e2nd vrei s-o afli,<br \/>\ns\u0103-\u0163i umpli inima cu dor<br \/>\n\u015fi cu puterea ce-\u0163i aduce<br \/>\ndumnezeiescul ei fior.<\/p>\n<p>\u00cenalt te roag\u0103 bucuriei<br \/>\n\u015fi bun\u0103t\u0103\u0163ii s\u0103 \u0163i-o dea,<br \/>\nc\u0103ci numai ele \u015ftiu c\u0103rarea<br \/>\npe care po\u0163i s-ajungi la ea.<\/p>\n","protected":false},"excerpt":{"rendered":"<p>Traian DORZ C\u00e2nd vrei s\u0103 afli Adev\u0103rul, despov\u0103reaz\u0103-\u0163i mintea ta de tot ce-i negur\u0103 \u015fi zgomot \u015fi-mpiedic\u0103 lumina sa. Smerit te roag\u0103-n\u0163elepciunii s\u0103 te conduc\u0103 p\u00e2n\u2019 la el \u015fi umilin\u0163ei, s\u0103 te-nal\u0163e pe c\u0103i \u015ftiute ei spre \u0162el. Iar Dragostea c\u00e2nd vrei s-o afli, s\u0103-\u0163i umpli inima cu dor \u015fi cu puterea ce-\u0163i aduce dumnezeiescul&nbsp;<\/p>\n<p><a class=\"btn btn-style\" href=\"https:\/\/comorinemuritoare.ro\/bLOGOS\/cand-vrei-sa-afli-adevarul\/\">Continue Reading&#8230;<\/a><\/p>\n","protected":false},"author":1,"featured_media":0,"comment_status":"open","ping_status":"open","sticky":false,"template":"","format":"standard","meta":{"footnotes":""},"categories":[4],"tags":[],"class_list":["post-12165","post","type-post","status-publish","format-standard","hentry","category-poezii"],"_links":{"self":[{"href":"https:\/\/comorinemuritoare.ro\/bLOGOS\/wp-json\/wp\/v2\/posts\/12165","targetHints":{"allow":["GET"]}}],"collection":[{"href":"https:\/\/comorinemuritoare.ro\/bLOGOS\/wp-json\/wp\/v2\/posts"}],"about":[{"href":"https:\/\/comorinemuritoare.ro\/bLOGOS\/wp-json\/wp\/v2\/types\/post"}],"author":[{"embeddable":true,"href":"https:\/\/comorinemuritoare.ro\/bLOGOS\/wp-json\/wp\/v2\/users\/1"}],"replies":[{"embeddable":true,"href":"https:\/\/comorinemuritoare.ro\/bLOGOS\/wp-json\/wp\/v2\/comments?post=12165"}],"version-history":[{"count":0,"href":"https:\/\/comorinemuritoare.ro\/bLOGOS\/wp-json\/wp\/v2\/posts\/12165\/revisions"}],"wp:attachment":[{"href":"https:\/\/comorinemuritoare.ro\/bLOGOS\/wp-json\/wp\/v2\/media?parent=12165"}],"wp:term":[{"taxonomy":"category","embeddable":true,"href":"https:\/\/comorinemuritoare.ro\/bLOGOS\/wp-json\/wp\/v2\/categories?post=12165"},{"taxonomy":"post_tag","embeddable":true,"href":"https:\/\/comorinemuritoare.ro\/bLOGOS\/wp-json\/wp\/v2\/tags?post=12165"}],"curies":[{"name":"wp","href":"https:\/\/api.w.org\/{rel}","templated":true}]}}