{"id":12294,"date":"2023-08-05T11:40:36","date_gmt":"2023-08-05T14:40:36","guid":{"rendered":"http:\/\/comorinemuritoare.ro\/bLOGOS\/?p=12294"},"modified":"2023-08-05T17:48:42","modified_gmt":"2023-08-05T20:48:42","slug":"cand-duhul-meu","status":"publish","type":"post","link":"https:\/\/comorinemuritoare.ro\/bLOGOS\/cand-duhul-meu\/","title":{"rendered":"C\u00e2nd duhul meu"},"content":{"rendered":"<p><strong><em>Traian DORZ<\/em>, <\/strong><em>din <\/em><strong>\u00abC\u00e2ntarea, ca medita\u0163ie\u00bb<\/strong><\/p>\n<p style=\"text-align: justify;\">C\u00e2nd suntem \u00een st\u0103ri de \u00eenalte binecuv\u00e2nt\u0103ri duhovnice\u015fti ca ale ucenicilor Domnului la Schimbarea Lui la Fa\u0163\u0103 de pe Muntele Taborului, desigur c\u0103 am dori mereu \u015fi mereu s\u0103 r\u0103m\u00e2nem acolo, s\u0103 ne facem acolo colibe \u015fi s\u0103 nu mai cobor\u00e2m niciodat\u0103 \u00een v\u0103ile \u00eendurerate \u015fi pline de fr\u0103m\u00e2nt\u0103ri ale acestor preocup\u0103ri de pe p\u0103m\u00e2ntul acesta \u2013 multe dintre acestea fiind at\u00e2t de de\u015farte \u2013 \u015fi \u00eentre care ne zbatem adeseori ca pe\u015ftele pe uscat. Desigur c\u0103 starea noastr\u0103 pe Muntele Fericirilor sau \u00een \u00een\u0103l\u0163imile rug\u0103ciunii, sau \u00een ale marilor haruri, noi am vrea s\u0103 nu se mai sf\u00e2r\u015feasc\u0103 niciodat\u0103. Dar, c\u00e2t suntem \u00eenc\u0103 \u00een lumea aceasta, trebuie s\u0103 cobor\u00e2m iar\u0103\u015fi \u015fi iar\u0103\u015fi \u00een mijlocul semenilor no\u015ftri \u015fi-n mijlocul datoriilor noastre, pentru ca, cu puterea pe care am primit-o c\u00e2nd eram sus, s\u0103 lucr\u0103m pentru ajutorarea \u015fi m\u00e2ntuirea celor care \u00eenc\u0103 n-au ajuns s\u0103 cunoasc\u0103 niciodat\u0103 astfel de st\u0103ri cum am gustat noi l\u00e2ng\u0103 Domnul nostru, \u00eentre fra\u0163ii no\u015ftri \u015fi-n mijlocul rev\u0103rs\u0103rilor Sale de har. \u015ei numai dup\u0103 ce vom face totul pentru ca semenii no\u015ftri de-aici s\u0103 afle \u015fi ei ceva din bucuriile cere\u015fti, numai dup\u0103 aceea vom putea ajunge pe totdeauna la fericirea ve\u015fnic\u0103 l\u00e2ng\u0103 Domnul nostru Iisus, acolo de unde duhul nostru \u2013 leg\u0103nat \u00eentre cerurile iubirii, \u00eentre ale c\u00e2nt\u0103rii, \u00eentre ale desf\u0103t\u0103rilor luminii \u015fi bucuriilor ve\u015fnice \u2013 nu va mai trebui s\u0103 se \u00eentoarc\u0103 iar\u0103\u015fi niciodat\u0103 aici unde am gustat at\u00e2t de adesea \u015fi-at\u00e2t de amar din suferin\u0163a, din dezn\u0103dejdea, din singur\u0103tatea \u015fi din durerile acestei lumi.<br \/>\nS\u0103 ne facem, deci, scumpii mei fra\u0163i \u015fi surori, s\u0103 ne facem cu to\u0163ii deplin \u015fi fiecare datoria c\u00e2t \u00eenc\u0103 suntem pribegind prin lumea aceasta spre locul fericit din ceruri, unde suntem a\u015ftepta\u0163i \u015fi unde vom primi o slobod\u0103 intrare numai dup\u0103 ce vom fi \u00eemplinit \u00eentocmai \u015fi deplin faptele bune pentru care ne-a trimis Tat\u0103l nostru cel Ceresc aici, \u00een via\u0163a \u015fi-n lumea aceasta. Cu puterea pe care-o primim \u00een st\u0103rile fericite, s\u0103 ne rug\u0103m Domnului s\u0103 ne ajute ca s\u0103 le r\u0103bd\u0103m \u015fi pe cele grele; \u015fi cu lumina pe care-o primim pe mun\u0163ii fericirilor s\u0103 umbl\u0103m prin valea umbrei mor\u0163ii, p\u00e2n\u0103 ce vom ajunge pe totdeauna \u015fi cu to\u0163ii \u00een Ierusalimul cel dorit \u015fi ceresc, \u00een Patria noastr\u0103 scump\u0103 \u015fi dulce care va fi cetatea bucuriilor noastre ve\u015fnice, l\u00e2ng\u0103 Domnul nostru \u015fi l\u00e2ng\u0103 to\u0163i cei iubi\u0163i ai no\u015ftri. Amin.<\/p>\n<p style=\"padding-left: 30px;\"><em><a href=\"http:\/\/comorinemuritoare.ro\/bLOGOS\/wp-content\/uploads\/2012\/10\/Schimbarea-la-fata.jpg\"><img loading=\"lazy\" decoding=\"async\" class=\"alignright wp-image-12295\" src=\"http:\/\/comorinemuritoare.ro\/bLOGOS\/wp-content\/uploads\/2012\/10\/Schimbarea-la-fata.jpg\" alt=\"Schimbarea-la-fata\" width=\"311\" height=\"441\" srcset=\"https:\/\/comorinemuritoare.ro\/bLOGOS\/wp-content\/uploads\/2012\/10\/Schimbarea-la-fata.jpg 697w, https:\/\/comorinemuritoare.ro\/bLOGOS\/wp-content\/uploads\/2012\/10\/Schimbarea-la-fata-211x300.jpg 211w\" sizes=\"auto, (max-width: 311px) 100vw, 311px\" \/><\/a>C\u00e2nd duhul meu se leag\u0103n\u0103-ntre ceruri<br \/>\n\u015fi g\u00e2ndul meu se-nchin\u0103-ntre iubiri,<br \/>\n\u015fi graiul meu Te laud\u0103-ntre lacrimi<br \/>\n\u2013 de ce-mi sf\u00e2r\u015fesc aceste str\u0103luciri?<\/em><\/p>\n<p style=\"padding-left: 30px;\"><em>De ce-ntorc iar spre c\u00e2te-mi sunt str\u0103ine<br \/>\ndin noru-\u0162i luminos \u015fi-nsingurat,<br \/>\nde ce m\u0103-ntorc de unde-s doar cu Tine<br \/>\n\u015fi unde n-am nimic de \u00eentrebat?<\/em><\/p>\n<p style=\"padding-left: 30px;\"><em>De ce-mi sf\u00e2r\u015fe\u015fte clipa str\u0103lucit\u0103,<br \/>\nde ce se fr\u00e2nge-al inimii sf\u00e2nt zbor,<br \/>\nde ce cobor spre teama de ispit\u0103,<br \/>\nde ce nu merg \u00een sus de pe Tabor?<br \/>\n<\/em><\/p>\n<p style=\"padding-left: 30px;\"><em>&#8230;O, p\u00e2n\u0103 c\u00e2nd \u00eemi vor sf\u00e2r\u015fi lucrarea<br \/>\nce tot mai sf\u00e2nt\u0103 vreau s\u0103 \u0162i-o \u00eenchin,<br \/>\nf\u0103-mi tot mai sus \u015fi tot mai lung\u0103 starea<br \/>\ndin care n-a\u015f mai vrea s\u0103 mai revin!<\/em><\/p>\n<p style=\"padding-left: 30px;\"><em>Iar saltul c\u00e2nd, Iisus, \u00eemi vei desparte<br \/>\nc\u00e2ntarea mea de trupu-n care-o sui<br \/>\nmi-l f\u0103 u\u015for \u2013 ea-mi zboare f\u0103r\u0103 moarte,<br \/>\niar el, nu \u015ftiu&#8230;, ci doar s\u0103-l simt c\u0103 nu-i&#8230;<\/em><\/p>\n","protected":false},"excerpt":{"rendered":"<p>Traian DORZ, din \u00abC\u00e2ntarea, ca medita\u0163ie\u00bb C\u00e2nd suntem \u00een st\u0103ri de \u00eenalte binecuv\u00e2nt\u0103ri duhovnice\u015fti ca ale ucenicilor Domnului la Schimbarea Lui la Fa\u0163\u0103 de pe Muntele Taborului, desigur c\u0103 am dori mereu \u015fi mereu s\u0103 r\u0103m\u00e2nem acolo, s\u0103 ne facem acolo colibe \u015fi s\u0103 nu mai cobor\u00e2m niciodat\u0103 \u00een v\u0103ile \u00eendurerate \u015fi pline de fr\u0103m\u00e2nt\u0103ri&nbsp;<\/p>\n<p><a class=\"btn btn-style\" href=\"https:\/\/comorinemuritoare.ro\/bLOGOS\/cand-duhul-meu\/\">Continue Reading&#8230;<\/a><\/p>\n","protected":false},"author":1,"featured_media":0,"comment_status":"open","ping_status":"open","sticky":false,"template":"","format":"standard","meta":{"footnotes":""},"categories":[46],"tags":[],"class_list":["post-12294","post","type-post","status-publish","format-standard","hentry","category-meditatii"],"_links":{"self":[{"href":"https:\/\/comorinemuritoare.ro\/bLOGOS\/wp-json\/wp\/v2\/posts\/12294","targetHints":{"allow":["GET"]}}],"collection":[{"href":"https:\/\/comorinemuritoare.ro\/bLOGOS\/wp-json\/wp\/v2\/posts"}],"about":[{"href":"https:\/\/comorinemuritoare.ro\/bLOGOS\/wp-json\/wp\/v2\/types\/post"}],"author":[{"embeddable":true,"href":"https:\/\/comorinemuritoare.ro\/bLOGOS\/wp-json\/wp\/v2\/users\/1"}],"replies":[{"embeddable":true,"href":"https:\/\/comorinemuritoare.ro\/bLOGOS\/wp-json\/wp\/v2\/comments?post=12294"}],"version-history":[{"count":1,"href":"https:\/\/comorinemuritoare.ro\/bLOGOS\/wp-json\/wp\/v2\/posts\/12294\/revisions"}],"predecessor-version":[{"id":28271,"href":"https:\/\/comorinemuritoare.ro\/bLOGOS\/wp-json\/wp\/v2\/posts\/12294\/revisions\/28271"}],"wp:attachment":[{"href":"https:\/\/comorinemuritoare.ro\/bLOGOS\/wp-json\/wp\/v2\/media?parent=12294"}],"wp:term":[{"taxonomy":"category","embeddable":true,"href":"https:\/\/comorinemuritoare.ro\/bLOGOS\/wp-json\/wp\/v2\/categories?post=12294"},{"taxonomy":"post_tag","embeddable":true,"href":"https:\/\/comorinemuritoare.ro\/bLOGOS\/wp-json\/wp\/v2\/tags?post=12294"}],"curies":[{"name":"wp","href":"https:\/\/api.w.org\/{rel}","templated":true}]}}