{"id":127,"date":"2014-06-05T01:23:18","date_gmt":"2014-06-05T04:23:18","guid":{"rendered":"http:\/\/comorinemuritoare.ro\/bLOGOS\/?p=127"},"modified":"2014-06-05T07:34:15","modified_gmt":"2014-06-05T10:34:15","slug":"o-fraii-mei","status":"publish","type":"post","link":"https:\/\/comorinemuritoare.ro\/bLOGOS\/o-fraii-mei\/","title":{"rendered":"O, FRA\u0162II MEI!&#8230;"},"content":{"rendered":"<p><em><strong>Traian Dorz<\/strong><\/em>, din <em>C\u00e2nt\u0103rile Roadelor<\/em><\/p>\n<p>O, fra\u0163ii mei de ast\u0103zi, voi greu pute\u0163i pricepe<br \/>\n\u00een\u015ftiin\u0163area grav\u0103 pe care-o tot repet,<br \/>\nv\u0103 am\u0103gi\u0163i cu g\u00e2ndul c\u0103 nici nu va \u00eencepe<br \/>\nv\u00e2rtejul pr\u0103bu\u015firii, fiindc\u0103 vine-ncet!<\/p>\n<p>Voi numai m\u00e2ine, poate,<br \/>\nsau mai t\u00e2rziu, departe,<br \/>\nve\u0163i \u00een\u0163elege bine tot ce v-am spus acum&#8230;<br \/>\nM\u0103 tem c-atuncea \u00eens\u0103 ve\u0163i fi un pas de moarte,<br \/>\niar casa voastr\u0103 scump\u0103<br \/>\nm\u0103 tem c\u0103 va fi scrum.<\/p>\n<p>Voi m-asculta\u0163i acuma, dar v\u0103 g\u00e2ndi\u0163i c\u0103 nu e<br \/>\nde partea mea \u00eentreaga dreptate-n ce v\u0103 spun<br \/>\n\u2013 vr\u0103jma\u015ful se pricepe s\u0103-n\u015fele \u015fi s\u0103 spuie<br \/>\nu\u015fur\u0103t\u0103\u0163ii voastre c\u0103 am ajuns nebun.<\/p>\n<p>M\u0103 rog numai ca m\u00e2ine<br \/>\nsau mai t\u00e2rziu,<br \/>\ndeparte,<br \/>\nc\u00e2nd ve\u0163i putea-n\u0163elege tot ce v-am spus acum<br \/>\ns\u0103 nu fi\u0163i voi atuncea ajun\u015fi un pas de moarte,<br \/>\nnici casa-n \u00eentregime s\u0103 nu v\u0103 fie scrum!<\/p>\n<p>Nu m-asculta\u0163i pe mine<br \/>\nnici unul,<br \/>\nniciodat\u0103,<br \/>\ndar asculta\u0163i cu to\u0163ii de Adev\u0103rul treaz!<br \/>\n\u2013 C\u0103ci c\u00e2nd ve\u0163i fi-n lumina<br \/>\n\u015fi-n fa\u0163a lui curat\u0103<\/p>\n<p>voi ve\u0163i afla acolo \u015fi tot ce-am spus eu az\u2019!<\/p>\n","protected":false},"excerpt":{"rendered":"<p>Traian Dorz, din C\u00e2nt\u0103rile Roadelor O, fra\u0163ii mei de ast\u0103zi, voi greu pute\u0163i pricepe \u00een\u015ftiin\u0163area grav\u0103 pe care-o tot repet, v\u0103 am\u0103gi\u0163i cu g\u00e2ndul c\u0103 nici nu va \u00eencepe v\u00e2rtejul pr\u0103bu\u015firii, fiindc\u0103 vine-ncet! Voi numai m\u00e2ine, poate, sau mai t\u00e2rziu, departe, ve\u0163i \u00een\u0163elege bine tot ce v-am spus acum&#8230; M\u0103 tem c-atuncea \u00eens\u0103 ve\u0163i fi&nbsp;<\/p>\n<p><a class=\"btn btn-style\" href=\"https:\/\/comorinemuritoare.ro\/bLOGOS\/o-fraii-mei\/\">Continue Reading&#8230;<\/a><\/p>\n","protected":false},"author":1,"featured_media":0,"comment_status":"open","ping_status":"open","sticky":false,"template":"","format":"standard","meta":{"footnotes":""},"categories":[4],"tags":[],"class_list":["post-127","post","type-post","status-publish","format-standard","hentry","category-poezii"],"_links":{"self":[{"href":"https:\/\/comorinemuritoare.ro\/bLOGOS\/wp-json\/wp\/v2\/posts\/127","targetHints":{"allow":["GET"]}}],"collection":[{"href":"https:\/\/comorinemuritoare.ro\/bLOGOS\/wp-json\/wp\/v2\/posts"}],"about":[{"href":"https:\/\/comorinemuritoare.ro\/bLOGOS\/wp-json\/wp\/v2\/types\/post"}],"author":[{"embeddable":true,"href":"https:\/\/comorinemuritoare.ro\/bLOGOS\/wp-json\/wp\/v2\/users\/1"}],"replies":[{"embeddable":true,"href":"https:\/\/comorinemuritoare.ro\/bLOGOS\/wp-json\/wp\/v2\/comments?post=127"}],"version-history":[{"count":0,"href":"https:\/\/comorinemuritoare.ro\/bLOGOS\/wp-json\/wp\/v2\/posts\/127\/revisions"}],"wp:attachment":[{"href":"https:\/\/comorinemuritoare.ro\/bLOGOS\/wp-json\/wp\/v2\/media?parent=127"}],"wp:term":[{"taxonomy":"category","embeddable":true,"href":"https:\/\/comorinemuritoare.ro\/bLOGOS\/wp-json\/wp\/v2\/categories?post=127"},{"taxonomy":"post_tag","embeddable":true,"href":"https:\/\/comorinemuritoare.ro\/bLOGOS\/wp-json\/wp\/v2\/tags?post=127"}],"curies":[{"name":"wp","href":"https:\/\/api.w.org\/{rel}","templated":true}]}}