{"id":13370,"date":"2015-12-05T00:38:19","date_gmt":"2015-12-05T03:38:19","guid":{"rendered":"http:\/\/comorinemuritoare.ro\/bLOGOS\/?p=13370"},"modified":"2015-12-05T12:13:46","modified_gmt":"2015-12-05T15:13:46","slug":"cel-care-a-platit-vietii","status":"publish","type":"post","link":"https:\/\/comorinemuritoare.ro\/bLOGOS\/cel-care-a-platit-vietii\/","title":{"rendered":"CEL CARE-A PL\u0102TIT VIE\u0162II"},"content":{"rendered":"<p><img loading=\"lazy\" decoding=\"async\" class=\"alignright  wp-image-13381\" title=\"Sf-Nicolae-10\" src=\"http:\/\/comorinemuritoare.ro\/bLOGOS\/wp-content\/uploads\/2012\/12\/Sf-Nicolae-10.jpg\" alt=\"\" width=\"250\" height=\"362\" \/>Cel care-a pl\u0103tit vie\u0163ii<br \/>\npre\u0163ul cel mai scump \u015fi greu<br \/>\nva culege cel mai dulce<br \/>\nadev\u0103r din Dumnezeu.<\/p>\n<p>Cel care-a r\u0103bdat a vie\u0163ii<br \/>\nnedreptate mai t\u0103cut<br \/>\nmo\u015fteni-va-n ve\u015fnicie<br \/>\ncel mai minunat avut.<\/p>\n<p>Cel ce \u015fi-a-mplinit a vie\u0163ii<br \/>\ndatorie mai cinstit<br \/>\nva purta pe frunte ve\u015fnic<br \/>\nnimbul cel mai str\u0103lucit.<\/p>\n<p>Cel care-a iertat a vie\u0163ii<br \/>\njosnicie mai deplin<br \/>\nse va bucura de cerul<br \/>\ncel mai \u2019nalt \u015fi mai senin.<!--more--><\/p>\n<p>Cel care-a-ndurat a vie\u0163ii<br \/>\nr\u0103stignire mai smerit<br \/>\nva-nvia, purt\u00e2nd \u00een slav\u0103<br \/>\nchipul cel mai fericit.<\/p>\n<p>Cel care-a c\u00e2ntat a vie\u0163ii<br \/>\nbucurie mai frumos<br \/>\nva r\u0103m\u00e2ne-n ve\u015fnicie<br \/>\ncel mai una cu Hristos.<\/p>\n<p style=\"padding-left: 90px;\"><em><strong>Traian DORZ<\/strong><\/em><\/p>\n","protected":false},"excerpt":{"rendered":"<p>Cel care-a pl\u0103tit vie\u0163ii pre\u0163ul cel mai scump \u015fi greu va culege cel mai dulce adev\u0103r din Dumnezeu. Cel care-a r\u0103bdat a vie\u0163ii nedreptate mai t\u0103cut mo\u015fteni-va-n ve\u015fnicie cel mai minunat avut. Cel ce \u015fi-a-mplinit a vie\u0163ii datorie mai cinstit va purta pe frunte ve\u015fnic nimbul cel mai str\u0103lucit. Cel care-a iertat a vie\u0163ii josnicie&nbsp;<\/p>\n<p><a class=\"btn btn-style\" href=\"https:\/\/comorinemuritoare.ro\/bLOGOS\/cel-care-a-platit-vietii\/\">Continue Reading&#8230;<\/a><\/p>\n","protected":false},"author":1,"featured_media":0,"comment_status":"open","ping_status":"open","sticky":false,"template":"","format":"standard","meta":{"footnotes":""},"categories":[4],"tags":[],"class_list":["post-13370","post","type-post","status-publish","format-standard","hentry","category-poezii"],"_links":{"self":[{"href":"https:\/\/comorinemuritoare.ro\/bLOGOS\/wp-json\/wp\/v2\/posts\/13370","targetHints":{"allow":["GET"]}}],"collection":[{"href":"https:\/\/comorinemuritoare.ro\/bLOGOS\/wp-json\/wp\/v2\/posts"}],"about":[{"href":"https:\/\/comorinemuritoare.ro\/bLOGOS\/wp-json\/wp\/v2\/types\/post"}],"author":[{"embeddable":true,"href":"https:\/\/comorinemuritoare.ro\/bLOGOS\/wp-json\/wp\/v2\/users\/1"}],"replies":[{"embeddable":true,"href":"https:\/\/comorinemuritoare.ro\/bLOGOS\/wp-json\/wp\/v2\/comments?post=13370"}],"version-history":[{"count":0,"href":"https:\/\/comorinemuritoare.ro\/bLOGOS\/wp-json\/wp\/v2\/posts\/13370\/revisions"}],"wp:attachment":[{"href":"https:\/\/comorinemuritoare.ro\/bLOGOS\/wp-json\/wp\/v2\/media?parent=13370"}],"wp:term":[{"taxonomy":"category","embeddable":true,"href":"https:\/\/comorinemuritoare.ro\/bLOGOS\/wp-json\/wp\/v2\/categories?post=13370"},{"taxonomy":"post_tag","embeddable":true,"href":"https:\/\/comorinemuritoare.ro\/bLOGOS\/wp-json\/wp\/v2\/tags?post=13370"}],"curies":[{"name":"wp","href":"https:\/\/api.w.org\/{rel}","templated":true}]}}