{"id":14281,"date":"2025-12-31T10:47:01","date_gmt":"2025-12-31T13:47:01","guid":{"rendered":"http:\/\/comorinemuritoare.ro\/bLOGOS\/?p=14281"},"modified":"2025-12-31T12:28:43","modified_gmt":"2025-12-31T15:28:43","slug":"iata-noaptea-anului-nou-1923","status":"publish","type":"post","link":"https:\/\/comorinemuritoare.ro\/bLOGOS\/iata-noaptea-anului-nou-1923\/","title":{"rendered":"Iat\u0103 noaptea Anului Nou 1923"},"content":{"rendered":"<p style=\"text-align: right;\" align=\"center\"><b><i><a href=\"http:\/\/comorinemuritoare.ro\/bLOGOS\/wp-content\/uploads\/2012\/12\/Hotarare.jpg\"><img loading=\"lazy\" decoding=\"async\" class=\"alignleft size-full wp-image-14282\" src=\"http:\/\/comorinemuritoare.ro\/bLOGOS\/wp-content\/uploads\/2012\/12\/Hotarare.jpg\" alt=\"Hotarare\" width=\"492\" height=\"384\" \/><\/a>Traian DORZ, <\/i><\/b><i>din<\/i><i> \u00ab<\/i>ISTORIA UNEI\u00a0 JERTFE\u00bb<\/p>\n<p style=\"text-align: justify;\">Aceast\u0103 noapte de hotar \u00eentre ani este, de obicei, pentru to\u0163i oamenii, prilejul unui cutremur\u0103tor bilan\u0163. Prilejul \u00een care ne vedem cu to\u0163ii nu numai gr\u0103bita trecere a vie\u0163ii p\u0103m\u00e2nte\u015fti, ci \u015fi felul \u00een care am folosit aceast\u0103 parte din via\u0163a scurt\u0103, pe care o \u00eencheiem la sf\u00e2r\u015fitul fiec\u0103rui an \u015fi o deschidem la \u00eenceputul altuia.<br \/>\n\u00centr-o astfel de ultim\u0103 noapte a anului trecut \u2013 \u015fi de prim\u0103 a noului an \u2013 cine oare \u00ee\u015fi mai face at\u00e2t de necru\u0163\u0103tor bilan\u0163ul luptei sale trecute \u015fi planul luptei sale viitoare, ca omul de con\u015ftiin\u0163\u0103 a\u015fezat de Dumnezeu \u00eentr-acest loc de a\u015fa mare r\u0103spundere \u2013 cum era el, Iosif? \u015ei ca preot la un amvon \u2013 \u00een slujba lui Dumnezeu, \u015fi ca redactor de gazet\u0103, la o tribun\u0103 \u2013 \u00een slujba poporului!<br \/>\nEra t\u00e2rziu \u015fi el era singur. \u00cen noaptea asta, c\u00e2nd nimeni nu doarme, mul\u0163i fac voia diavolului, dar pu\u0163ini fac voia lui Dumnezeu.<br \/>\nLa masa de lucru din locuin\u0163a sa de la orfelinat, unde locuia acum, P\u0103rintele Iosif st\u0103tea \u00een fa\u0163a foilor albe, cufundat \u00een g\u00e2nduri \u015fi privind departe. \u015ei nu \u015ftia cum s\u0103 \u00eenceap\u0103.<br \/>\nIat\u0103, g\u00e2ndea el, au trecut treizeci \u015fi patru de ani din via\u0163a mea. \u015ei cu ce m\u0103 pot eu \u00eenf\u0103\u0163i\u015fa, cu adev\u0103rat, acum \u00een fa\u0163a lui Dumnezeu, St\u0103p\u00e2nul \u015fi Judec\u0103torul meu? Ce am f\u0103cut eu, cu adev\u0103rat, pentru Dumnezeul meu C\u0103ruia I-am juruit leg\u0103m\u00e2ntul cutremur\u0103tor al preo\u0163iei, f\u0103g\u0103duindu-I slujire \u015fi road\u0103? Ce am f\u0103cut eu, cu adev\u0103rat, pentru poporul meu c\u0103ruia \u00eei juruisem tot devotamentul meu \u00een con\u015ftiin\u0163a mea?<br \/>\nCu un amar sim\u0163\u0103m\u00e2nt de durere \u015fi de ru\u015fine, vedea st\u0103rile \u00een care se zb\u0103teau \u0163ara \u015fi poporul. \u015ei, la fel, neputin\u0163a lui \u00een fa\u0163a acestor st\u0103ri.<br \/>\nDin tot elanul cu care se luptaser\u0103 fiii acestei \u0163\u0103ri, de secole \u00eenainte, pentru \u00eemplinirea marelui nostru ideal na\u0163ional, acum parc\u0103 nu mai r\u0103m\u0103sese nimic.<!--more--><br \/>\nToat\u0103 frumoasa munc\u0103 pentru trezirea \u015fi formarea con\u015ftiin\u0163ei curate a datoriei, a unit\u0103\u0163ii, a cinstei, a demnit\u0103\u0163ii \u015fi a moralei acum parc\u0103 \u00eencetase de peste tot.<br \/>\nToate luminile frumoase \u015fi vrednice, care ardeau c\u00e2ndva at\u00e2t de curat \u015fi de puternic, acum parc\u0103 le stinsese un v\u00e2nt satanic. \u015ei un \u00eentuneric vinovat se \u00eentindea rece, amenin\u0163\u0103tor \u015fi dezn\u0103d\u0103jduit peste toate hotarele noastre fire\u015fti \u015fi suflete\u015fti.<\/p>\n<p style=\"text-align: justify;\"><em>\u00cen zadar ne-a dat oare Dumnezeu o \u0163ar\u0103 mare \u015fi frumoas\u0103? \u2013 <\/em>g\u00e2ndea el<em>.<\/em><br \/>\n<em> \u00cen zadar oare au luptat \u015fi s-au jertfit at\u00e2tea secole \u00eenainta\u015fii no\u015ftri? \u00cen zadar oare am muncit \u015fi am suferit chiar \u015fi noi at\u00e2t de mult? C\u0103ci, \u00eentr-adev\u0103r e \u00een zadar, dac\u0103 l\u0103s\u0103m ca acum s\u0103 se piard\u0103 \u015fi s\u0103 se nimiceasc\u0103 totul, chiar a\u015fa!<\/em><br \/>\n<em> E plin\u0103 lumea de \u015ftiri rele despre cei de sus \u015fi de \u015ftiri triste despre cei de jos&#8230;<\/em><br \/>\n<em> Crimele, ho\u0163iile, judec\u0103\u0163ile, divor\u0163urile, tulbur\u0103rile \u015fi toate nelegiuirile provocate de puhoaiele de alcool, rev\u0103rsate peste \u0163ar\u0103 din sutele de fabrici, \u015ftiute \u015fi ne\u015ftiute, de spirt negru \u015fi alb&#8230; \u015fi din miile de c\u00e2rciumi, au f\u0103cut acum din \u0163ara \u015fi din poporul nostru, cel alt\u0103dat\u0103 at\u00e2t de vrednic, un exemplu grozav de ur\u00e2t pentru toate popoarele din jurul nostru.<\/em><br \/>\n<em> Bolile sociale \u015fi degenerarea, provocate \u015fi r\u0103sp\u00e2ndite de alcoolism, se \u00eentind ca p\u00e2rjolul, distrug\u00e2nd nu numai genera\u0163ia asta, ci \u015fi pe cele viitoare.<\/em><br \/>\n<em> Statisticile sunt din ce \u00een ce mai alarmante, dar nimeni dintre cei cu r\u0103spundere \u00een \u0163ara asta nu se ridic\u0103 puternic \u015fi hot\u0103r\u00e2t s\u0103 opreasc\u0103 aceast\u0103 stare de lucruri \u015fi s\u0103 aduc\u0103 salvarea&#8230;<\/em><br \/>\n<em> \u00cenc\u0103 o dat\u0103: cine le mai poate vedea toate acestea a\u015fa de limpede ca unul care are un loc a\u015fa cum am eu? \u015ei cine oare mai are o r\u0103spundere at\u00e2t de mare \u00een \u00een\u015ftiin\u0163area r\u0103ului \u015fi \u00een luarea de m\u0103suri bune, ca mine, care am \u00een m\u00e2n\u0103 o tr\u00e2mbi\u0163\u0103 cu care pot suna alarma ne\u00eencetat peste o lume \u00eentreag\u0103? Ca mine, care am acum la \u00eendem\u00e2n\u0103 un mijloc cu care pot chema la lupt\u0103 \u00eempotriva r\u0103ului \u015fi pot \u00eendruma ne\u00eencetat spre bine pe cei hot\u0103r\u00e2\u0163i s\u0103 se ridice cu un singur g\u00e2nd, pentru m\u00e2ntuire \u015fi pentru Hristos!&#8230;<\/em><br \/>\n<em> Din bisericu\u0163a ne\u015ftiut\u0103 de la Vidra, Dumnezeu m-a mutat \u00een catedrala de la \u00abLumina Satelor\u00bb. \u015ei, de la cei c\u00e2\u0163iva ascult\u0103tori s\u0103rmani dintr-un sat \u00eendep\u0103rtat de munte, eu pot acum s\u0103 vorbesc unei \u0163\u0103ri, unei lumi \u00eentregi.<\/em><br \/>\n<em> Foaia se tip\u0103re\u015fte \u00een multe mii de exemplare, s\u0103pt\u0103m\u00e2n\u0103 de s\u0103pt\u0103m\u00e2n\u0103, \u015fi \u00een fiecare duminic\u0103 e ascultat\u0103 \u00een mii de sate \u015fi de ora\u015fe, nu numai din \u0163ar\u0103, ci \u015fi p\u00e2n\u0103 departe, peste hotare, \u00een toate col\u0163urile lumii, unde sunt rom\u00e2ni care \u0163in leg\u0103tura cu \u0163ara de unde plecaser\u0103.<\/em><br \/>\n<em> \u015ei eu? Ce am f\u0103cut eu cu-adev\u0103rat, oare, \u015fi ce fac eu, chiar \u015fi acum, pentru a-mi \u00eemplini, \u00een adev\u0103r, datoria pe care am \u00eenceput s\u0103 mi-o simt chiar din clipa c\u00e2nd am primit Sf\u00e2nta Carte \u015fi sf\u00e2nta \u00een\u015ftiin\u0163are a mamei mele, de pe patul mor\u0163ii ei?<\/em><br \/>\n<em>Cu ce \u00eemi \u00eenchei eu acum bilan\u0163ul celor treizeci \u015fi patru de ani din via\u0163a mea? <strong>Practic<\/strong>, ce am f\u0103cut eu \u00een afar\u0103 de pu\u0163in zgomot care \u015fi acela pare c\u0103 s-a pierdut neputincios \u015fi f\u0103r\u0103 nici un ecou, \u00een pustiul acesta mare din jurul meu?&#8230;<\/em><\/p>\n<p style=\"text-align: justify;\">A\u015fa vorbea cu sine \u00eensu\u015fi omul lui Dumnezeu, \u015fi acestea \u00eei erau amarele g\u00e2nduri neputincioase \u015fi triste, ce \u00eel fr\u0103m\u00e2ntau \u00een c\u0103m\u0103ru\u0163a lui de la orfelinat.<br \/>\n\u00cen fa\u0163a lui erau \u00eenc\u0103 foile albe, pe care trebuia s\u0103 se \u00een\u015firuie, \u00een noaptea asta, r\u00e2ndurile ce vor alc\u0103tui primul num\u0103r, de Anul Nou, 1923, al foii \u00abLumina Satelor\u00bb. \u015ei nici el nu \u015ftia cum \u015fi cu ce s\u0103 \u00eenceap\u0103&#8230;<br \/>\nCeasurile treceau astfel grele de g\u00e2nduri, iar foile r\u0103m\u00e2neau albe, c\u0103ci ochii erau plini de lacrimi \u015fi sufletul plin de am\u0103r\u0103ciune. Cum s\u0103 \u00eenceap\u0103 ceea ce se cerea f\u0103cut?<br \/>\nDin tot ora\u015ful r\u0103zb\u0103teau, p\u00e2n\u0103 \u00een c\u0103m\u0103ru\u0163a lui \u015fi p\u00e2n\u0103 \u00een fundul sufletului s\u0103u, strig\u0103tele, urletele de be\u0163ivi, zgomotele de muzici \u015fi tobe ale revelionului.<br \/>\nToate c\u00e2rciumile erau deschise, toate uli\u0163ele \u015fi pie\u0163ele pline, tot v\u0103zduhul plin de chiote \u015fi de neru\u015finare. Un c\u00e2rd de be\u0163ivi trecu chiar pe sub fereastra lui, sp\u0103rg\u00e2nd, cu larma unor c\u00e2ntece murdare \u015fi a unor sudalme grozave, pacea c\u0103su\u0163ei lui lini\u015ftite.<br \/>\nCopilul se zb\u0103tu \u00een p\u0103tu\u0163ul lui. \u015ei sufletul P\u0103rintelui se str\u00e2nse cutremurat. C\u00e2rdul be\u0163ivilor trecu&#8230; Venir\u0103 al\u0163ii. \u015ei, ca ni\u015fte s\u0103ge\u0163i de foc, \u00eei str\u0103punser\u0103 inima, tot mai chinuitoare, \u00eentreb\u0103rile dinainte:<\/p>\n<p style=\"text-align: justify;\"><em>Ce am f\u0103cut eu pentru ca ace\u015fti neferici\u0163i be\u0163ivi \u015fi suduitori s\u0103-\u015fi dea seama, cutremura\u0163i \u015fi \u00eengrozi\u0163i, de p\u0103catul \u015fi pierzarea lor? Ei merg, f\u0103r\u0103 s\u0103-\u015fi dea seama, la o pierzare sigur\u0103, <strong>dar eu \u015ftiu<\/strong> cutremur\u0103tor de bine lucrul acesta.<\/em><br \/>\n<em> Ce-am f\u0103cut eu pentru ca Hristos s\u0103 fie adus <strong>p\u00e2n\u0103 la ei<\/strong>, iar ei adu\u015fi <strong>p\u00e2n\u0103 la Hristos<\/strong> \u2013 singura \u00eent\u00e2lnire m\u00e2ntuitoare a unui suflet \u015fi a unui popor?<\/em><\/p>\n<p style=\"text-align: justify;\">Ochii i se oprir\u0103 \u00eendurera\u0163i asupra Psaltirii l\u0103sate de mama lui. Cartea st\u0103tea \u015fi acum, ca de obicei, pe mas\u0103, \u00een fa\u0163a sa. \u00cen clipa aceea, auzi, mai limpede \u015fi mai puternic ca oric\u00e2nd, glasul Psaltirii \u015fi glasul mamei lui, gr\u0103indu-i cu o voce sf\u00e2\u015fietoare: &#8230;<strong><em>S\u0103-L cuno\u015fti \u015fi s\u0103-L m\u0103rturise\u015fti pe Hristos. \u00cen aceasta va fi m\u00e2ntuirea ta \u015fi a multora<\/em><\/strong>&#8230;<br \/>\n\u00cenv\u0103luit \u00eentr-o lumin\u0103 cereasc\u0103, \u00eei p\u0103ru c\u0103 vede \u00een fa\u0163a sufletului s\u0103u pe Iisus cel R\u0103stignit. \u015ei parc\u0103 \u00cel auzi poruncindu-i: \u201eEu sunt Calea, Adev\u0103rul \u015fi Via\u0163a&#8230;\u201d; \u201eF\u0103r\u0103 Mine nu pute\u0163i face nimic&#8230;\u201d; \u201e\u00cendr\u0103zni\u0163i, Eu am biruit lumea\u201d.<br \/>\n\u015ei sim\u0163i cum lumina aceasta puternic\u0103 se apropi\u00e9, \u00eel cuprinse \u00een ea, \u015fi se rev\u0103rs\u0103 toat\u0103, dintr-o dat\u0103, \u00een toat\u0103 fiin\u0163a lui trupeasc\u0103 \u015fi sufleteasc\u0103&#8230;<br \/>\nSe pr\u0103bu\u015fi pe genunchi \u015fi m\u00e2inile i se \u00eempreunar\u0103, \u00een\u0103l\u0163ate \u00een rug\u0103ciune, peste Psaltirea mamei. Cu tot sufletul cutremurat \u015fi cu toat\u0103 fa\u0163a \u015firoind de lacrimi, izbucni \u00eentr-o m\u0103rturisire zguduitoare, \u00eenvinuindu-\u015fi toat\u0103 nep\u0103sarea trecut\u0103. \u015ei cer\u00e2ndu-\u015fi iertare pentru to\u0163i anii petrecu\u0163i cu at\u00e2t de pu\u0163in folos.<br \/>\nCu o nest\u0103p\u00e2nit\u0103 rev\u0103rsare a inimii, se pred\u0103 din nou lui Hristos, cu o hot\u0103r\u00e2re \u015fi cu un leg\u0103m\u00e2nt nou ca, din clipa aceasta, s\u0103 ia, puternic, un nou drum \u00een lupta lui. Un \u00eendemn fericit \u015fi luminos \u00eei str\u0103luci poruncitor \u00een fa\u0163\u0103, strig\u00e2ndu-i:<br \/>\n\u2013 Ridic\u0103-te \u015fi scrie!<br \/>\n\u015ei, peste foile albe, m\u00e2na lui sl\u0103bu\u0163\u0103 \u00eencepu s\u0103 alerge, scriind cuvintele de foc inspirate de Duhul Sf\u00e2nt, ale <strong>Chem\u0103rii<\/strong> \u00een Numele lui Iisus Hristos, adresate tuturor rom\u00e2nilor \u015fi cre\u015ftinilor pentru hot\u0103r\u00e2rea cea mare:<br \/>\n<em>Veni\u0163i, <\/em>strig\u0103 el<em>, s\u0103 facem o intrare cre\u015ftineasc\u0103 \u00een Anul cel Nou, cu hot\u0103r\u00e2re \u015fi \u00eentov\u0103r\u0103\u015fire de lupt\u0103 \u00eempotriva sudalmelor \u015fi be\u0163iilor&#8230;<\/em><br \/>\n<em> Cititorilor&#8230; veni\u0163i s\u0103 scoatem din casa noastr\u0103, din traiul nostru \u015fi al vecinilor no\u015ftri aceste dou\u0103 mari p\u0103cate care ne pierd sufletul \u015fi neamul nostru: be\u0163ia \u015fi sudalma&#8230;<\/em><br \/>\n<em> Public\u0103m mai jos o \u00abHot\u0103r\u00e2re\u00bb.<\/em><br \/>\n<em> To\u0163i cei care voiesc \u015fi se hot\u0103r\u0103sc s\u0103 intre \u00een lupta contra be\u0163iei \u015fi sudalmei vor isc\u0103li aceast\u0103 hot\u0103r\u00e2re. Apoi hot\u0103r\u00e2rea isc\u0103lit\u0103 o pune\u0163i pe peretele casei \u015fi, mai ales, \u00een suflet, ca s-o ave\u0163i \u00een tot decursul anului cu voi&#8230; spre a vedea c\u00e2\u0163i am putut purta p\u00e2n\u0103 la sf\u00e2r\u015fit lupta cea bun\u0103 pentru biruirea Satanei \u015fi m\u00e2ntuirea noastr\u0103 cea sufleteasc\u0103.<\/em><br \/>\n<em> Cititorule, isc\u0103le\u015fte \u015fi tu hot\u0103r\u00e2rea \u015fi intr\u0103 \u015fi tu \u00een Oastea celor ce se hot\u0103r\u0103sc pentru M\u00e2ntuitorul Hristos \u015fi pentru lupta \u00eempotriva p\u0103catelor. Ascult\u0103 glasul \u015fi rug\u0103ciunea sufletului t\u0103u, isc\u0103le\u015fte \u015fi tu \u015fi \u0163ine hot\u0103r\u00e2rea de mai jos:<\/em><br \/>\n<em> H o t \u0103 r \u00e2 r e :<\/em><br \/>\n<em> Subsemnatul, &#8230;, g\u00e2ndindu-m\u0103 cum a\u015f putea intra \u00een Anul cel Nou cu folos de m\u00e2ntuire sufleteasc\u0103, m\u0103 hot\u0103r\u0103sc prin aceasta, cu \u00eencepere de la Anul Nou, s\u0103 scot din traiul meu sudalma \u015fi be\u0163ia.<\/em><br \/>\n<em> \u00cemi dau seama ce p\u0103cate grele sunt acestea.<\/em><br \/>\n<em> Intru, prin aceasta, \u00een r\u00e2ndul celor ce se hot\u0103r\u0103sc, ca \u015fi mine, s\u0103 fim ni\u015fte buni osta\u015fi ai lui Hristos. S\u0103 \u00eencepem lupta cea sf\u00e2nt\u0103 a cur\u0103\u0163irii vie\u0163ii noastre de p\u0103catele cele multe \u015fi grele.<\/em><br \/>\n<em> \u00cen fruntea o\u015ftirii noastre st\u0103 M\u00e2ntuitorul Hristos \u015fi El ne va duce la biruin\u0163\u0103.<\/em><br \/>\n<em> Pe M\u00e2ntuitorul meu, Iisus Hristos, rug\u00e2ndu-L s\u0103 m\u0103 ajute \u015fi pe mine s\u0103 lupt \u00een Oastea Lui, isc\u0103lesc aceast\u0103 hot\u0103r\u00e2re ce s-a f\u0103cut pentru binele \u015fi m\u00e2ntuirea mea cea sufleteasc\u0103.<\/em><br \/>\n<em> Dat\u0103 \u00een &#8230;, la Anul Nou, 1923<\/em><\/p>\n<p style=\"text-align: justify;\"><em>N. N. . . . . . . . . . . . . . . . . . . . . . , abonat al gazetei \u00abLumina Satelor\u00bb.<\/em><\/p>\n","protected":false},"excerpt":{"rendered":"<p>Traian DORZ, din \u00abISTORIA UNEI\u00a0 JERTFE\u00bb Aceast\u0103 noapte de hotar \u00eentre ani este, de obicei, pentru to\u0163i oamenii, prilejul unui cutremur\u0103tor bilan\u0163. Prilejul \u00een care ne vedem cu to\u0163ii nu numai gr\u0103bita trecere a vie\u0163ii p\u0103m\u00e2nte\u015fti, ci \u015fi felul \u00een care am folosit aceast\u0103 parte din via\u0163a scurt\u0103, pe care o \u00eencheiem la sf\u00e2r\u015fitul fiec\u0103rui&nbsp;<\/p>\n<p><a class=\"btn btn-style\" href=\"https:\/\/comorinemuritoare.ro\/bLOGOS\/iata-noaptea-anului-nou-1923\/\">Continue Reading&#8230;<\/a><\/p>\n","protected":false},"author":1,"featured_media":0,"comment_status":"open","ping_status":"open","sticky":false,"template":"","format":"standard","meta":{"footnotes":""},"categories":[12],"tags":[],"class_list":["post-14281","post","type-post","status-publish","format-standard","hentry","category-mrturii"],"_links":{"self":[{"href":"https:\/\/comorinemuritoare.ro\/bLOGOS\/wp-json\/wp\/v2\/posts\/14281","targetHints":{"allow":["GET"]}}],"collection":[{"href":"https:\/\/comorinemuritoare.ro\/bLOGOS\/wp-json\/wp\/v2\/posts"}],"about":[{"href":"https:\/\/comorinemuritoare.ro\/bLOGOS\/wp-json\/wp\/v2\/types\/post"}],"author":[{"embeddable":true,"href":"https:\/\/comorinemuritoare.ro\/bLOGOS\/wp-json\/wp\/v2\/users\/1"}],"replies":[{"embeddable":true,"href":"https:\/\/comorinemuritoare.ro\/bLOGOS\/wp-json\/wp\/v2\/comments?post=14281"}],"version-history":[{"count":1,"href":"https:\/\/comorinemuritoare.ro\/bLOGOS\/wp-json\/wp\/v2\/posts\/14281\/revisions"}],"predecessor-version":[{"id":30849,"href":"https:\/\/comorinemuritoare.ro\/bLOGOS\/wp-json\/wp\/v2\/posts\/14281\/revisions\/30849"}],"wp:attachment":[{"href":"https:\/\/comorinemuritoare.ro\/bLOGOS\/wp-json\/wp\/v2\/media?parent=14281"}],"wp:term":[{"taxonomy":"category","embeddable":true,"href":"https:\/\/comorinemuritoare.ro\/bLOGOS\/wp-json\/wp\/v2\/categories?post=14281"},{"taxonomy":"post_tag","embeddable":true,"href":"https:\/\/comorinemuritoare.ro\/bLOGOS\/wp-json\/wp\/v2\/tags?post=14281"}],"curies":[{"name":"wp","href":"https:\/\/api.w.org\/{rel}","templated":true}]}}