{"id":14616,"date":"2013-01-09T08:02:28","date_gmt":"2013-01-09T11:02:28","guid":{"rendered":"http:\/\/comorinemuritoare.ro\/bLOGOS\/?p=14616"},"modified":"2013-01-09T08:26:45","modified_gmt":"2013-01-09T11:26:45","slug":"pomenirea-celui-intre-sfinti-parintele-nostru-grigorie-episcopul-de-nissa","status":"publish","type":"post","link":"https:\/\/comorinemuritoare.ro\/bLOGOS\/pomenirea-celui-intre-sfinti-parintele-nostru-grigorie-episcopul-de-nissa\/","title":{"rendered":"Pomenirea celui \u00eentre Sfin\u0163i P\u0103rintele nostru Grigorie, Episcopul de Nissa"},"content":{"rendered":"<p style=\"text-align: right;\"><strong><a href=\"http:\/\/comorinemuritoare.ro\/bLOGOS\/wp-content\/uploads\/2013\/01\/SF.-IERARH-GRIGORIE-DE-NISSA.jpg\"><img loading=\"lazy\" decoding=\"async\" class=\"alignleft size-full wp-image-14617\" alt=\"SF.-IERARH-GRIGORIE-DE-NISSA\" src=\"http:\/\/comorinemuritoare.ro\/bLOGOS\/wp-content\/uploads\/2013\/01\/SF.-IERARH-GRIGORIE-DE-NISSA.jpg\" width=\"333\" height=\"456\" srcset=\"https:\/\/comorinemuritoare.ro\/bLOGOS\/wp-content\/uploads\/2013\/01\/SF.-IERARH-GRIGORIE-DE-NISSA.jpg 728w, https:\/\/comorinemuritoare.ro\/bLOGOS\/wp-content\/uploads\/2013\/01\/SF.-IERARH-GRIGORIE-DE-NISSA-218x300.jpg 218w\" sizes=\"auto, (max-width: 333px) 100vw, 333px\" \/><\/a>Sursa: <a href=\"http:\/\/paginiortodoxe.tripod.com\/vsian\/01-10-sf_ierarh_grigorie_de_nissa.html\" target=\"_blank\">paginiortodoxe<\/a><\/strong><\/p>\n<p style=\"text-align: justify;\">Acest Grigorie era frate dup\u0103 trup cu Sf\u00e2ntul Vasile cel Mare \u015fi a str\u0103b\u0103tut din tinere\u0163e toat\u0103 \u00eenv\u0103\u0163\u0103tura c\u0103r\u0163ii des\u0103v\u00e2r\u015fit; el a fost retor sl\u0103vit \u015fi filosof ales, ca \u015fi Vasile, fratele lui. Apoi s-a c\u0103s\u0103torit cu fericita Teozva, pe care Sf\u00e2ntul Grigorie, cuv\u00e2nt\u0103torul de Dumnezeu (Teologul), a cinstit-o mai pe urm\u0103 cu multe laude, numind-o podoaba Bisericii, \u00eenfrumuse\u0163area lui Hristos, cu adev\u0103rat so\u0163ie sf\u00e2nt\u0103 a celui sfin\u0163it \u015fi vrednic\u0103 de tainele cele mari. Pentru c\u0103 b\u0103rbatul ei fiind hirotonit prezbiter, so\u0163ia sa vie\u0163uia cu sfin\u0163enie \u00een cur\u0103\u0163enie \u015fi cu mintea \u00eentreag\u0103, slujind bolnavilor, \u00eengrijind de cei s\u0103raci \u015fi str\u0103lucind cu bun\u0103t\u0103\u0163ile.<br \/>\nApoi s-a \u00eenvrednicit de slujba diaconiei; pentru c\u0103 a sfin\u0163it-o diaconi\u0163\u0103 \u015fi de aceea cuv\u00e2nt\u0103torul de Dumnezeu zice c\u0103 este vrednic\u0103 de mari taine. Apoi, pl\u0103c\u00e2nd Domnului, a r\u0103posat \u015fi s-a num\u0103rat \u00een cetele sfin\u0163ilor.<\/p>\n<p style=\"text-align: justify;\">B\u0103rbatul ei, Sf\u00e2ntul Grigorie, a fost ridicat la r\u00e2nduiala episcopiei, \u00een ostrovul Nissei \u015fi p\u0103storea bine Biserica lui Hristos. \u00cemp\u0103r\u0103\u0163ind \u00een acea vreme Valens (364-378), arienii se \u00eent\u0103riser\u0103, av\u00e2nd ajutor pe \u00eemp\u0103ratul cel orbit cu acela\u015fi eres, care a izgonit pe Sf\u00e2ntul Grigorie de Nissa de pe scaunul s\u0103u; atunci a umblat sf\u00e2ntul din loc \u00een loc, opt ani, p\u00e2n\u0103 la moartea \u00eemp\u0103ratului, str\u0103b\u0103t\u00e2nd cet\u0103\u0163ile \u015fi \u0163\u0103rile \u015fi \u00eent\u0103rind pe cei dreptcredincio\u015fi.<\/p>\n<p style=\"text-align: justify;\">\u00cen vremea \u00eemp\u0103r\u0103\u0163iei marelui Teodosie (379-395), fiind al doilea sobor a toat\u0103 lumea \u00een Constantinopol (381), contra lui Macedonie, lupt\u0103torul contra Sf\u00e2ntului Duh, se afla acolo \u015fi Sf\u00e2ntul Grigorie cu Sfin\u0163ii P\u0103rin\u0163i, ca ajut\u0103tor al dreptei credin\u0163e, \u00eenfrunt\u00e2nd \u015fi ru\u015fin\u00e2nd pe potrivnici cu puterea adev\u0103rului celui ar\u0103tat din dumnezeiasca Scriptur\u0103 \u015fi, \u015fez\u00e2nd pe scaunul s\u0103u mul\u0163i ani, a ajuns la ad\u00e2nci b\u0103tr\u00e2ne\u0163e, apoi a adormit \u00eentru Domnul, l\u0103s\u00e2nd dup\u0103 sine multe scrieri folositoare Sfintei Biserici. El era cu chipul cel trupesc asemenea fratelui s\u0103u Vasile, \u00eens\u0103 c\u0103runt \u015fi pu\u0163in mai vesel.<\/p>\n","protected":false},"excerpt":{"rendered":"<p>Sursa: paginiortodoxe Acest Grigorie era frate dup\u0103 trup cu Sf\u00e2ntul Vasile cel Mare \u015fi a str\u0103b\u0103tut din tinere\u0163e toat\u0103 \u00eenv\u0103\u0163\u0103tura c\u0103r\u0163ii des\u0103v\u00e2r\u015fit; el a fost retor sl\u0103vit \u015fi filosof ales, ca \u015fi Vasile, fratele lui. Apoi s-a c\u0103s\u0103torit cu fericita Teozva, pe care Sf\u00e2ntul Grigorie, cuv\u00e2nt\u0103torul de Dumnezeu (Teologul), a cinstit-o mai pe urm\u0103 cu&nbsp;<\/p>\n<p><a class=\"btn btn-style\" href=\"https:\/\/comorinemuritoare.ro\/bLOGOS\/pomenirea-celui-intre-sfinti-parintele-nostru-grigorie-episcopul-de-nissa\/\">Continue Reading&#8230;<\/a><\/p>\n","protected":false},"author":1,"featured_media":0,"comment_status":"open","ping_status":"open","sticky":false,"template":"","format":"standard","meta":{"footnotes":""},"categories":[17],"tags":[],"class_list":["post-14616","post","type-post","status-publish","format-standard","hentry","category-patericale"],"_links":{"self":[{"href":"https:\/\/comorinemuritoare.ro\/bLOGOS\/wp-json\/wp\/v2\/posts\/14616","targetHints":{"allow":["GET"]}}],"collection":[{"href":"https:\/\/comorinemuritoare.ro\/bLOGOS\/wp-json\/wp\/v2\/posts"}],"about":[{"href":"https:\/\/comorinemuritoare.ro\/bLOGOS\/wp-json\/wp\/v2\/types\/post"}],"author":[{"embeddable":true,"href":"https:\/\/comorinemuritoare.ro\/bLOGOS\/wp-json\/wp\/v2\/users\/1"}],"replies":[{"embeddable":true,"href":"https:\/\/comorinemuritoare.ro\/bLOGOS\/wp-json\/wp\/v2\/comments?post=14616"}],"version-history":[{"count":0,"href":"https:\/\/comorinemuritoare.ro\/bLOGOS\/wp-json\/wp\/v2\/posts\/14616\/revisions"}],"wp:attachment":[{"href":"https:\/\/comorinemuritoare.ro\/bLOGOS\/wp-json\/wp\/v2\/media?parent=14616"}],"wp:term":[{"taxonomy":"category","embeddable":true,"href":"https:\/\/comorinemuritoare.ro\/bLOGOS\/wp-json\/wp\/v2\/categories?post=14616"},{"taxonomy":"post_tag","embeddable":true,"href":"https:\/\/comorinemuritoare.ro\/bLOGOS\/wp-json\/wp\/v2\/tags?post=14616"}],"curies":[{"name":"wp","href":"https:\/\/api.w.org\/{rel}","templated":true}]}}