{"id":1518,"date":"2023-09-11T15:32:02","date_gmt":"2023-09-11T18:32:02","guid":{"rendered":"http:\/\/comorinemuritoare.ro\/bLOGOS\/?p=1518"},"modified":"2023-09-12T02:06:45","modified_gmt":"2023-09-12T05:06:45","slug":"noi-nu-te-vom-uita-parinte","status":"publish","type":"post","link":"https:\/\/comorinemuritoare.ro\/bLOGOS\/noi-nu-te-vom-uita-parinte\/","title":{"rendered":"Noi nu te vom uita, p\u0103rinte"},"content":{"rendered":"<p><a href=\"http:\/\/comorinemuritoare.ro\/bLOGOS\/wp-content\/uploads\/2014\/06\/Pr-Iosif-6-Cc.jpg\"><img loading=\"lazy\" decoding=\"async\" class=\"alignright wp-image-20335\" src=\"http:\/\/comorinemuritoare.ro\/bLOGOS\/wp-content\/uploads\/2014\/06\/Pr-Iosif-6-Cc.jpg\" alt=\"Pr Iosif 6 Cc\" width=\"359\" height=\"508\" srcset=\"https:\/\/comorinemuritoare.ro\/bLOGOS\/wp-content\/uploads\/2014\/06\/Pr-Iosif-6-Cc.jpg 1181w, https:\/\/comorinemuritoare.ro\/bLOGOS\/wp-content\/uploads\/2014\/06\/Pr-Iosif-6-Cc-212x300.jpg 212w, https:\/\/comorinemuritoare.ro\/bLOGOS\/wp-content\/uploads\/2014\/06\/Pr-Iosif-6-Cc-723x1024.jpg 723w\" sizes=\"auto, (max-width: 359px) 100vw, 359px\" \/><\/a>Noi nu te vom uita, p\u0103rinte,<br \/>\nc\u0103ci glasul t\u0103u cel fermecat<br \/>\npe mii de suflete pierdute<br \/>\nne-a scos din moarte \u015fi p\u0103cat.<\/p>\n<p>Ne-om aminti mereu, p\u0103rinte,<br \/>\nde glasul \u015fi de scrisul t\u0103u,<br \/>\nc\u0103ci el ne-a scos din calea mor\u0163ii<br \/>\n\u015fi ne-a adus la Dumnezeu.<\/p>\n<p>Te vom iubi mereu, p\u0103rinte,<br \/>\n\u015fi-n drumul sf\u00e2nt o s\u0103-\u0163i urm\u0103m,<br \/>\nc\u0103ci tu ne-ai spus cum pentru Domnul<br \/>\ns\u0103 suferim \u015fi s\u0103 lupt\u0103m.<\/p>\n<p>Te vom urma mereu, p\u0103rinte,<br \/>\npe calea Domnului smeri\u0163i,<br \/>\nc\u0103ci f\u0103r\u0103 glasul t\u0103u cu to\u0163ii<br \/>\nam fi \u015fi ast\u0103zi r\u0103t\u0103ci\u0163i.<\/p>\n<p>Statornici vom iubi Lucrarea,<br \/>\n\u015fi glas str\u0103in nu vom urma,<br \/>\nci totdeauna dup\u0103 Domnul<br \/>\nvom merge to\u0163i pe urma ta.<\/p>\n<p>Vom duce to\u0163i c\u00e2t mai departe<br \/>\nspre R\u0103s\u0103rit \u015fi spre Apus,<br \/>\nsolia ta, iubit P\u0103rinte:<br \/>\nLucrarea Oastei lui Iisus.<\/p>\n<p>&nbsp;<\/p>\n","protected":false},"excerpt":{"rendered":"<p>Noi nu te vom uita, p\u0103rinte, c\u0103ci glasul t\u0103u cel fermecat pe mii de suflete pierdute ne-a scos din moarte \u015fi p\u0103cat. Ne-om aminti mereu, p\u0103rinte, de glasul \u015fi de scrisul t\u0103u, c\u0103ci el ne-a scos din calea mor\u0163ii \u015fi ne-a adus la Dumnezeu. Te vom iubi mereu, p\u0103rinte, \u015fi-n drumul sf\u00e2nt o s\u0103-\u0163i urm\u0103m,&nbsp;<\/p>\n<p><a class=\"btn btn-style\" href=\"https:\/\/comorinemuritoare.ro\/bLOGOS\/noi-nu-te-vom-uita-parinte\/\">Continue Reading&#8230;<\/a><\/p>\n","protected":false},"author":1,"featured_media":0,"comment_status":"open","ping_status":"open","sticky":false,"template":"","format":"standard","meta":{"footnotes":""},"categories":[4],"tags":[],"class_list":["post-1518","post","type-post","status-publish","format-standard","hentry","category-poezii"],"_links":{"self":[{"href":"https:\/\/comorinemuritoare.ro\/bLOGOS\/wp-json\/wp\/v2\/posts\/1518","targetHints":{"allow":["GET"]}}],"collection":[{"href":"https:\/\/comorinemuritoare.ro\/bLOGOS\/wp-json\/wp\/v2\/posts"}],"about":[{"href":"https:\/\/comorinemuritoare.ro\/bLOGOS\/wp-json\/wp\/v2\/types\/post"}],"author":[{"embeddable":true,"href":"https:\/\/comorinemuritoare.ro\/bLOGOS\/wp-json\/wp\/v2\/users\/1"}],"replies":[{"embeddable":true,"href":"https:\/\/comorinemuritoare.ro\/bLOGOS\/wp-json\/wp\/v2\/comments?post=1518"}],"version-history":[{"count":1,"href":"https:\/\/comorinemuritoare.ro\/bLOGOS\/wp-json\/wp\/v2\/posts\/1518\/revisions"}],"predecessor-version":[{"id":31315,"href":"https:\/\/comorinemuritoare.ro\/bLOGOS\/wp-json\/wp\/v2\/posts\/1518\/revisions\/31315"}],"wp:attachment":[{"href":"https:\/\/comorinemuritoare.ro\/bLOGOS\/wp-json\/wp\/v2\/media?parent=1518"}],"wp:term":[{"taxonomy":"category","embeddable":true,"href":"https:\/\/comorinemuritoare.ro\/bLOGOS\/wp-json\/wp\/v2\/categories?post=1518"},{"taxonomy":"post_tag","embeddable":true,"href":"https:\/\/comorinemuritoare.ro\/bLOGOS\/wp-json\/wp\/v2\/tags?post=1518"}],"curies":[{"name":"wp","href":"https:\/\/api.w.org\/{rel}","templated":true}]}}