{"id":15398,"date":"2013-02-08T08:39:25","date_gmt":"2013-02-08T11:39:25","guid":{"rendered":"http:\/\/comorinemuritoare.ro\/bLOGOS\/?p=15398"},"modified":"2013-02-08T08:39:25","modified_gmt":"2013-02-08T11:39:25","slug":"m-am-intalnit-cu-tine","status":"publish","type":"post","link":"https:\/\/comorinemuritoare.ro\/bLOGOS\/m-am-intalnit-cu-tine\/","title":{"rendered":"M-AM \u00ceNT\u00c2LNIT CU TINE"},"content":{"rendered":"<p><strong><a href=\"http:\/\/comorinemuritoare.ro\/bLOGOS\/wp-content\/uploads\/2013\/02\/Iisus-si-ucenici-3.jpg\"><img loading=\"lazy\" decoding=\"async\" class=\"alignright size-full wp-image-15399\" alt=\"Iisus-si-ucenici-3\" src=\"http:\/\/comorinemuritoare.ro\/bLOGOS\/wp-content\/uploads\/2013\/02\/Iisus-si-ucenici-3.jpg\" width=\"362\" height=\"534\" srcset=\"https:\/\/comorinemuritoare.ro\/bLOGOS\/wp-content\/uploads\/2013\/02\/Iisus-si-ucenici-3.jpg 677w, https:\/\/comorinemuritoare.ro\/bLOGOS\/wp-content\/uploads\/2013\/02\/Iisus-si-ucenici-3-203x300.jpg 203w\" sizes=\"auto, (max-width: 362px) 100vw, 362px\" \/><\/a>Traian Dorz<\/strong>, C\u00e2nt\u0103rile Eterne<\/p>\n<p style=\"padding-left: 30px;\">M-am \u00eent\u00e2lnit cu Tine<br \/>\nla un hotar, Iisus,<br \/>\n\u015fi-am ascultat \u00eent\u00e2iul<br \/>\ncuv\u00e2nt ce mi l-ai spus;<br \/>\nla-nt\u00e2ia Ta chemare<br \/>\n\u0162i-am spus cu lacrimi: DA<br \/>\n\u2013 \u015fi nu uit p\u00e2n\u2019 la moarte<br \/>\n\u00eembr\u0103\u0163i\u015farea Ta.<\/p>\n<p style=\"padding-left: 30px;\">Au fost de-atunci necazuri<br \/>\nc\u00e2t mun\u0163ii-amenin\u0163\u00e2nd,<br \/>\ndar Harul T\u0103u mai mare<br \/>\na fost, de orice r\u00e2nd;<br \/>\nau n\u0103v\u0103lit vr\u0103jma\u015fii<br \/>\ncumpli\u0163i ca ni\u015fte lei,<br \/>\ndar Tu ai fost, Iisuse,<br \/>\nmai tare dec\u00e2t ei.<\/p>\n<p style=\"padding-left: 30px;\">\u015etiu c\u0103 \u015fi de-azi \u2019nainte,<br \/>\npe-oriunde m-ai purta,<br \/>\nm\u0103 va-nso\u0163i prin toate,<br \/>\nIisus, puterea Ta<br \/>\n\u015fi-mi vei \u00eentinde M\u00e2na,<br \/>\nmai repede s\u0103 vin,<br \/>\ns\u0103 m\u0103-nt\u00e2lnesc cu Tine<br \/>\nla Alt Hotar Divin.<\/p>\n","protected":false},"excerpt":{"rendered":"<p>Traian Dorz, C\u00e2nt\u0103rile Eterne M-am \u00eent\u00e2lnit cu Tine la un hotar, Iisus, \u015fi-am ascultat \u00eent\u00e2iul cuv\u00e2nt ce mi l-ai spus; la-nt\u00e2ia Ta chemare \u0162i-am spus cu lacrimi: DA \u2013 \u015fi nu uit p\u00e2n\u2019 la moarte \u00eembr\u0103\u0163i\u015farea Ta. Au fost de-atunci necazuri c\u00e2t mun\u0163ii-amenin\u0163\u00e2nd, dar Harul T\u0103u mai mare a fost, de orice r\u00e2nd; au n\u0103v\u0103lit&nbsp;<\/p>\n<p><a class=\"btn btn-style\" href=\"https:\/\/comorinemuritoare.ro\/bLOGOS\/m-am-intalnit-cu-tine\/\">Continue Reading&#8230;<\/a><\/p>\n","protected":false},"author":1,"featured_media":0,"comment_status":"open","ping_status":"open","sticky":false,"template":"","format":"standard","meta":{"footnotes":""},"categories":[4],"tags":[],"class_list":["post-15398","post","type-post","status-publish","format-standard","hentry","category-poezii"],"_links":{"self":[{"href":"https:\/\/comorinemuritoare.ro\/bLOGOS\/wp-json\/wp\/v2\/posts\/15398","targetHints":{"allow":["GET"]}}],"collection":[{"href":"https:\/\/comorinemuritoare.ro\/bLOGOS\/wp-json\/wp\/v2\/posts"}],"about":[{"href":"https:\/\/comorinemuritoare.ro\/bLOGOS\/wp-json\/wp\/v2\/types\/post"}],"author":[{"embeddable":true,"href":"https:\/\/comorinemuritoare.ro\/bLOGOS\/wp-json\/wp\/v2\/users\/1"}],"replies":[{"embeddable":true,"href":"https:\/\/comorinemuritoare.ro\/bLOGOS\/wp-json\/wp\/v2\/comments?post=15398"}],"version-history":[{"count":0,"href":"https:\/\/comorinemuritoare.ro\/bLOGOS\/wp-json\/wp\/v2\/posts\/15398\/revisions"}],"wp:attachment":[{"href":"https:\/\/comorinemuritoare.ro\/bLOGOS\/wp-json\/wp\/v2\/media?parent=15398"}],"wp:term":[{"taxonomy":"category","embeddable":true,"href":"https:\/\/comorinemuritoare.ro\/bLOGOS\/wp-json\/wp\/v2\/categories?post=15398"},{"taxonomy":"post_tag","embeddable":true,"href":"https:\/\/comorinemuritoare.ro\/bLOGOS\/wp-json\/wp\/v2\/tags?post=15398"}],"curies":[{"name":"wp","href":"https:\/\/api.w.org\/{rel}","templated":true}]}}