{"id":15481,"date":"2013-02-11T15:56:34","date_gmt":"2013-02-11T18:56:34","guid":{"rendered":"http:\/\/comorinemuritoare.ro\/bLOGOS\/?p=15481"},"modified":"2013-02-12T14:24:06","modified_gmt":"2013-02-12T17:24:06","slug":"cand-alini-durerea-unui-copil-orfan-alini-durerea-lui-hristos","status":"publish","type":"post","link":"https:\/\/comorinemuritoare.ro\/bLOGOS\/cand-alini-durerea-unui-copil-orfan-alini-durerea-lui-hristos\/","title":{"rendered":"\u00abCopiii \u2013 calea spre Hristos\u00bb"},"content":{"rendered":"<p style=\"text-align: justify;\"><a href=\"http:\/\/comorinemuritoare.ro\/bLOGOS\/wp-content\/uploads\/2013\/02\/PS-Longhin-de-Banceni-Mihail-Jar.jpg\"><img loading=\"lazy\" decoding=\"async\" class=\"alignleft size-full wp-image-15497\" alt=\"PS-Longhin-de-Banceni-(Mihail-Jar)\" src=\"http:\/\/comorinemuritoare.ro\/bLOGOS\/wp-content\/uploads\/2013\/02\/PS-Longhin-de-Banceni-Mihail-Jar.jpg\" width=\"245\" height=\"288\" \/><\/a>\u00cen ziua de 10 februarie, Prea Sfin\u0163itul Longhin de B\u0103nceni \u2013 Ucraina, la invita\u0163ia IPS Teodosie, Arhiepiscopul Tomisului \u0219i a p\u0103rintelui paroh al Bisericii \u00abSf. Mucenic Haralambie\u00bb, pr. Ciprian Stanca, a sosit la Constanta, \u00eenso\u0163it de un grup de copii \u015fi c\u00e2teva m\u0103icu\u0163e de la M\u0103n\u0103stirea Boian \u015fi c\u00e2\u0163iva preo\u0163i \u015fi c\u0103lug\u0103ri de la M\u0103n\u0103stirea B\u0103nceni, aduc\u00e2nd \u00een dar, spre cinstire \u015fi \u00eenchinare, moa\u0219tele Sf\u00e2ntului Serafim de Sarov \u0219i ale Sf\u00e2ntului Longhin.<br \/>\nDuminic\u0103 diminea\u0163\u0103 cei doi ierarhi au oficiat Sf\u00e2nta Liturghie la Biserica \u00abSf. Mucenic Haralambie\u00bb, \u00eempreun\u0103 cu un sobor de preo\u021bi \u0219i diaconi.<br \/>\nDup\u0103 amiaz\u0103, <strong>la Casa de cultur\u0103 a Sindicatelor din Constanta, Prea Sfin\u0163itul \u00a0Longhin a sus\u0163inut o conferin\u0163\u0103 cu tema \u201eCopiii \u2013 cale spre Hristos\u201c<\/strong> \u00een prezen\u0163a a peste opt sute de participan\u0163i. Dup\u0103 o cuv\u00e2ntare deosebit de cald\u0103 despre \u00eentreaga lucrare pe care o desf\u0103\u015foar\u0103 la M\u0103n\u0103stirea B\u0103nceni ca tat\u0103 a patru sute de copii, pe care i-au \u00eenfiat at\u00e2t Prea Sfin\u0163ia Sa c\u00e2t \u015fi un mare num\u0103r de c\u0103lug\u0103ri de la M\u0103n\u0103stirea B\u0103nceni sau de m\u0103icu\u0163e de la M\u0103n\u0103stirea Boian, multe \u00eentreb\u0103ri au ajuns pe masa Prea Sfin\u0163iei sale, \u00eentreb\u0103ri din diferite domenii, la care d\u00e2nsul a r\u0103spuns \u00eenduio\u015fat \u015fi plin de dragostea cu care \u00eei \u00eenconjoar\u0103 pe copii, indiferent de mediul din care provin \u015fi indiferent de starea lor de s\u0103n\u0103tate, aproape jum\u0103tate dintre ei suferind de SIDA sau alte dizabilit\u0103\u0163i.<br \/>\n<strong>\u201eC\u00e2nd alini durerea unui copil orfan, alini durerea lui Hristos\u201c<\/strong> a motivat devotamentul s\u0103u fa\u0163\u0103 de ace\u015fti copii ai nim\u0103nui, chiar f\u0103r\u0103 a judeca p\u0103rin\u0163ii acestora, fiecare dintre ace\u015ftia av\u00e2nd \u00een spatele abandon\u0103rii copilului drama sa.<strong><br \/>\n<\/strong><\/p>\n<p style=\"text-align: center;\"><iframe loading=\"lazy\" src=\"http:\/\/www.youtube.com\/embed\/TRUZAVdqdus?rel=0\" height=\"360\" width=\"640\" allowfullscreen=\"\" frameborder=\"0\"><\/iframe><\/p>\n<p style=\"text-align: center;\"><iframe loading=\"lazy\" src=\"http:\/\/www.youtube.com\/embed\/rQxNmfuLQ0w?rel=0\" height=\"360\" width=\"640\" allowfullscreen=\"\" frameborder=\"0\"><\/iframe><\/p>\n","protected":false},"excerpt":{"rendered":"<p>\u00cen ziua de 10 februarie, Prea Sfin\u0163itul Longhin de B\u0103nceni \u2013 Ucraina, la invita\u0163ia IPS Teodosie, Arhiepiscopul Tomisului \u0219i a p\u0103rintelui paroh al Bisericii \u00abSf. Mucenic Haralambie\u00bb, pr. Ciprian Stanca, a sosit la Constanta, \u00eenso\u0163it de un grup de copii \u015fi c\u00e2teva m\u0103icu\u0163e de la M\u0103n\u0103stirea Boian \u015fi c\u00e2\u0163iva preo\u0163i \u015fi c\u0103lug\u0103ri de la M\u0103n\u0103stirea&nbsp;<\/p>\n<p><a class=\"btn btn-style\" href=\"https:\/\/comorinemuritoare.ro\/bLOGOS\/cand-alini-durerea-unui-copil-orfan-alini-durerea-lui-hristos\/\">Continue Reading&#8230;<\/a><\/p>\n","protected":false},"author":1,"featured_media":0,"comment_status":"open","ping_status":"open","sticky":false,"template":"","format":"standard","meta":{"footnotes":""},"categories":[10],"tags":[],"class_list":["post-15481","post","type-post","status-publish","format-standard","hentry","category-evenimente"],"_links":{"self":[{"href":"https:\/\/comorinemuritoare.ro\/bLOGOS\/wp-json\/wp\/v2\/posts\/15481","targetHints":{"allow":["GET"]}}],"collection":[{"href":"https:\/\/comorinemuritoare.ro\/bLOGOS\/wp-json\/wp\/v2\/posts"}],"about":[{"href":"https:\/\/comorinemuritoare.ro\/bLOGOS\/wp-json\/wp\/v2\/types\/post"}],"author":[{"embeddable":true,"href":"https:\/\/comorinemuritoare.ro\/bLOGOS\/wp-json\/wp\/v2\/users\/1"}],"replies":[{"embeddable":true,"href":"https:\/\/comorinemuritoare.ro\/bLOGOS\/wp-json\/wp\/v2\/comments?post=15481"}],"version-history":[{"count":0,"href":"https:\/\/comorinemuritoare.ro\/bLOGOS\/wp-json\/wp\/v2\/posts\/15481\/revisions"}],"wp:attachment":[{"href":"https:\/\/comorinemuritoare.ro\/bLOGOS\/wp-json\/wp\/v2\/media?parent=15481"}],"wp:term":[{"taxonomy":"category","embeddable":true,"href":"https:\/\/comorinemuritoare.ro\/bLOGOS\/wp-json\/wp\/v2\/categories?post=15481"},{"taxonomy":"post_tag","embeddable":true,"href":"https:\/\/comorinemuritoare.ro\/bLOGOS\/wp-json\/wp\/v2\/tags?post=15481"}],"curies":[{"name":"wp","href":"https:\/\/api.w.org\/{rel}","templated":true}]}}