{"id":15545,"date":"2013-02-13T17:33:43","date_gmt":"2013-02-13T20:33:43","guid":{"rendered":"http:\/\/comorinemuritoare.ro\/bLOGOS\/?p=15545"},"modified":"2013-02-13T17:33:43","modified_gmt":"2013-02-13T20:33:43","slug":"eu-n-am-uitat","status":"publish","type":"post","link":"https:\/\/comorinemuritoare.ro\/bLOGOS\/eu-n-am-uitat\/","title":{"rendered":"EU N-AM UITAT"},"content":{"rendered":"<p><em><strong>Traian DORZ<\/strong>, din<\/em> C\u00c2NTAREA VE\u015eNICIEI<\/p>\n<p style=\"padding-left: 30px;\"><a href=\"http:\/\/comorinemuritoare.ro\/bLOGOS\/wp-content\/uploads\/2012\/11\/Cop-Traim-vremuri-biblice.jpg\"><img loading=\"lazy\" decoding=\"async\" class=\"alignright size-full wp-image-13121\" alt=\"Cop-Traim-vremuri-biblice\" src=\"http:\/\/comorinemuritoare.ro\/bLOGOS\/wp-content\/uploads\/2012\/11\/Cop-Traim-vremuri-biblice.jpg\" width=\"401\" height=\"551\" srcset=\"https:\/\/comorinemuritoare.ro\/bLOGOS\/wp-content\/uploads\/2012\/11\/Cop-Traim-vremuri-biblice.jpg 582w, https:\/\/comorinemuritoare.ro\/bLOGOS\/wp-content\/uploads\/2012\/11\/Cop-Traim-vremuri-biblice-218x300.jpg 218w\" sizes=\"auto, (max-width: 401px) 100vw, 401px\" \/><\/a>Eu n-am uitat cuv\u00e2ntul: \u00abAduce\u0163i-v\u0103-aminte!\u00bb;<br \/>\nca fulgerul \u00eemi arde, ca tunetul mi-e spus,<br \/>\n\u2013 \u00eenainta\u015fii no\u015ftri nu-s pietre ori morminte,<br \/>\nci steaguri \u00een\u0103l\u0163ate \u015fi sori ce n-au apus!<\/p>\n<p style=\"padding-left: 30px;\">\u00cel v\u0103d venind pe ziduri p\u0103rintele-lumin\u0103,<br \/>\ncu fruntea lui \u015fi m\u00e2na cea alb\u0103 \u2013 singurel,<br \/>\n\u015fi glasu-i alb \u00eentreab\u0103&#8230; \u015fi tace, \u015fi suspin\u0103,<br \/>\n\u015fi nu-\u015fi mai recunoa\u015fte pe nime\u2019-aici cu el.<\/p>\n<p style=\"padding-left: 30px;\">\u015ei v\u0103d o M\u00e2n\u0103 Sf\u00e2nt\u0103 cum scrie pe o raz\u0103<br \/>\nun \u00abMane, Techel, Fares\u00bb pe-acest ora\u015f be\u0163iu<br \/>\nce c\u00e2nt\u0103-c\u00e2nt\u0103-c\u00e2nt\u0103 c\u00e2nd tot se ruineaz\u0103<br \/>\n\u015fi c\u00e2ntecul r\u0103sun\u0103 a jale \u015fi-a pustiu.<\/p>\n<p style=\"padding-left: 30px;\">\u015ei v\u0103d copii nev\u00e2rstnici venind ca s\u0103 se-mbete<br \/>\nde c\u00e2ntecul acestui \u0163imbal z\u00e2ng\u0103nitor<br \/>\n\u015fi sunetul i-n\u015fal\u0103 \u2013 \u015fi sufletele, bete,<br \/>\nse duc pe alte drumuri, pierz\u00e2ndu-\u015fi \u0163ara lor.<\/p>\n<p style=\"padding-left: 30px;\">&#8230; Cum m-a-n\u015felat iubirea s\u0103 nu v\u0103d mai din vreme<br \/>\nc\u0103 duhul \u00eend\u0103r\u0103tnic nu poate fi salvat,<br \/>\nc\u0103 vai e-n veci de cel ce n-ascult\u0103,<br \/>\nnici se teme<br \/>\n\u015fi vai e \u015fi de-aceia ce-n urma lui s-abat!<\/p>\n<p style=\"padding-left: 30px;\">Acum aud cuv\u00e2ntul: Ia seama ce r\u0103splat\u0103<br \/>\nau to\u0163i d\u0103r\u00e2m\u0103torii \u2013 \u015fi teme-te mereu!<br \/>\n\u2013 \u015fi m\u0103-ngrozesc ce are s\u0103 vin\u0103 dintr-o dat\u0103<br \/>\n\u015fi peste-acel ce scrie acuma Dumnezeu!<\/p>\n","protected":false},"excerpt":{"rendered":"<p>Traian DORZ, din C\u00c2NTAREA VE\u015eNICIEI Eu n-am uitat cuv\u00e2ntul: \u00abAduce\u0163i-v\u0103-aminte!\u00bb; ca fulgerul \u00eemi arde, ca tunetul mi-e spus, \u2013 \u00eenainta\u015fii no\u015ftri nu-s pietre ori morminte, ci steaguri \u00een\u0103l\u0163ate \u015fi sori ce n-au apus! \u00cel v\u0103d venind pe ziduri p\u0103rintele-lumin\u0103, cu fruntea lui \u015fi m\u00e2na cea alb\u0103 \u2013 singurel, \u015fi glasu-i alb \u00eentreab\u0103&#8230; \u015fi tace, \u015fi&nbsp;<\/p>\n<p><a class=\"btn btn-style\" href=\"https:\/\/comorinemuritoare.ro\/bLOGOS\/eu-n-am-uitat\/\">Continue Reading&#8230;<\/a><\/p>\n","protected":false},"author":1,"featured_media":0,"comment_status":"open","ping_status":"open","sticky":false,"template":"","format":"standard","meta":{"footnotes":""},"categories":[4],"tags":[],"class_list":["post-15545","post","type-post","status-publish","format-standard","hentry","category-poezii"],"_links":{"self":[{"href":"https:\/\/comorinemuritoare.ro\/bLOGOS\/wp-json\/wp\/v2\/posts\/15545","targetHints":{"allow":["GET"]}}],"collection":[{"href":"https:\/\/comorinemuritoare.ro\/bLOGOS\/wp-json\/wp\/v2\/posts"}],"about":[{"href":"https:\/\/comorinemuritoare.ro\/bLOGOS\/wp-json\/wp\/v2\/types\/post"}],"author":[{"embeddable":true,"href":"https:\/\/comorinemuritoare.ro\/bLOGOS\/wp-json\/wp\/v2\/users\/1"}],"replies":[{"embeddable":true,"href":"https:\/\/comorinemuritoare.ro\/bLOGOS\/wp-json\/wp\/v2\/comments?post=15545"}],"version-history":[{"count":0,"href":"https:\/\/comorinemuritoare.ro\/bLOGOS\/wp-json\/wp\/v2\/posts\/15545\/revisions"}],"wp:attachment":[{"href":"https:\/\/comorinemuritoare.ro\/bLOGOS\/wp-json\/wp\/v2\/media?parent=15545"}],"wp:term":[{"taxonomy":"category","embeddable":true,"href":"https:\/\/comorinemuritoare.ro\/bLOGOS\/wp-json\/wp\/v2\/categories?post=15545"},{"taxonomy":"post_tag","embeddable":true,"href":"https:\/\/comorinemuritoare.ro\/bLOGOS\/wp-json\/wp\/v2\/tags?post=15545"}],"curies":[{"name":"wp","href":"https:\/\/api.w.org\/{rel}","templated":true}]}}