{"id":15656,"date":"2013-02-19T14:21:32","date_gmt":"2013-02-19T17:21:32","guid":{"rendered":"http:\/\/comorinemuritoare.ro\/bLOGOS\/?p=15656"},"modified":"2013-02-19T14:21:32","modified_gmt":"2013-02-19T17:21:32","slug":"de-ce-noi-nu-putem-2","status":"publish","type":"post","link":"https:\/\/comorinemuritoare.ro\/bLOGOS\/de-ce-noi-nu-putem-2\/","title":{"rendered":"De ce noi nu putem?"},"content":{"rendered":"<p style=\"padding-left: 30px;\"><em><strong><a href=\"http:\/\/comorinemuritoare.ro\/bLOGOS\/wp-content\/uploads\/2013\/02\/Iisus-la-Marele-Preot.jpg\"><img loading=\"lazy\" decoding=\"async\" class=\"alignright size-full wp-image-15657\" alt=\"Iisus-la-Marele-Preot\" src=\"http:\/\/comorinemuritoare.ro\/bLOGOS\/wp-content\/uploads\/2013\/02\/Iisus-la-Marele-Preot.jpg\" width=\"283\" height=\"389\" srcset=\"https:\/\/comorinemuritoare.ro\/bLOGOS\/wp-content\/uploads\/2013\/02\/Iisus-la-Marele-Preot.jpg 728w, https:\/\/comorinemuritoare.ro\/bLOGOS\/wp-content\/uploads\/2013\/02\/Iisus-la-Marele-Preot-218x300.jpg 218w\" sizes=\"auto, (max-width: 283px) 100vw, 283px\" \/><\/a>Traian DORZ,<\/strong><\/em><\/p>\n<p style=\"padding-left: 60px;\"><i>din<\/i><b><i> C\u00e2nt\u0103ri \u00cendep\u0103rtate<\/i><\/b><\/p>\n<p>De ce noi nu putem, Iisuse, al vie\u0163ii greu s\u0103-l biruim,<br \/>\nbatjocorile \u015fi prigoana mai r\u0103bd\u0103tori s\u0103 le primim?<\/p>\n<p>De ce \u00een valurile vie\u0163ii a\u015fa u\u015for ne afund\u0103m?<br \/>\nDe ce ne cople\u015fe\u015fte somnul, de veghe c\u00e2nd ne pui s\u0103 st\u0103m?<\/p>\n<p>&#8230;Fiindc\u0103 noi privim la valuri \u015fi nu pe Tine, Te vedem,<br \/>\nfiindc\u0103 ne culc\u0103m alene \u015fi nu cu Tine priveghem!<\/p>\n<p>Fiindc\u0103 nu iubim ocara \u015fi n-am dori s\u0103 suferim;<br \/>\ncu toat\u0103 lumea de p\u0103cate ne place-n pace s\u0103 tr\u0103im.<\/p>\n<p>De-aceea nu putem, Iisuse, s\u0103 facem lucrul cel mai mic<br \/>\n\u015fi \u00een aceast\u0103 trist\u0103 stare \u00een veci nu vom putea nimic!<\/p>\n<p>O, \u00eent\u0103re\u015fte-ne, Iisuse, \u015fi ochii \u0163ine-ni-i mereu<br \/>\nla Tine, Care e\u015fti puterea \u015fi biruin\u0163a-n orice greu.<\/p>\n","protected":false},"excerpt":{"rendered":"<p>Traian DORZ, din C\u00e2nt\u0103ri \u00cendep\u0103rtate De ce noi nu putem, Iisuse, al vie\u0163ii greu s\u0103-l biruim, batjocorile \u015fi prigoana mai r\u0103bd\u0103tori s\u0103 le primim? De ce \u00een valurile vie\u0163ii a\u015fa u\u015for ne afund\u0103m? De ce ne cople\u015fe\u015fte somnul, de veghe c\u00e2nd ne pui s\u0103 st\u0103m? &#8230;Fiindc\u0103 noi privim la valuri \u015fi nu pe Tine, Te&nbsp;<\/p>\n<p><a class=\"btn btn-style\" href=\"https:\/\/comorinemuritoare.ro\/bLOGOS\/de-ce-noi-nu-putem-2\/\">Continue Reading&#8230;<\/a><\/p>\n","protected":false},"author":1,"featured_media":0,"comment_status":"open","ping_status":"open","sticky":false,"template":"","format":"standard","meta":{"footnotes":""},"categories":[4],"tags":[],"class_list":["post-15656","post","type-post","status-publish","format-standard","hentry","category-poezii"],"_links":{"self":[{"href":"https:\/\/comorinemuritoare.ro\/bLOGOS\/wp-json\/wp\/v2\/posts\/15656","targetHints":{"allow":["GET"]}}],"collection":[{"href":"https:\/\/comorinemuritoare.ro\/bLOGOS\/wp-json\/wp\/v2\/posts"}],"about":[{"href":"https:\/\/comorinemuritoare.ro\/bLOGOS\/wp-json\/wp\/v2\/types\/post"}],"author":[{"embeddable":true,"href":"https:\/\/comorinemuritoare.ro\/bLOGOS\/wp-json\/wp\/v2\/users\/1"}],"replies":[{"embeddable":true,"href":"https:\/\/comorinemuritoare.ro\/bLOGOS\/wp-json\/wp\/v2\/comments?post=15656"}],"version-history":[{"count":0,"href":"https:\/\/comorinemuritoare.ro\/bLOGOS\/wp-json\/wp\/v2\/posts\/15656\/revisions"}],"wp:attachment":[{"href":"https:\/\/comorinemuritoare.ro\/bLOGOS\/wp-json\/wp\/v2\/media?parent=15656"}],"wp:term":[{"taxonomy":"category","embeddable":true,"href":"https:\/\/comorinemuritoare.ro\/bLOGOS\/wp-json\/wp\/v2\/categories?post=15656"},{"taxonomy":"post_tag","embeddable":true,"href":"https:\/\/comorinemuritoare.ro\/bLOGOS\/wp-json\/wp\/v2\/tags?post=15656"}],"curies":[{"name":"wp","href":"https:\/\/api.w.org\/{rel}","templated":true}]}}