{"id":16026,"date":"2013-03-06T08:34:30","date_gmt":"2013-03-06T11:34:30","guid":{"rendered":"http:\/\/comorinemuritoare.ro\/bLOGOS\/?p=16026"},"modified":"2013-03-06T08:35:36","modified_gmt":"2013-03-06T11:35:36","slug":"magiaru-adam-din-timisoara","status":"publish","type":"post","link":"https:\/\/comorinemuritoare.ro\/bLOGOS\/magiaru-adam-din-timisoara\/","title":{"rendered":"Magiaru Adam din Timi\u015foara"},"content":{"rendered":"<p style=\"padding-left: 60px; text-align: justify;\"><span style=\"color: #0000ff;\"><em><a href=\"http:\/\/comorinemuritoare.ro\/bLOGOS\/wp-content\/uploads\/2013\/03\/Magiaru-3.jpg\"><img loading=\"lazy\" decoding=\"async\" class=\"alignright size-full wp-image-16027\" alt=\"Magiaru-3\" src=\"http:\/\/comorinemuritoare.ro\/bLOGOS\/wp-content\/uploads\/2013\/03\/Magiaru-3.jpg\" width=\"223\" height=\"262\" srcset=\"https:\/\/comorinemuritoare.ro\/bLOGOS\/wp-content\/uploads\/2013\/03\/Magiaru-3.jpg 508w, https:\/\/comorinemuritoare.ro\/bLOGOS\/wp-content\/uploads\/2013\/03\/Magiaru-3-254x300.jpg 254w\" sizes=\"auto, (max-width: 223px) 100vw, 223px\" \/><\/a>Cu pu\u0163in \u00eenainte de plecarea lui la Domnul, a avut o r\u0103pire sufleteasc\u0103 \u015fi a v\u0103zut cerul deschis, plin de str\u0103lucire \u015fi de o frumuse\u0163e de nedescris\u2026 Apoi a zis: \u201eCe vis frumos am avut\u2026 Mergeam pe un c\u00e2mp minunat de flori\u2026 \u015fi venea \u00een \u00eent\u00e2mpinarea mea un Copil nespus de frumos\u2026\u201d<\/em><\/span><br \/>\n<span style=\"color: #0000ff;\"><em> A\u015fa a adormit el \u00een Domnul \u00een <strong>6 martie 1969<\/strong>, spun\u00e2nd: \u201eSl\u0103vit s\u0103 fie Domnul!\u201d \u015ei a r\u0103mas cu privirea a\u0163intit\u0103 spre Cer\u2026<\/em><\/span><\/p>\n<p style=\"text-align: justify;\">Fratele Magiaru Adam s-a n\u0103scut \u00een 24 noiembrie 1900, \u00een satul Ghilad din jude\u0163ul Timi\u015f. A r\u0103mas orfan de ambii p\u0103rin\u0163i la v\u00e2rsta de 10 ani, cresc\u00e2nd apoi \u00een mijlocul multor greut\u0103\u0163i \u015fi necazuri, fiind mereu slug\u0103 pe la al\u0163ii. \u00cen felul acesta Dumnezeu \u00eel preg\u0103tea \u00eenc\u0103 din copil\u0103ria lui pentru cea mai frumoas\u0103 chemare ce poate fi pe p\u0103m\u00e2nt: de a-L sluji pe Domnul Iisus Hristos.<br \/>\n\u00cen felul acesta a \u00eenv\u0103\u0163at el s\u0103 asculte \u015fi s\u0103 fie harnic \u015fi cinstit, respectuos \u015fi smerit, lucru at\u00e2t de necesar unui suflet credincios \u2013 at\u00e2t \u00een slujba oamenilor, c\u00e2t \u015fi \u00een slujba lui Dumnezeu.<br \/>\n\u00cen anul 1927 s-a c\u0103s\u0103torit \u015fi s-a mutat \u00een Timi\u015foara cu sora Marta, so\u0163ia lui, un suflet ales de Domnul, de acela\u015fi frumos fel ca al lui. Domnul le-a dat apoi, din unirea lor, trei fiice: pe Dorina [care a murit c\u00e2nd avea doar c\u00e2teva luni \u2013 n.n.], pe Cornelia \u015fi pe Lucia, care au urmat credin\u0163ei bunilor lor p\u0103rin\u0163i.<br \/>\nA muncit 35 de ani ca angajat la Calea Ferat\u0103, dar \u00een to\u0163i ace\u015fti ani n-a avut nici o mustrare, ci numai laude de la superiorii s\u0103i, pentru c\u0103 Evanghelia lui Hristos \u015fi Oastea Domnului de care s-a alipit cu toat\u0103 familia lui l-a \u00eenv\u0103\u0163at s\u0103 fie totdeauna corect, harnic \u015fi con\u015ftiincios \u00een toate lucrurile \u015fi datoriile sale.<br \/>\n\u00cen timpul r\u0103zboiului, o bomb\u0103 i-a aprins toat\u0103 casa, arz\u00e2ndu-i tot avutul str\u00e2ns cu munc\u0103 grea. Mult timp s a chinuit greu \u00een s\u0103r\u0103cie \u015fi lipsuri. Dar \u015fi aceasta l-a ajutat s\u0103 c\u00e2nte: \u201eMai l\u00e2ng\u0103 Domnul meu, mai l\u00e2ng\u0103 El\u201d.<br \/>\nDe\u015fi avusese parte de toate aceste necazuri \u015fi multe altele, totu\u015fi fratele Adam \u00eenc\u0103 nu era pe deplin credincios, fiindc\u0103 nu trecuse \u00eenc\u0103 prin na\u015fterea din nou, f\u0103r\u0103 de care nimeni nu poate fi m\u00e2ntuit, chiar dac\u0103 este un om religios, cum fusese p\u00e2n\u0103 atunci \u015fi el.<!--more--> Hot\u0103r\u00e2rea lui pentru Domnul a venit printr-o minune. La \u00eemplinirea acestei minuni, Domnul S-a folosit de fiica lui cea mai mic\u0103, Lucia, care s-a predat prima din familia lor Domnului Iisus, la o frumoas\u0103 adunare a Oastei Domnului din Glimboca, \u00een vara anului 1956. Lucia i-a vorbit tat\u0103lui ei mereu despre Domnul, cu mult\u0103 dragoste \u015fi r\u0103bdare, \u00eenfrunt\u00e2nd adesea mustr\u0103ri aspre de la tat\u0103l s\u0103u pentru asta\u2026 Dar p\u00e2n\u0103 la urm\u0103 Dumnezeu i-a dat bucuria de a-l vedea \u015fi pe tat\u0103l ei predat Domnului.<br \/>\n\u00cendat\u0103 dup\u0103 hot\u0103r\u00e2rea \u015fi leg\u0103m\u00e2ntul s\u0103u, fratele Adam a \u00eenceput s\u0103 lucreze cu mult\u0103 r\u00e2vn\u0103 \u00eentre fra\u0163ii din Timi\u015foara \u015fi \u00eemprejurimi, apoi tot mai departe prin \u0163inutul Banatului, vestindu-L pe Domnul \u015fi aduc\u00e2nd multe suflete la El.<br \/>\n\u00cen Timi\u015foara, casa lui a devenit o cas\u0103 de adunare pentru fra\u0163i. \u00cen casa lui s-au \u0163inut unele sfaturi fr\u0103\u0163e\u015fti care erau necesare pe vremea aceea pentru orientarea s\u0103n\u0103toas\u0103 \u00een \u00eenv\u0103\u0163\u0103tura noastr\u0103 str\u0103bun\u0103, care era tulburat\u0103 de multe ispitiri la r\u0103t\u0103cire. Acolo am participat \u015fi noi, iar lucrul acesta a fost socotit o vin\u0103 pentru care, la vremea \u00eencerc\u0103rii noastre, a fost luat, judecat \u015fi \u00eenchis \u015fi el \u00eempreun\u0103 cu fiica sa, Lucia, surioara noastr\u0103. \u00cempreun\u0103 cu ceilal\u0163i 13 fra\u0163i din Timi\u015foara condamna\u0163i a\u00actunci, au fost condamna\u0163i \u015fi ei doi pentru Oastea Domnului. Fratele Adam, la 8 ani, iar sora Lucia, la 5 ani munc\u0103 silnic\u0103 \u015fi confiscarea averii.<\/p>\n<p style=\"text-align: justify;\">La Bac\u0103u,\u00eempreun\u0103 cu fratele Leon An-dronic \u015fi cu nepo\u0163ii lor<br \/>\n\u00cen vremea arest\u0103rii sale, sora Lucia era abia de cur\u00e2nd c\u0103s\u0103torit\u0103, doar civil, cu fratele Mircea Andronic din Bac\u0103u. \u00cenc\u0103 nici nu-\u015fi f\u0103cuse schimbarea de domiciliu, nici nunta religioas\u0103, c\u00e2nd a fost arestat\u0103 \u015fi dus\u0103 \u00een \u00eenchisoare f\u0103r\u0103 nici o cru\u0163are. Cu ea a mai fost luat\u0103, \u00een lotul ce\u00aclor treisprezece fra\u0163i din Timi\u015foara, \u00eenc\u0103 o sor\u0103 t\u00e2n\u0103r\u0103, c\u0103s\u0103torit\u0103 abia de o lun\u0103, tot de v\u00e2rsta ei, anume Irina Mare, fiica fratelui Ion \u015fi a surorii Ana. Pentru r\u00e2vna \u015fi dragostea lor fa\u0163\u0103 de Domnul \u00een adunarea tineretului din Timi\u015foara, au fost \u015fi ele \u00eenvrednicite de harul de a suferi ani de zile pentru Numele \u015fi Lucrarea Domnului Iisus.<br \/>\n\u00cen anii de temni\u0163\u0103 care au urmat, at\u00e2t fratele Adam, c\u00e2t \u015fi fiica sa, sora noastr\u0103 Lucia, au avut o comportare plin\u0103 de demnitate sf\u00e2nt\u0103, de r\u0103bdare, de supunere \u015fi de credincio\u015fie vrednic\u0103 de Domnul Iisus.<br \/>\n\u015ei la fel au avut to\u0163i ceilal\u0163i fra\u0163i din lotul celor trei\u00acsprezece condamna\u0163i din Timi\u015foara, afar\u0103 de unul, cel de-al treisprezecelea, care parc\u0103 era predestinat s\u0103 semene cu al treisprezecelea din lotul M\u00e2ntuitorului Iisus din Ghetsimani. \u015ei acel al treisprezecelea s-a dovedit \u015fi \u00een \u00eenchisoare ceea ce era \u015fi \u00eenainte de condamnare: un om nesupus \u015fi dezbin\u0103tor. A fost un prilej de durere, de necaz \u015fi de ru\u015fine pentru fra\u0163i\u2026 Ce soart\u0103 nefericit\u0103 \u015fi a ales! Oric\u00e2t a fost sf\u0103tuit \u015fi rugat, iertat \u015fi ajutat \u2013 el tot n-a vrut s\u0103 se \u00eendrepte, dar nici s\u0103 plece din adunare. \u015ei a\u015fa este \u015fi azi.<\/p>\n<p style=\"text-align: justify;\">\u00centre ceilal\u0163i fra\u0163i din ora\u015ful Timi\u015foara care mai erau \u00een acela\u015fi lot cu fratele Adam erau: fratele Cornel, fratele Ilie, fratele Petric\u0103\u2026 Cel de-al treisprezecelea era F\u0103nic\u0103, dar el totdeauna se considera primul.<br \/>\nPrintre familiile celor r\u0103ma\u015fi acas\u0103, una dintre cele mai nec\u0103jite era a fratelui Magiaru. Totu\u015fi to\u0163i au r\u0103mas plini de \u00eencredere \u00een grija Tat\u0103lui Ceresc. \u015ei El le-a \u00eengrijit \u00een chip minunat.<br \/>\nMunca grea, frigul, foamea \u015fi toate celelalte condi\u0163ii din \u00eenchisoare i-au sl\u0103bit pe to\u0163i fra\u0163ii, dar mai ales pe fratele Adam, care s-a \u00eemboln\u0103vit grav de un T.B.C. osos, apoi de rinichi. Din aceast\u0103 boal\u0103 i s-a tras moartea, care s-a \u00eent\u00e2mplat \u00een cur\u00e2nd dup\u0103 eliberarea din \u00eenchisoare, unde a z\u0103cut patru ani. A fost eliberat \u00een preajma zilei c\u00e2nd fiica lui Lucia urma s\u0103-\u015fi s\u0103rb\u0103toreasc\u0103 nunta religioas\u0103, care fusese \u00eentrerupt\u0103 de arestarea ei \u00een urm\u0103 cu patru ani.<\/p>\n<p style=\"text-align: justify;\">Pe l\u00e2ng\u0103 bucuria cu Lucia, a avut \u00eens\u0103 marea durere de a-\u015fi g\u0103si at\u00e2t so\u0163ia, c\u00e2t \u015fi pe fiica lor Neli foar\u00acte bolnave \u015fi ele din cauza necazurilor \u015fi a lipsei lui. Astfel c\u0103 a trebuit s\u0103 \u00eendure to\u0163i anii care i-a mai avut de tr\u0103it \u00een cele mai mari \u00eencerc\u0103ri din cauza aceasta. Dar tot timpul bolii \u015fi suferin\u0163ei sale, fra\u0163ii \u015fi surorile care l-au vizitat l-au aflat \u015fi l-au l\u0103sat plin de pace \u015fi de senin\u0103tate, ar\u0103t\u00e2n\u00acdu-le cu n\u0103dejde spre Cer, Patria noastr\u0103 unde nu vom mai suferi, ci numai ne vom bucura cu Domnul ferici\u0163i.<br \/>\nCu pu\u0163in \u00eenainte de plecarea lui la Domnul, a avut o r\u0103pire sufleteasc\u0103 \u015fi a v\u0103zut cerul deschis, plin de str\u0103lucire \u015fi de o frumuse\u0163e de nedescris\u2026 Apoi a zis: \u201eCe vis frumos am avut\u2026 Mergeam pe un c\u00e2mp minunat de flori\u2026 \u015fi venea \u00een \u00eent\u00e2mpinarea mea un Copil nespus de frumos\u2026\u201d<br \/>\nA\u015fa a adormit el \u00een Domnul \u00een 6 martie 1969, spun\u00e2nd: \u201eSl\u0103vit s\u0103 fie Domnul!\u201d \u015ei a r\u0103mas cu privirea a\u0163intit\u0103 spre Cer\u2026 S-a stins puternic \u015fi dintr-o dat\u0103, ca \u00een poezia: A\u015f vrea\u2026<\/p>\n<p style=\"text-align: justify;\"><em>\u2026O Doamne, f\u0103 s\u0103-mi ard\u0103 a\u015fa p\u00e2n\u2019 la sf\u00e2r\u015fit,<\/em><br \/>\n<em> s\u0103 se \u00eempart\u0103 darnic, cu dragoste \u015fi toat\u0103, \u2013<\/em><br \/>\n<em> iar c\u00e2nd n-o s\u0103 mai aib\u0103 nimic ned\u0103ruit,<\/em><br \/>\n<em> atuncea s\u0103 se sting\u0103. Puternic. Dintr-o dat\u0103!<\/em><\/p>\n<p style=\"text-align: justify;\">Serile de priveghere \u015fi \u00eenmorm\u00e2ntare au fost prilejuri de mari m\u00e2ng\u00e2ieri \u015fi clipe cutremur\u0103toare pentru to\u0163i fra\u0163ii \u015fi surorile care au luat parte \u00een mare num\u0103r. La fotografierea lui pe catafalc s-a produs o minune, c\u0103 \u00een acela\u015fi film a ap\u0103rut al\u0103turi de el un copila\u015f. Fusese oare poza unui nepo\u0163el al lui mai \u00eenainte pe acest film ori fusese chiar imaginea Copila\u015fului care \u00eel \u00eent\u00e2mpinase \u00een visul s\u0103u frumos?<br \/>\nPoate \u015fi unul, \u015fi cel\u0103lalt.<br \/>\nDomnul Iisus, M\u00e2ntuitorul Scump pentru Numele C\u0103ruia a suferit \u015fi el \u00een r\u00e2nd cu to\u0163i ceilal\u0163i \u00eenainta\u015fi vrednici \u015fi sfin\u0163i, s\u0103-i fac\u0103 loc \u00een ceata str\u0103lucit\u0103 a sfin\u0163ilor S\u0103i. Iar nou\u0103 s\u0103 ne dea t\u0103ria \u015fi dragostea de a le urma credin\u0163a lor. Amin.<br \/>\nSl\u0103vit s\u0103 fie Domnul!<\/p>\n<p style=\"text-align: right;\"><b>Traian Dorz, <\/b>Ferici\u0163ii no\u015ftri \u00eenainta\u015fi<\/p>\n","protected":false},"excerpt":{"rendered":"<p>Cu pu\u0163in \u00eenainte de plecarea lui la Domnul, a avut o r\u0103pire sufleteasc\u0103 \u015fi a v\u0103zut cerul deschis, plin de str\u0103lucire \u015fi de o frumuse\u0163e de nedescris\u2026 Apoi a zis: \u201eCe vis frumos am avut\u2026 Mergeam pe un c\u00e2mp minunat de flori\u2026 \u015fi venea \u00een \u00eent\u00e2mpinarea mea un Copil nespus de frumos\u2026\u201d A\u015fa a adormit&nbsp;<\/p>\n<p><a class=\"btn btn-style\" href=\"https:\/\/comorinemuritoare.ro\/bLOGOS\/magiaru-adam-din-timisoara\/\">Continue Reading&#8230;<\/a><\/p>\n","protected":false},"author":1,"featured_media":0,"comment_status":"open","ping_status":"open","sticky":false,"template":"","format":"standard","meta":{"footnotes":""},"categories":[1],"tags":[],"class_list":["post-16026","post","type-post","status-publish","format-standard","hentry","category-editorial"],"_links":{"self":[{"href":"https:\/\/comorinemuritoare.ro\/bLOGOS\/wp-json\/wp\/v2\/posts\/16026","targetHints":{"allow":["GET"]}}],"collection":[{"href":"https:\/\/comorinemuritoare.ro\/bLOGOS\/wp-json\/wp\/v2\/posts"}],"about":[{"href":"https:\/\/comorinemuritoare.ro\/bLOGOS\/wp-json\/wp\/v2\/types\/post"}],"author":[{"embeddable":true,"href":"https:\/\/comorinemuritoare.ro\/bLOGOS\/wp-json\/wp\/v2\/users\/1"}],"replies":[{"embeddable":true,"href":"https:\/\/comorinemuritoare.ro\/bLOGOS\/wp-json\/wp\/v2\/comments?post=16026"}],"version-history":[{"count":0,"href":"https:\/\/comorinemuritoare.ro\/bLOGOS\/wp-json\/wp\/v2\/posts\/16026\/revisions"}],"wp:attachment":[{"href":"https:\/\/comorinemuritoare.ro\/bLOGOS\/wp-json\/wp\/v2\/media?parent=16026"}],"wp:term":[{"taxonomy":"category","embeddable":true,"href":"https:\/\/comorinemuritoare.ro\/bLOGOS\/wp-json\/wp\/v2\/categories?post=16026"},{"taxonomy":"post_tag","embeddable":true,"href":"https:\/\/comorinemuritoare.ro\/bLOGOS\/wp-json\/wp\/v2\/tags?post=16026"}],"curies":[{"name":"wp","href":"https:\/\/api.w.org\/{rel}","templated":true}]}}