{"id":16099,"date":"2013-03-08T17:00:00","date_gmt":"2013-03-08T20:00:00","guid":{"rendered":"http:\/\/comorinemuritoare.ro\/bLOGOS\/?p=16099"},"modified":"2013-03-08T17:00:21","modified_gmt":"2013-03-08T20:00:21","slug":"vai-tie-betsaida","status":"publish","type":"post","link":"https:\/\/comorinemuritoare.ro\/bLOGOS\/vai-tie-betsaida\/","title":{"rendered":"VAI \u0162IE, BETSAIDA&#8230;"},"content":{"rendered":"<p><em><strong><a href=\"http:\/\/comorinemuritoare.ro\/bLOGOS\/wp-content\/uploads\/2013\/03\/Judecata-de-apoi-6.jpg\"><img loading=\"lazy\" decoding=\"async\" class=\"alignright size-full wp-image-16100\" alt=\"Judecata-de-apoi-6\" src=\"http:\/\/comorinemuritoare.ro\/bLOGOS\/wp-content\/uploads\/2013\/03\/Judecata-de-apoi-6.jpg\" width=\"318\" height=\"476\" srcset=\"https:\/\/comorinemuritoare.ro\/bLOGOS\/wp-content\/uploads\/2013\/03\/Judecata-de-apoi-6.jpg 668w, https:\/\/comorinemuritoare.ro\/bLOGOS\/wp-content\/uploads\/2013\/03\/Judecata-de-apoi-6-200x300.jpg 200w\" sizes=\"auto, (max-width: 318px) 100vw, 318px\" \/><\/a>Traian DORZ<\/strong><\/em><\/p>\n<p>Vai \u0163ie, Betsaida, vai \u0163ie, Horazim<br \/>\n\u2013 v\u0103 pl\u00e2ngem cu durere<br \/>\n\u015fi jalnic v\u0103 privim;<br \/>\ndac\u0103-n Sidon vreodat\u0103 \u015fi-n Tir s-ar fi f\u0103cut<br \/>\nminuni ca-n voi, acestea \u00een pl\u00e2ns ar fi c\u0103zut;<br \/>\n\u2013 de-aceea-n Judecata cea Mare de Apoi,<br \/>\nmai bine o s\u0103 fie de ele ca de voi!<\/p>\n<p>\u015ei vai, Capernaume, \u015fi \u0163ie tot at\u00e2t,<br \/>\nc\u0103ci p\u00e2n\u2019 la locul mor\u0163ii de veci te-ai cobor\u00e2t.<br \/>\nDac\u0103 Sodoma \u00eens\u0103\u015fi vedea ce-ai v\u0103zut tu,<br \/>\n\u015fi-ar fi l\u0103sat p\u0103catul<br \/>\n\u015fi-ar mai tr\u0103i \u015fi-acu\u2019;<br \/>\n\u2013 de-aceea-n Judecata cea ultim\u0103 \u015fi grea,<br \/>\nmai greu va fi de tine, cu mult, dec\u00e2t de ea!<\/p>\n<p>&#8230;Mai vai dec\u00e2t de ele, m\u0103 tem c\u0103 e de noi,<br \/>\ncei ce tr\u0103im acuma ca-n zilele de-Apoi,<br \/>\nc\u0103 nici o alt\u0103 lume de oameni n-a v\u0103zut<br \/>\nminunile de care noi \u015ftim<br \/>\n\u2013 dar n-am crezut!<br \/>\nDe-aceea-n Judecata cea cr\u00e2ncen\u0103 de-Apoi,<br \/>\nmai vinova\u0163i ca toate m\u0103 tem c\u0103 vom fi noi!<\/p>\n","protected":false},"excerpt":{"rendered":"<p>Traian DORZ Vai \u0163ie, Betsaida, vai \u0163ie, Horazim \u2013 v\u0103 pl\u00e2ngem cu durere \u015fi jalnic v\u0103 privim; dac\u0103-n Sidon vreodat\u0103 \u015fi-n Tir s-ar fi f\u0103cut minuni ca-n voi, acestea \u00een pl\u00e2ns ar fi c\u0103zut; \u2013 de-aceea-n Judecata cea Mare de Apoi, mai bine o s\u0103 fie de ele ca de voi! \u015ei vai, Capernaume, \u015fi&nbsp;<\/p>\n<p><a class=\"btn btn-style\" href=\"https:\/\/comorinemuritoare.ro\/bLOGOS\/vai-tie-betsaida\/\">Continue Reading&#8230;<\/a><\/p>\n","protected":false},"author":1,"featured_media":0,"comment_status":"open","ping_status":"open","sticky":false,"template":"","format":"standard","meta":{"footnotes":""},"categories":[4],"tags":[],"class_list":["post-16099","post","type-post","status-publish","format-standard","hentry","category-poezii"],"_links":{"self":[{"href":"https:\/\/comorinemuritoare.ro\/bLOGOS\/wp-json\/wp\/v2\/posts\/16099","targetHints":{"allow":["GET"]}}],"collection":[{"href":"https:\/\/comorinemuritoare.ro\/bLOGOS\/wp-json\/wp\/v2\/posts"}],"about":[{"href":"https:\/\/comorinemuritoare.ro\/bLOGOS\/wp-json\/wp\/v2\/types\/post"}],"author":[{"embeddable":true,"href":"https:\/\/comorinemuritoare.ro\/bLOGOS\/wp-json\/wp\/v2\/users\/1"}],"replies":[{"embeddable":true,"href":"https:\/\/comorinemuritoare.ro\/bLOGOS\/wp-json\/wp\/v2\/comments?post=16099"}],"version-history":[{"count":0,"href":"https:\/\/comorinemuritoare.ro\/bLOGOS\/wp-json\/wp\/v2\/posts\/16099\/revisions"}],"wp:attachment":[{"href":"https:\/\/comorinemuritoare.ro\/bLOGOS\/wp-json\/wp\/v2\/media?parent=16099"}],"wp:term":[{"taxonomy":"category","embeddable":true,"href":"https:\/\/comorinemuritoare.ro\/bLOGOS\/wp-json\/wp\/v2\/categories?post=16099"},{"taxonomy":"post_tag","embeddable":true,"href":"https:\/\/comorinemuritoare.ro\/bLOGOS\/wp-json\/wp\/v2\/tags?post=16099"}],"curies":[{"name":"wp","href":"https:\/\/api.w.org\/{rel}","templated":true}]}}