{"id":16297,"date":"2015-02-21T03:41:01","date_gmt":"2015-02-21T06:41:01","guid":{"rendered":"http:\/\/comorinemuritoare.ro\/bLOGOS\/?p=16297"},"modified":"2015-02-21T15:30:52","modified_gmt":"2015-02-21T18:30:52","slug":"ascultarea-2","status":"publish","type":"post","link":"https:\/\/comorinemuritoare.ro\/bLOGOS\/ascultarea-2\/","title":{"rendered":"ASCULTAREA"},"content":{"rendered":"<p><b><a href=\"http:\/\/comorinemuritoare.ro\/bLOGOS\/wp-content\/uploads\/2013\/03\/Izgonirea-lui-Adam-din-Rai-5.jpg\"><img loading=\"lazy\" decoding=\"async\" class=\"alignright size-full wp-image-16298\" alt=\"Izgonirea-lui-Adam-din-Rai-5\" src=\"http:\/\/comorinemuritoare.ro\/bLOGOS\/wp-content\/uploads\/2013\/03\/Izgonirea-lui-Adam-din-Rai-5.jpg\" width=\"470\" height=\"397\" srcset=\"https:\/\/comorinemuritoare.ro\/bLOGOS\/wp-content\/uploads\/2013\/03\/Izgonirea-lui-Adam-din-Rai-5.jpg 800w, https:\/\/comorinemuritoare.ro\/bLOGOS\/wp-content\/uploads\/2013\/03\/Izgonirea-lui-Adam-din-Rai-5-300x253.jpg 300w\" sizes=\"auto, (max-width: 470px) 100vw, 470px\" \/><\/a>Traian Dorz, C\u00c2NT\u0102RILE ROADELOR<\/b><\/p>\n<p style=\"padding-left: 30px;\">Cel tem\u0103tor de Dumnezeu spunea la fiii odat\u0103:<br \/>\n\u2013 Voi, fiii mei, s\u0103 v\u0103-mbr\u0103ca\u0163i cu haina cea curat\u0103,<br \/>\nc\u0103ci ea-i mai cald\u0103,<br \/>\nmai de pre\u0163,<br \/>\nmai bun\u0103 \u015fi frumoas\u0103<br \/>\n\u015fi numai astfel ve\u0163i intra \u00een ceruri ca acas\u0103!&#8230;<\/p>\n<p style=\"padding-left: 30px;\">Cea mai curat\u0103 hain\u0103 e, s\u0103 \u015fti\u0163i: <strong><em>Neprih\u0103nirea<\/em><\/strong>,<br \/>\nfrumoas\u0103: <strong><em>Bun\u0103tatea<\/em><\/strong>,<br \/>\niar cea cald\u0103 e <strong><em>Iubirea<\/em><\/strong>,<br \/>\ncea mai de pre\u0163 e ori\u015fic\u00e2nd, oriunde, <strong><em>Ascultarea<\/em><\/strong>,<br \/>\nea celorlalte tuturor le-nfrumse\u0163eaz\u0103 starea.<\/p>\n<p style=\"padding-left: 30px;\">Acestea-s haine sfinte,<br \/>\niar acei ce le \u00eembrac\u0103<br \/>\nlui Dumnezeu \u015fi alor S\u0103i de-a pururi au s\u0103 plac\u0103,<br \/>\nc\u0103ci seam\u0103n\u0103 cu cei de Sus<br \/>\n\u015fi slobod\u0103 intrare<br \/>\nafla-vor ei \u00een Cerul Sf\u00e2nt, la Marea S\u0103rb\u0103toare.<\/p>\n<p style=\"padding-left: 30px;\">Dar neascultarea ori\u015fic\u00e2nd dezbrac\u0103 pe oricine<br \/>\n\u015fi-l las\u0103 gol ca primul om, \u00een fric\u0103 \u015fi ru\u015fine,<br \/>\n\u00eel scoate-afar\u0103 din Eden,<br \/>\nde har \u00eel dep\u0103rteaz\u0103,<br \/>\nc\u0103ci f\u0103r\u0103 haina ei \u00een Cer nu-i nimenea s\u0103 \u015faz\u0103.<!--more--><\/p>\n<p style=\"padding-left: 30px;\">De-aceea, cei ne-ascult\u0103tori spre Cer privesc cu team\u0103<br \/>\nca spre-un Judec\u0103tor temut Ce-o s\u0103 le cear\u0103 seam\u0103.<br \/>\nSpre Cerul unde cei ce cred se uit\u0103 cu c\u0103ldur\u0103,<br \/>\ncei r\u0103i privesc cu ochi vr\u0103jma\u015fi de patim\u0103 \u015fi ur\u0103.<\/p>\n<p style=\"padding-left: 30px;\">Cei credincio\u015fi doresc cu drag s-ajung\u0103-n ve\u015fnicie<br \/>\n\u015ftiind c\u0103-n ea i-a\u015fteapt\u0103-un loc de har \u015fi bucurie.<br \/>\nCei r\u0103i de moarte se-ngrozesc<br \/>\n\u015fi-n veci n-ar vrea s\u0103 vin\u0103,<br \/>\n\u015ftiind c\u0103 iadu-i va-nghi\u0163i cu noaptea lui deplin\u0103.<\/p>\n<p style=\"padding-left: 30px;\">Cei buni doresc,<br \/>\nc\u0103ci au \u00een Cer un Prieten Scump<br \/>\n\u015fi-un Tat\u0103,<br \/>\ncei r\u0103i se tem ca de-un du\u015fman<br \/>\n\u015fi ca de-o judecat\u0103.<\/p>\n<p style=\"padding-left: 30px;\">De-aceea, ferici\u0163i ve\u0163i fi voi, cei ce-n ascultare<br \/>\nurma\u0163i pe Domnul, \u00eembr\u0103ca\u0163i cu sfintele-I odoare.<br \/>\nDar vai va fi de to\u0163i acei neascult\u0103tori ce-n rele<br \/>\ntr\u0103iesc vr\u0103jma\u015fi cu Dumnezeu<br \/>\n\u015fi dezbr\u0103ca\u0163i de ele!<\/p>\n","protected":false},"excerpt":{"rendered":"<p>Traian Dorz, C\u00c2NT\u0102RILE ROADELOR Cel tem\u0103tor de Dumnezeu spunea la fiii odat\u0103: \u2013 Voi, fiii mei, s\u0103 v\u0103-mbr\u0103ca\u0163i cu haina cea curat\u0103, c\u0103ci ea-i mai cald\u0103, mai de pre\u0163, mai bun\u0103 \u015fi frumoas\u0103 \u015fi numai astfel ve\u0163i intra \u00een ceruri ca acas\u0103!&#8230; Cea mai curat\u0103 hain\u0103 e, s\u0103 \u015fti\u0163i: Neprih\u0103nirea, frumoas\u0103: Bun\u0103tatea, iar cea cald\u0103&nbsp;<\/p>\n<p><a class=\"btn btn-style\" href=\"https:\/\/comorinemuritoare.ro\/bLOGOS\/ascultarea-2\/\">Continue Reading&#8230;<\/a><\/p>\n","protected":false},"author":1,"featured_media":0,"comment_status":"open","ping_status":"open","sticky":false,"template":"","format":"standard","meta":{"footnotes":""},"categories":[4],"tags":[],"class_list":["post-16297","post","type-post","status-publish","format-standard","hentry","category-poezii"],"_links":{"self":[{"href":"https:\/\/comorinemuritoare.ro\/bLOGOS\/wp-json\/wp\/v2\/posts\/16297","targetHints":{"allow":["GET"]}}],"collection":[{"href":"https:\/\/comorinemuritoare.ro\/bLOGOS\/wp-json\/wp\/v2\/posts"}],"about":[{"href":"https:\/\/comorinemuritoare.ro\/bLOGOS\/wp-json\/wp\/v2\/types\/post"}],"author":[{"embeddable":true,"href":"https:\/\/comorinemuritoare.ro\/bLOGOS\/wp-json\/wp\/v2\/users\/1"}],"replies":[{"embeddable":true,"href":"https:\/\/comorinemuritoare.ro\/bLOGOS\/wp-json\/wp\/v2\/comments?post=16297"}],"version-history":[{"count":0,"href":"https:\/\/comorinemuritoare.ro\/bLOGOS\/wp-json\/wp\/v2\/posts\/16297\/revisions"}],"wp:attachment":[{"href":"https:\/\/comorinemuritoare.ro\/bLOGOS\/wp-json\/wp\/v2\/media?parent=16297"}],"wp:term":[{"taxonomy":"category","embeddable":true,"href":"https:\/\/comorinemuritoare.ro\/bLOGOS\/wp-json\/wp\/v2\/categories?post=16297"},{"taxonomy":"post_tag","embeddable":true,"href":"https:\/\/comorinemuritoare.ro\/bLOGOS\/wp-json\/wp\/v2\/tags?post=16297"}],"curies":[{"name":"wp","href":"https:\/\/api.w.org\/{rel}","templated":true}]}}