{"id":17088,"date":"2020-04-25T01:13:04","date_gmt":"2020-04-25T04:13:04","guid":{"rendered":"http:\/\/comorinemuritoare.ro\/bLOGOS\/?p=17088"},"modified":"2020-04-25T12:21:55","modified_gmt":"2020-04-25T15:21:55","slug":"adu-degetul-tau","status":"publish","type":"post","link":"https:\/\/comorinemuritoare.ro\/bLOGOS\/adu-degetul-tau\/","title":{"rendered":"\u201eADU DEGETUL T\u0102U&#8230;\u201d"},"content":{"rendered":"<p style=\"text-align: justify;\"><em>Vorbirea fratelui <strong>Visarion \u0162u\u0163u<\/strong> (Rediu) la nunta de la Buciumi \u2013 25 aprilie 1982<\/em><\/p>\n<p style=\"text-align: justify;\"><em><a href=\"http:\/\/comorinemuritoare.ro\/bLOGOS\/wp-content\/uploads\/2013\/05\/Sf-Ap-Toma-2.jpg\"><img loading=\"lazy\" decoding=\"async\" class=\"alignleft  wp-image-17089\" src=\"http:\/\/comorinemuritoare.ro\/bLOGOS\/wp-content\/uploads\/2013\/05\/Sf-Ap-Toma-2.jpg\" alt=\"Sf-Ap-Toma-2\" width=\"272\" height=\"365\" srcset=\"https:\/\/comorinemuritoare.ro\/bLOGOS\/wp-content\/uploads\/2013\/05\/Sf-Ap-Toma-2.jpg 745w, https:\/\/comorinemuritoare.ro\/bLOGOS\/wp-content\/uploads\/2013\/05\/Sf-Ap-Toma-2-223x300.jpg 223w\" sizes=\"auto, (max-width: 272px) 100vw, 272px\" \/><\/a>\u00cen Numele Tat\u0103lui \u015fi al Fiului \u015fi al Sf\u00e2ntului Duh. Amin.<\/em><\/p>\n<p style=\"text-align: justify; padding-left: 60px;\">Sf\u00e2ntul Evanghelist Ioan, \u00een Evanghelia sa, la capitolul 20, \u00eencep\u00e2nd cu versetul 24, scrie: <span style=\"color: #0000ff;\"><em>\u201eToma, zis Geam\u0103n, unul din cei doisprezece, nu era cu ei c\u00e2nd a venit Iisus. Ceilal\u0163i ucenici i-au zis deci: \u201eAm v\u0103zut pe Domnul!\u201d. Dar el le-a r\u0103spuns: \u201eDac\u0103 nu voi vedea \u00een m\u00e2inile Lui semnul cuielor \u015fi dac\u0103 nu voi pune degetul meu \u00een semnul cuielor, \u015fi dac\u0103 nu voi pune m\u00e2na mea \u00een coasta Lui, nu voi crede\u201d.<\/em><\/span><br \/>\n<span style=\"color: #0000ff;\"><em> Dup\u0103 opt zile, ucenicii lui Iisus erau iar\u0103\u015fi \u00een cas\u0103; \u015fi era \u015fi Toma \u00eempreun\u0103 cu ei. Pe c\u00e2nd erau u\u015file \u00eencuiate, a venit Iisus, a st\u0103tut \u00een mijloc \u015fi le-a zis: \u201ePace vou\u0103!\u201d. Apoi a zis lui Toma: \u201eAdu-\u0163i degetul \u00eencoace \u015fi uit\u0103 te la m\u00e2inile Mele; \u015fi adu-\u0163i m\u00e2na \u015fi pune-o \u00een coasta Mea; \u015fi nu fi necredincios, ci credincios\u201d. Drept r\u0103spuns, Toma I-a zis: \u201eDomnul meu \u015fi Dumnezeul meu!\u201d. \u201eTomo\u201c, i-a zis Iisus, \u201epentru c\u0103 M-ai v\u0103zut, ai crezut. Ferice de cei ce n-au v\u0103zut \u015fi au crezut\u201d.<\/em><\/span><\/p>\n<p style=\"text-align: justify;\">Iubi\u0163ii no\u015ftri fra\u0163i \u015fi surori! C\u00e2nd este vorba s\u0103 pierdem ceva drag \u00een via\u0163a noastr\u0103, inima noastr\u0103 se sf\u00e2\u015fie de durere \u015fi ochii no\u015ftri \u00eencep s\u0103 verse lacrimi. C\u00e2nd este vorba s\u0103-\u0163i pierzi fiin\u0163a cea mai iubit\u0103, fie so\u0163ul, fie so\u0163ia, sau s\u0103-\u0163i pierzi p\u0103rintele ocrotitor sau mama bun\u0103, sau s\u0103-\u0163i pierzi \u00een via\u0163\u0103 alte lucruri \u015fi alte fiin\u0163e scumpe de care inima \u00ee\u0163i este foarte, foarte legat\u0103, atunci sigur c\u0103 inima noastr\u0103 se moaie \u015fi ochii no\u015ftri \u00eencep s\u0103 verse lacrimi.<br \/>\nAm r\u0103mas totdeauna mi\u015fca\u0163i de ceea ce am v\u0103zut \u00een jurul nostru, de ceea ce am v\u0103zut \u00een jurul meu c\u00e2nd este vorba de oameni foarte, foarte tari&#8230; Dar c\u00e2nd ajungi \u00een astfel de situa\u0163ii, \u00een momentul acela chiar \u015fi cei mai tari, care se socoteau ei \u00een\u015fi\u015fi tari, chiar \u015fi inima lor a fost sf\u00e2\u015fiat\u0103. C\u00e2nd le-a fost r\u0103pit\u0103 de l\u00e2ng\u0103 ei fiin\u0163a iubit\u0103, atunci nici ei nu au putut s\u0103 r\u0103m\u00e2n\u0103 nep\u0103s\u0103tori.<br \/>\nVedem \u00een jurul nostru c\u00e2nd cineva pleac\u0103 dintre noi \u2013 unii pentru o vreme \u015fi al\u0163ii pentru ve\u015fnicie \u2013 \u015fi se duc dincolo, spre cele ve\u015fnice. O, atunci inima noastr\u0103 este foarte sf\u00e2\u015fiat\u0103 \u015fi foarte \u00eendurerat\u0103.<br \/>\nAtunci s-o vezi pe mam\u0103 cum pl\u00e2nge l\u00e2ng\u0103 fiic\u0103&#8230;<br \/>\nAtunci s-o vezi pe fiic\u0103 cum pl\u00e2nge l\u00e2ng\u0103 mam\u0103&#8230;<!--more--><br \/>\nAtunci s\u0103-l vezi pe so\u0163 cum pl\u00e2nge l\u00e2ng\u0103 so\u0163ie&#8230;<br \/>\nAtunci s-o vezi pe so\u0163ie cum pl\u00e2nge l\u00e2ng\u0103 so\u0163&#8230;<br \/>\nAtunci chiar nici omul cel cu inima \u00eempietrit\u0103 nu poate s\u0103 r\u0103m\u00e2n\u0103 nep\u0103s\u0103tor la a\u015fa ceva. De aceea, iubi\u0163ii no\u015ftri, c\u00e2nd este vorba de o desp\u0103r\u0163ire p\u0103m\u00e2nteasc\u0103, socotim c\u0103 inima noastr\u0103 este foarte sf\u00e2\u015fiat\u0103.<\/p>\n<p style=\"text-align: justify;\">Dar c\u00e2nd este vorba s\u0103 pierdem altceva, mai scump dec\u00e2t sunt cele trec\u0103toare, care sunt pieritoare, atunci e posibil ca noi s\u0103 r\u0103m\u00e2nem foarte lini\u015fti\u0163i \u015fi s\u0103 trecem foarte pasivi?<br \/>\nSpune un cuv\u00e2nt al unui frate a\u015fa: \u201eP\u00e2n\u0103 c\u00e2nd ai pierdut mama scump\u0103, n ai pierdut \u00eenc\u0103 prea mult&#8230; P\u00e2n\u0103 c\u00e2nd ai pierdut so\u0163ul iubit, \u00eenc\u0103 n-ai pierdut prea mult&#8230; P\u00e2n\u0103 c\u00e2nd ai pierdut copilul iubit sau fiin\u0163a iubit\u0103, n-ai pierdut \u00eenc\u0103 prea mult&#8230;<br \/>\nDar c\u00e2nd L-ai pierdut pe Domnul \u2013 atunci ai pierdut totul\u201d.<br \/>\nAm avut \u015fi am trecut \u015fi eu prin starea aceasta de cur\u00e2nd, c\u0103ci mama mea a trecut la Domnul. \u00cemprejurul patului ei eram cinci fra\u0163i (nu eram to\u0163i) \u015fi \u00een chinurile cele de pe urm\u0103 am v\u0103zut cum \u015fi-a dat duhul \u015fi inima mea s-a sf\u00e2\u015fiat de durere&#8230;<br \/>\nC\u00e2nd am v\u0103zut-o pe mama mea, mama care m-a crescut, mama care m-a ferit de foc \u015fi de ap\u0103 \u015fi care m-a iubit a\u015fa de mult&#8230; Mama mea, s-o v\u0103d acum \u015fi s o privesc \u00een ultimul ceas \u015fi s\u0103 m\u0103 despart de ea poate c\u0103, p\u0103m\u00e2nte\u015fte, pentru totdeauna&#8230; \u015ei apoi m-am g\u00e2ndit mai t\u00e2rziu \u015fi mi-am spus a\u015fa: \u201eDac\u0103 \u00een lucrurile acestea p\u0103m\u00e2nte\u015fti, leg\u0103turile noastre fire\u015fti, ale unora cu al\u0163ii sunt leg\u0103turi a\u015fa de unice \u015fi ve\u015fnice, peste care nu se trece, atunci mi-am zis iar: de c\u00e2te ori nu L-am pierdut eu pe Domnul din via\u0163a mea \u015fi n-am pl\u00e2ns tot a\u015fa, cu lacrimi sf\u00e2\u015fietoare de poc\u0103in\u0163\u0103 dup\u0103 El? De c\u00e2te ori n-am mers nep\u0103s\u0103tor \u015fi sigur \u00een via\u0163\u0103 pe drumul vie\u0163ii, \u015fi Domnul nu a fost \u00eenso\u0163itorul meu, iar eu am r\u0103mas rece \u015fi inima mea nu s-a sf\u00e2\u015fiat&#8230;\u201d.<br \/>\nIubi\u0163ii mei fra\u0163i \u015fi surori! A tot circulat vorba aceasta din popor despre Toma, c\u0103 a fost necredincios. Dar el a pierdut \u00een via\u0163\u0103 cea mai scump\u0103 \u015fi mai aleas\u0103 iubire a sufletului s\u0103u. Pentru c\u0103 \u00eenainte de p\u0103timirea M\u00e2ntuitorului fusese \u015fi el unul dintre cei doisprezece \u015fi avusese \u015fi el clipe preafrumoase \u015fi fericite c\u00e2nd a stat l\u00e2ng\u0103 pieptul M\u00e2ntuitorului, s\u0103 asculte cuvintele Lui minunate, s\u0103 c\u00e2nte c\u00e2nt\u0103ri \u00eempreun\u0103, s\u0103 se roage \u00eempreun\u0103, s\u0103 sufere \u00eempreun\u0103, s\u0103 pl\u00e2ng\u0103 \u00eempreun\u0103. S\u0103 tr\u0103iasc\u0103 nop\u0163i nedormite, s\u0103 umble drumuri neumblate fl\u0103m\u00e2nzi \u015fi goi, alunga\u0163i din loc \u00een loc. \u015ei p\u0103rt\u0103\u015fia aceasta a f\u0103cut o sudur\u0103 unic\u0103 \u00eentre inima ucenicului \u015fi Inima M\u00e2ntuitorului. Iar acum, dup\u0103 p\u0103timirea \u015fi r\u0103stignirea M\u00e2ntuitorului, dup\u0103 moartea Lui, a c\u0103zut o noapte grea peste fiin\u0163a ucenicului, pentru c\u0103 pierduse ceea ce era mai scump inimii \u015fi vie\u0163ii lui.<br \/>\nPentru Toma nu mai aveau nici o valoare celelalte iubiri&#8230; Ceea ce el pierduse nu mai putea s\u0103 mai \u00eenlocuiasc\u0103 nimic \u015fi nimeni. \u00ce\u015fi legase inima a\u015fa de str\u00e2ns, a\u015fa de puternic&#8230; A\u015fa de ad\u00e2nc crezuser\u0103 \u00een M\u00e2ntuitorul \u015fi a\u015fa \u00cel iubiser\u0103 pe M\u00e2ntuitorul, ca pe cel mai Bun Prieten, ca pe cel mai Scump Prieten al sufletului lor&#8230;<br \/>\n\u015ei acum s\u0103-L vad\u0103 r\u0103stignit, s\u0103-L vad\u0103 mort, ajuns \u00een chinurile cele mai groaznice&#8230;<br \/>\nPentru Toma nu mai avea nici o valoare ceea ce r\u0103m\u0103sese \u00een urm\u0103. Nu \u015ftim cum s\u0103 ne imagin\u0103m acea scen\u0103 sf\u00e2\u015fietoare a Sfin\u0163ilor Apostoli \u2013 \u00eentre care era \u015fi Toma. \u015ei, dac\u0103 Domnul i-a iubit a\u015fa de mult pe ceilal\u0163i, cu siguran\u0163\u0103 c\u0103 tot a\u015fa de mult l-a iubit \u015fi pe Toma, care a fost apostol \u015fi el. \u015ei, dac\u0103 el a lipsit din mijlocul ucenicilor \u00een vremea c\u00e2nd M\u00e2ntuitorul S-a ar\u0103tat, e lesne de \u00een\u0163eles \u015fi acest caz din ceea ce au scris \u015fi ceilal\u0163i evangheli\u015fti. Se spune acolo: \u201eEi erau cu u\u015file \u00eencuiate de frica iudeilor\u201d. \u00cel a\u015fteptau ucenicii pe M\u00e2ntuitorul, dar frica era \u00eenc\u0103 vie \u00een sufletele lor.<br \/>\nDac\u0103 al\u0163ii puteau s\u0103 treac\u0103 \u00een voie, s\u0103 vorbeasc\u0103 \u00een voie c\u0103 Hristos a \u00eenviat din mor\u0163i&#8230;<br \/>\nDac\u0103 al\u0163ii puteau s\u0103 strige \u00een gura mare pe uli\u0163e&#8230;<br \/>\nDac\u0103 au putut str\u0103inii care erau \u00een s\u0103pt\u0103m\u00e2na aceea a Pa\u015ftilor evreilor, dac\u0103 str\u0103inii au putut s\u0103 plece cu inimile lor, cu st\u0103rile lor, unii cu inima mai \u00eenc\u0103rcat\u0103, iar al\u0163ii cu inima mai pu\u0163in \u00eenc\u0103rcat\u0103 (al\u0163ii se gr\u0103beau ca s\u0103 duc\u0103 \u015fi \u00een \u0163\u0103rile lor vestea cea mai minunat\u0103)&#8230;<br \/>\nDac\u0103 ei au putut s\u0103 duc\u0103 vestea peste m\u0103ri \u015fi peste \u0163\u0103ri, p\u00e2n\u0103 \u00een locurile cele mai \u00eendep\u0103rtate&#8230; apoi ucenicii trebuia s\u0103 stea undeva ascun\u015fi, \u00eentr-o cas\u0103, plini de fric\u0103. \u00cen momentele acestea p\u0103trunde M\u00e2ntuitorul acolo \u00eentre ei, s\u0103 le aduc\u0103 vestea cea mai minunat\u0103: c\u0103 El a \u00eenviat din mor\u0163i, c\u0103 este viu \u015fi tr\u0103ie\u015fte. Dup\u0103 ce S-a ar\u0103tat unora, \u00een urm\u0103 S-a ar\u0103tat \u015fi celor unsprezece, c\u00e2nd ucenicii a\u015fteptau pa\u015fii M\u00e2ntuitorului la u\u015fa lor, c\u00e2nd a\u015fteptau ca s\u0103 se aud\u0103 vreun zgomot prin care s\u0103 simt\u0103 c\u0103 Se apropia M\u00e2ntuitorul ca s\u0103 vin\u0103 la ei.<br \/>\nDe aceea, iubi\u0163ii no\u015ftri, frumoase sunt fe\u0163ele noastre c\u00e2nd pe ele str\u0103luce\u015fte Hristos! Frumoase sunt petrecerile noastre duhovnice\u015fti \u00eempreun\u0103 cu tot felul de binecuv\u00e2nt\u0103ri pe care Domnul le-a rev\u0103rsat \u015fi pe care le revars\u0103 \u00een inimile noastre. Frumoase sunt toate acestea, dar s\u0103 ne reamintim mereu de Chipul M\u00e2ntuitorului, de p\u0103timirea, de r\u0103stignirea Lui, de moartea Lui. S\u0103 ne reamintim mereu de clipele groaznice prin care a trecut M\u00e2ntuitorul \u015fi apoi, mai t\u00e2rziu, \u015fi ucenicii Lui. \u015ei, odat\u0103 cu amintirea despre M\u00e2ntuitorul nostru Iisus Hristos, s\u0103 ne reamintim, s\u0103 ne ducem cu mintea noastr\u0103 \u00eenapoi la clipele acelea zguduitoare \u015fi s\u0103 fie \u015fi pentru noi ni\u015fte clipe zguduitoare, \u00een via\u0163a noastr\u0103. \u015ei s\u0103 spunem \u015fi noi \u00een via\u0163a noastr\u0103 a\u015fa cum a spus P\u0103rintele Iosif odat\u0103, c\u00e2nd m\u0103rturisea a\u015fa:<br \/>\n\u201ePe c\u00e2nd eram preot la \u0163ar\u0103 \u015fi eram mai t\u00e2n\u0103r \u015fi eu, \u00een predica mea am spus, \u00een diminea\u0163a \u00cenvierii: \u00abHristos a \u00eenviat din mor\u0163i cu moartea pre moarte c\u0103lc\u00e2nd \u015fi nou\u0103 celor din morminte via\u0163\u0103 d\u0103ruindu-ne\u00bb\u201d.<br \/>\nSpune P\u0103rintele Iosif c\u0103 \u201eprima dat\u0103 a observat c\u00e2nt\u0103re\u0163ul c\u0103 eu am gre\u015fit predica mea. \u015ei apoi vorba aceasta a mers de la unii la al\u0163ii prin biseric\u0103, p\u00e2n\u0103 c\u00e2nd to\u0163i \u015ftiau c\u0103 preotul cel t\u00e2n\u0103r nu \u015ftie s\u0103 predice, nu \u015ftie s\u0103 vorbeasc\u0103, nu se prea pricepe el. Apoi oamenii, plec\u00e2nd de la biseric\u0103, au r\u0103sp\u00e2ndit vorba aceasta \u00een tot satul: \u00abA\u015fa este preotul nostru: t\u00e2n\u0103r \u015fi nu se prea pricepe s\u0103 predice la biseric\u0103\u00bb\u201d.<br \/>\nP\u0103rintele Iosif m\u0103rturise\u015fte cu durere \u015fi spune: \u201eC\u00e2nd am auzit lucrul acesta dureros, abia am a\u015fteptat a doua zi a \u00cenvierii, ca, din nou s\u0103 m\u0103 \u00eent\u00e2lnesc cu cei din parohia mea \u015fi s\u0103 le spun&#8230;\u201d. \u015ei le-a spus a\u015fa: \u201eDragii mei, am auzit c\u0103 \u00eentre voi a ie\u015fit vorba aceasta c\u0103 eu am gre\u015fit \u00een vorbire, c\u0103 am gre\u015fit \u015fi c\u0103 am spus un cuv\u00e2nt ce nu ar fi fost potrivit. Eu v\u0103 spun \u00eens\u0103 c\u0103 nu e adev\u0103rat, c\u0103 nu am gre\u015fit cu nimic c\u00e2nd am spus cuv\u00e2ntul acesta: \u00ab\u015fi nou\u0103 celor din morminte\u00bb&#8230; N-am spus \u00ab\u015fi celor din morminte via\u0163\u0103 d\u0103ruindu-le\u00bb, ci am spus \u00ab\u015fi nou\u0103 celor din morminte\u00bb.<br \/>\nVoi v-a\u0163i alarmat \u015fi a\u0163i spus \u00eentre voi: \u00abDoar nu suntem \u015fi noi ni\u015fte mor\u0163i!&#8230; P\u0103rintele ne consider\u0103 \u015fi pe noi ni\u015fte mor\u0163i&#8230;\u00bb\u201d.<br \/>\n\u201eBa da \u2013 le spunea p\u0103rintele celor de fa\u0163\u0103 \u2013, c\u0103ci \u015fi noi am fost mor\u0163i \u00een p\u0103catele noastre \u015fi \u00een f\u0103r\u0103delegile noastre. \u015ei noi, at\u00e2ta vreme c\u00e2t z\u0103ceam \u00een p\u0103catele noastre, \u00een necuno\u015ftin\u0163\u0103 fa\u0163\u0103 de Dumnezeu, fa\u0163\u0103 de harul adus \u015fi de m\u00e2ntuirea preg\u0103tit\u0103 pentru sufletele noastre, eram ni\u015fte mor\u0163i, eram ni\u015fte oameni care nu auzeam nimic, eram ni\u015fte oameni care nu vedeam nimic, eram ni\u015fte oameni care nu sim\u0163eam nimic&#8230; Nu \u00een\u0163elegeam nimica&#8230;<br \/>\nDe aceea, dac\u0103 minunea aceasta s-a f\u0103cut cu vie\u0163ile noastre, starea noastr\u0103 sufleteasc\u0103 s\u0103 \u015fti\u0163i c\u0103 este o minune. \u015ei, dac\u0103 credin\u0163a noastr\u0103 e puternic\u0103 a\u015fa cum a fost \u015fi cea a Sf\u00e2ntului ucenic Toma (c\u0103ci ea nu a fost o necredin\u0163\u0103, ci a fost mai degrab\u0103 o credin\u0163\u0103 puternic\u0103, o credin\u0163\u0103 st\u0103ruitoare \u00een iubirea aprins\u0103 dup\u0103 Preaiubitul sufletului s\u0103u)&#8230; \u015fi dac\u0103 ceea ce se vede sub ochii no\u015ftri e minunea minunilor, c\u00e2nd este vorba de \u00eentoarcerea noastr\u0103 la M\u00e2ntuitorul, cu \u00eenvierea noastr\u0103 din mor\u0163i, cu \u00eenvierea noastr\u0103 din starea noastr\u0103, din p\u0103catele noastre \u015fi din f\u0103r\u0103delegile noastre, din starea noastr\u0103 tic\u0103loas\u0103 \u00een care ne aflam alt\u0103 dat\u0103, este foarte adev\u0103rat c\u0103 \u015fi noi suntem ni\u015fte \u00eenvia\u0163i din mor\u0163i.<br \/>\nPentru c\u0103 Dumnezeu ne-a \u00eenviat \u015fi pe noi o dat\u0103 cu \u00eenvierea M\u00e2ntuitorului, o dat\u0103 cu biruin\u0163a asupra mor\u0163ii a M\u00e2ntuitorului, apoi cu credin\u0163a noastr\u0103 \u00een \u00eenvierea M\u00e2ntuitorului am \u00eenviat \u015fi noi la o via\u0163\u0103 nou\u0103.<br \/>\nDe aceea s\u0103 ne ajute Dumnezeu pe fiecare dintre noi, s\u0103 fac\u0103 El inimile noastre \u015fi starea noastr\u0103 s\u0103 fie c\u00e2t mai aproape de realitatea tr\u0103irii \u00cenvierii, de realitatea credin\u0163ei [adev\u0103rate] \u00een Domnul \u015fi M\u00e2ntuitorul nostru iubit. Ca s\u0103 credem \u015fi noi puternic \u015fi s\u0103 ni se lege \u015fi nou\u0103 inima noastr\u0103 \u015fi fiin\u0163a noastr\u0103 numai \u015fi numai de El.<br \/>\nSe cade ca \u015fi noi s\u0103-L cunoa\u015fte pe El at\u00e2t de \u00eendeaproape \u015fi s\u0103-L iubim din toat\u0103 inima noastr\u0103.<br \/>\n\u015ei unde-L putem noi cunoa\u015fte? \u015ei cum \u00cel putem noi afla?<br \/>\nS\u0103-L cunoa\u015ftem din bisericile noastre, s\u0103-L cunoa\u015ftem din adun\u0103rile noastre, din Cuv\u00e2ntul care ni se m\u0103rturise\u015fte. Poate s\u0103 ni se spun\u0103 foarte multe, multe s\u0103 ni se spun\u0103 despre Iisus. E adev\u0103rat, c\u00e2teodat\u0103 putem s\u0103-L iubim \u015fi f\u0103r\u0103 s\u0103 \u015ftim, \u015fi f\u0103r\u0103 s\u0103 cunoa\u015ftem cuvintele Sale din Sf\u00e2nta Scriptur\u0103, dar credin\u0163a cea adev\u0103rat\u0103 se \u00eentemeiaz\u0103 pe cunoa\u015fterea Cuv\u00e2ntului S\u0103u \u015fi pe cunoa\u015fterea Sa adev\u0103rat\u0103.<br \/>\n\u00cen fa\u0163a noastr\u0103 stau ace\u015fti doi fra\u0163i tineri, mire \u015fi mireas\u0103, care ne-au f\u0103cut bucuria aceasta frumoas\u0103 a \u00eent\u00e2lnirii noastre \u015fi a revederii noastre \u00een locul acesta. \u015ei acest lucru este foarte gr\u0103itor despre leg\u0103turile noastre puternice cu Preaiubitul sufletului nostru, cu M\u00e2ntuitorul nostru cel Scump. A\u015fa precum sunt ale miresei care \u00ee\u015fi p\u0103r\u0103se\u015fte familia, \u00ee\u015fi p\u0103r\u0103se\u015fte casa, \u00ee\u015fi p\u0103r\u0103se\u015fte satul \u015fi apoi, \u00een urm\u0103, nu mai prive\u015fte la nimic, pentru dragostea \u015fi iubirea celui ce a legat-o, pentru cel care va fi viitorul so\u0163. Precum dragostea aceasta p\u0103r\u0103se\u015fte totul \u015fi nu mai vede nimic \u00eenapoi.<br \/>\nMirele, la fel, pentru dragostea pe care o are pentru cea care va fi viitoarea lui so\u0163ie, pentru dragostea aceasta, p\u0103r\u0103se\u015fte toate \u015fi nu mai vede nimic \u00een urm\u0103.<br \/>\nA\u015fa a f\u0103cut Preaiubitul nostru, Domnul nostru Iisus Hristos, pentru Biserica Sa, pentru sufletele noastre. El a f\u0103cut, Mirele! El a f\u0103cut, Capul Bisericii!<br \/>\nS\u0103 ne ajute Dumnezeu s\u0103 r\u0103m\u00e2nem credincio\u015fi Cuv\u00e2ntului S\u0103u p\u00e2n\u0103 la sf\u00e2r\u015fitul vie\u0163ii noastre \u015fi orice leg\u0103turi apropiate s\u0103 le p\u0103str\u0103m prin p\u0103rt\u0103\u015fia noastr\u0103 unii cu al\u0163ii, \u015fi cu to\u0163ii s\u0103 le p\u0103str\u0103m \u00eempreun\u0103 aproape de Domnul nostru Iisus Hristos.<br \/>\nSl\u0103vit s\u0103 fie Domnul!<\/p>\n","protected":false},"excerpt":{"rendered":"<p>Vorbirea fratelui Visarion \u0162u\u0163u (Rediu) la nunta de la Buciumi \u2013 25 aprilie 1982 \u00cen Numele Tat\u0103lui \u015fi al Fiului \u015fi al Sf\u00e2ntului Duh. Amin. Sf\u00e2ntul Evanghelist Ioan, \u00een Evanghelia sa, la capitolul 20, \u00eencep\u00e2nd cu versetul 24, scrie: \u201eToma, zis Geam\u0103n, unul din cei doisprezece, nu era cu ei c\u00e2nd a venit Iisus. Ceilal\u0163i&nbsp;<\/p>\n<p><a class=\"btn btn-style\" href=\"https:\/\/comorinemuritoare.ro\/bLOGOS\/adu-degetul-tau\/\">Continue Reading&#8230;<\/a><\/p>\n","protected":false},"author":1,"featured_media":0,"comment_status":"open","ping_status":"open","sticky":false,"template":"","format":"standard","meta":{"footnotes":""},"categories":[590],"tags":[],"class_list":["post-17088","post","type-post","status-publish","format-standard","hentry","category-vorbiri"],"_links":{"self":[{"href":"https:\/\/comorinemuritoare.ro\/bLOGOS\/wp-json\/wp\/v2\/posts\/17088","targetHints":{"allow":["GET"]}}],"collection":[{"href":"https:\/\/comorinemuritoare.ro\/bLOGOS\/wp-json\/wp\/v2\/posts"}],"about":[{"href":"https:\/\/comorinemuritoare.ro\/bLOGOS\/wp-json\/wp\/v2\/types\/post"}],"author":[{"embeddable":true,"href":"https:\/\/comorinemuritoare.ro\/bLOGOS\/wp-json\/wp\/v2\/users\/1"}],"replies":[{"embeddable":true,"href":"https:\/\/comorinemuritoare.ro\/bLOGOS\/wp-json\/wp\/v2\/comments?post=17088"}],"version-history":[{"count":2,"href":"https:\/\/comorinemuritoare.ro\/bLOGOS\/wp-json\/wp\/v2\/posts\/17088\/revisions"}],"predecessor-version":[{"id":28050,"href":"https:\/\/comorinemuritoare.ro\/bLOGOS\/wp-json\/wp\/v2\/posts\/17088\/revisions\/28050"}],"wp:attachment":[{"href":"https:\/\/comorinemuritoare.ro\/bLOGOS\/wp-json\/wp\/v2\/media?parent=17088"}],"wp:term":[{"taxonomy":"category","embeddable":true,"href":"https:\/\/comorinemuritoare.ro\/bLOGOS\/wp-json\/wp\/v2\/categories?post=17088"},{"taxonomy":"post_tag","embeddable":true,"href":"https:\/\/comorinemuritoare.ro\/bLOGOS\/wp-json\/wp\/v2\/tags?post=17088"}],"curies":[{"name":"wp","href":"https:\/\/api.w.org\/{rel}","templated":true}]}}