{"id":17137,"date":"2014-04-18T16:06:43","date_gmt":"2014-04-18T19:06:43","guid":{"rendered":"http:\/\/comorinemuritoare.ro\/bLOGOS\/?p=17137"},"modified":"2014-04-19T04:42:09","modified_gmt":"2014-04-19T07:42:09","slug":"iosif-din-arimateea","status":"publish","type":"post","link":"https:\/\/comorinemuritoare.ro\/bLOGOS\/iosif-din-arimateea\/","title":{"rendered":"IOSIF DIN ARIMATEEA"},"content":{"rendered":"<p style=\"text-align: right;\"><em><a href=\"http:\/\/comorinemuritoare.ro\/bLOGOS\/wp-content\/uploads\/2013\/05\/Coborarea-de-pe-Cruce.jpg\"><img loading=\"lazy\" decoding=\"async\" class=\"alignleft size-full wp-image-17138\" alt=\"Coborarea-de-pe-Cruce\" src=\"http:\/\/comorinemuritoare.ro\/bLOGOS\/wp-content\/uploads\/2013\/05\/Coborarea-de-pe-Cruce.jpg\" width=\"438\" height=\"657\" srcset=\"https:\/\/comorinemuritoare.ro\/bLOGOS\/wp-content\/uploads\/2013\/05\/Coborarea-de-pe-Cruce.jpg 667w, https:\/\/comorinemuritoare.ro\/bLOGOS\/wp-content\/uploads\/2013\/05\/Coborarea-de-pe-Cruce-200x300.jpg 200w\" sizes=\"auto, (max-width: 438px) 100vw, 438px\" \/><\/a>Vorbirea fratelui <strong>Moise Velescu<\/strong> (Arad)<br \/>\nla adunarea de la Petrileni \u2013 9 august 1981<\/em><\/p>\n<p style=\"text-align: justify;\">\u00cen Numele Tat\u0103lui \u015fi al Fiului \u015fi al Sf\u00e2ntului Duh. Amin.<br \/>\n<span style=\"color: #0000ff;\"><em>\u201eC\u00e2nd s-a \u00eenserat, fiindc\u0103 era ziua Preg\u0103tirii, adic\u0103 ziua dinaintea Sabatului, a venit Iosif din Arimateea, un sfetnic cu vaz\u0103 al soborului, care \u015fi el a\u015ftepta \u00cemp\u0103r\u0103\u0163ia lui Dumnezeu. El a \u00eendr\u0103znit s\u0103 se duc\u0103 la Pilat, ca s\u0103 cear\u0103 trupul lui Iisus. Pilat s-a mirat c\u0103 murise a\u015fa de cur\u00e2nd; a chemat un suta\u015f \u015fi l a \u00eentrebat dac\u0103 a murit de mult. Dup\u0103 ce s-a \u00eencredin\u0163at de la suta\u015f c\u0103 a murit, a d\u0103ruit lui Iosif trupul. \u015ei Iosif a cump\u0103rat o p\u00e2nz\u0103 sub\u0163ire de in, a dat jos pe Iisus de pe cruce, L-a \u00eenf\u0103\u015furat \u00een p\u00e2nza de in \u015fi l-a pus \u00eentr-un morm\u00e2nt s\u0103pat \u00een st\u00e2nc\u0103. Apoi a pr\u0103v\u0103lit o piatr\u0103 la u\u015fa morm\u00e2ntului.\u201d (Mc 15, 42-46)<\/em><\/span><\/p>\n<p style=\"text-align: justify;\">Din cele ar\u0103tate nou\u0103 aici \u00een Sf\u00e2ntul Cuv\u00e2nt al lui Dumnezeu, se desprind o mul\u0163ime de \u00eenv\u0103\u0163\u0103turi care pot folosi \u015fi totdeauna ele au folosit pe drumul vie\u0163ii celor care socoteau c\u0103 \u00een alt\u0103 parte nu pot s\u0103 g\u0103seasc\u0103 lumina necesar\u0103, nici ceva care poate s\u0103 le ajute mai bine. De aceea noi din toat\u0103 inima mul\u0163umim lui Dumnezeu c\u00e2nd ne putem aduna, c\u00e2nd ne putem \u00eent\u00e2lni \u015fi c\u00e2nd, cu ajutorul Domnului, ne putem sf\u0103tui din Cuv\u00e2ntul S\u0103u, spre a putea trage \u015fi \u00eenv\u0103\u0163\u0103turile care ne sunt necesare. At\u00e2t de necesare, \u00eenc\u00e2t nu exist\u0103 pe lumea asta termen de compara\u0163ie.<br \/>\n\u201eC\u00e2nd s-a \u00eenserat, fiindc\u0103 era ziua Preg\u0103tirii, adic\u0103 ziua dinaintea Sabatului, a venit Iosif din Arimateea, un sfetnic cu vaz\u0103 al soborului, care \u015fi el a\u015ftepta \u00cemp\u0103r\u0103\u0163ia lui Dumnezeu.\u201d<br \/>\nDe at\u00e2tea ori suntem gata s\u0103 spunem ceva despre cineva, s\u0103 ne pronun\u0163\u0103m referitor la cineva&#8230; Dar e bine s\u0103 cunoa\u015ftem ce este \u00een inimile oamenilor.<br \/>\nUita\u0163i, aici, \u00een mijlocul unui sobor de talia aceea, unde mai-mari erau Ana \u015fi Caiafa, se g\u0103sea \u015fi un sfetnic cu vaz\u0103 care, dup\u0103 cum spune Cuv\u00e2ntul Sf\u00e2nt al lui Dumnezeu, a\u015ftepta \u00cemp\u0103r\u0103\u0163ia lui Dumnezeu&#8230; Omul acesta a \u00eendr\u0103znit s\u0103 mearg\u0103 la Pilat, s\u0103 cear\u0103 trupul Domnului Iisus.<br \/>\nPu\u0163in mai \u00eenainte, dac\u0103 r\u0103sfoim pagina C\u0103r\u0163ii Sfinte, avem s\u0103 g\u0103sim foarte pu\u0163ini l\u00e2ng\u0103 Cruce&#8230; Ceilal\u0163i s-au dus de-acolo. Cine \u015ftie \u00een ce situa\u0163ii \u015fi la ce meditau ei acolo unde st\u0103teau \u00eengrozi\u0163i \u00een urma celor v\u0103zute. C\u0103 \u00eentr-adev\u0103r, din ce s-a \u00eent\u00e2mplat, numai poveste\u015fte cineva c\u00e2te ceva&#8230; Acolo unde \u00een b\u0103taie, \u00een s\u00e2nge \u015fi moarte, un fior str\u0103b\u0103tea&#8230; A trecut prin starea aceasta \u015fi Iosif din Arimateea, care \u201ea\u015ftepta \u00cemp\u0103r\u0103\u0163ia lui Dumnezeu\u201d; \u015fi Sf\u00e2ntul Matei spune c\u0103 era \u015fi el un ucenic al lui Iisus. Omul \u0103sta, \u00een inima lui, \u00een sinea lui, cine \u015ftie ce g\u00e2ndea \u015fi el! C\u0103 probabil o fi fost \u015fi el cu mul\u0163imea, asist\u00e2nd la r\u0103stignire; v\u0103zuse ce s-a \u00eent\u00e2mplat acolo&#8230; Nu-i u\u015for s\u0103 vezi o asemenea scen\u0103.<!--more--><br \/>\nDar ne putem g\u00e2ndi la Maica Domnului, \u00een ce situa\u0163ie a fost pus\u0103. Ce a trebuit s\u0103 vad\u0103 ochii ei. Celelalte femei, surorile noastre de atunci, care \u00eentotdeauna sunt mai sl\u0103bu\u0163e dec\u00e2t b\u0103rba\u0163ii, \u00een ce situa\u0163ie or fi fost puse \u015fi ele. Probabil \u2013 zic\u00e2nd \u015fi de omul acesta, de Iosif \u2013 el poate c\u0103 nu era \u00een uniforma cu care se ducea la serviciu, dar oricum el L-a privit \u015fi L-a v\u0103zut&#8230;<br \/>\nDar Domnul era mort acum. Cel despre care auzise at\u00e2tea lucruri&#8230; Cel care \u00eenviase at\u00e2\u0163ia mor\u0163i \u015fi despre care s-a vorbit sigur \u00een Sinedriu. Nici ele, organele \u00eenalte, nu \u015ftiu totdeauna ce se petrece sau ce se poate ascunde de ochii lor. Unde au fost aprozii? Unde au fost cei trimi\u015fi de ei ca s\u0103 le aduc\u0103 informa\u0163iile de care aveau nevoie? Ace\u015ftia voiau s\u0103 vad\u0103 mai ales cum se desf\u0103\u015foar\u0103 lucrurile \u015fi urm\u0103reau cu aten\u0163ie deznod\u0103m\u00e2ntul.<br \/>\n\u00cen ultima s\u0103pt\u0103m\u00e2n\u0103 \u015ftim cum S-a purtat Domnul cu ei, cu fariseii! \u00centr ade\u00acv\u0103r, a culminat cu cele opt \u201evaiuri\u201d, \u00eenvinov\u0103\u0163indu-i pentru toate ac\u0163iunile lor \u00eentreprinse \u00een mijlocul poporului aceluia tocmai atunci c\u00e2nd El era \u00eentre ei. \u015ei chiar pe Ierusalim \u00eel socote\u015fte vinovat pentru c\u0103 a avut o vreme c\u00e2nd a fost cercetat, dar pe care el nu \u015fi-a cunoscut-o \u2013 fapt pentru care \u015fti\u0163i ce s-a \u00eent\u00e2mplat cu Ierusalimul.<br \/>\nDar iat\u0103 c\u0103 \u00een mijlocul unor oameni, zic, de talia asta, era cineva care \u00ee\u015fi d\u0103dea totu\u015fi seama&#8230; \u015ei \u00een situa\u0163ia asta, c\u00e2nd Domnul era pe Cruce, se duce la Pilat \u015fi \u00eei cere trupul lui Iisus.<br \/>\nEu m-am g\u00e2ndit: duc\u00e2ndu-se \u00een fa\u0163a lui Pilat&#8230; poate c\u0103 faptul aceasta nu era chiar at\u00e2ta de grav, de\u015fi era posibil s\u0103 aib\u0103 repercusiuni asupra func\u0163iei \u015fi pozi\u0163iei lui c\u00e2nd se va fi auzit c\u0103 nu s-a dus \u00een fa\u0163a lui Ana \u015fi a lui Caiafa&#8230; C\u00e2nd vor fi auzit \u015fi restul oamenilor, restul marilor preo\u0163i din s\u00e2nul Sinedriului, desigur, s-ar fi putut g\u0103si cineva \u00een func\u0163ie s\u0103 se ridice \u00eempotriva lui Iosif. \u015ei loc \u00eentre ei Iosif n-ar mai fi avut&#8230;<br \/>\n\u00cen sf\u00e2r\u015fit, el a\u015fa cum arat\u0103 Cuv\u00e2ntul lui Dumnezeu, se duce, are \u00eendr\u0103zneala \u015fi se duce \u015fi cere Trupul Domnului. Pilat \u00eel cheam\u0103 \u2013 cum i-am zice noi ast\u0103zi \u2013 pe comandantul plutonului de execu\u0163ie, s\u0103 vad\u0103 dac\u0103 victima este \u00eentr-adev\u0103r moart\u0103. \u00cel cheam\u0103 pe suta\u015f \u015fi se \u00eencredin\u0163eaz\u0103 de la el, de la omul care l\u00e2ng\u0103 Cruce a exclamat cuvintele acelea minunate: \u201eCu adev\u0103rat, Acesta a fost Fiul lui Dumnezeu!\u201d.<br \/>\nAcestea s-au petrecut \u00een casa lui Pilat. V\u0103 \u00eenchipui\u0163i o camer\u0103 unde cel ce purta vulturul roman era \u00een fa\u0163a lui. \u00cen pozi\u0163ie de drep\u0163i st\u0103tea c\u0103pitanul, cel care comandase execu\u0163ia. Acest suta\u015f venise, iar Iosif din Arimateea, omul din Sinedriu, st\u0103tea acolo nu ca \u015fi noi aici, unde st\u0103m acum. \u015ei discutau nu cum discut\u0103m noi acum&#8230; Cine \u015ftie ce b\u0103nuiau, mai ales c\u0103 \u015fi so\u0163ia lui Pilat trimisese s\u0103-i spun\u0103 acestuia, c\u00e2nd el st\u0103tea pe scaun \u015fi-L judeca pe Domnul, s\u0103 nu aib\u0103 nimic a face cu acest Neprih\u0103nit. Fiindc\u0103 ea v\u0103zuse cele ce se petrecuser\u0103 \u00een casa lui Iair. Se spune c\u0103 era prietenie \u00eentre familia lui Pilat \u015fi a lui Iair, care \u015fi el era un om cu vaz\u0103 \u00een cetatea aceea \u015fi \u00een timpul acela. \u015ei el L-a v\u0103zut. Deci \u015fi \u00een casa lor se vorbea de Domnul Iisus&#8230; (Nu numai \u00een adunarea noastr\u0103 se vorbe\u015fte despre El&#8230; Peste tot, aproape dou\u0103 mii de ani s-au discutat aceste lucruri. Acolo \u015fi ei au discutat de asemenea \u015fi nu \u015ftiau ce s\u0103 cread\u0103 despre toate acestea.)<br \/>\nDar \u00een \u00eemprejurarea aceasta, Iosif din Arimateea, un sfetnic de vaz\u0103 al soborului, are curajul s\u0103 se duc\u0103 la Pilat \u015fi s\u0103 cear\u0103 trupul Domnului Iisus c\u00e2nd era mort pe Cruce. Ai zice: \u201eBine&#8230;\u201d, \u015fi ai crede cumva c\u0103 a avut \u00eendr\u0103zneala s\u0103 mearg\u0103 dup\u0103 ce a auzit c\u0103 a \u00eenviat, dar nu acuma mort&#8230; R\u0103stignit, mort pe Cruce!&#8230; S\u0103 mearg\u0103 s\u0103 ia un mort de pe Cruce!&#8230; Ce act de vitejie, ai zice&#8230;<br \/>\n\u015ei totu\u015fi era cel mai mare act de vitejie. \u015ei, dup\u0103 c\u00e2te ni se arat\u0103 aici, Pilat i-a dat trupul Domnului. I-a dat pe Domnul s\u0103 fie al lui. C\u0103 a\u015fa scrie \u00een Evanghelie, c\u0103 dup\u0103 ce au insistat iudeii, li L-au dat ca s\u0103-L r\u0103stigneasc\u0103, spun sfin\u0163ii evangheli\u015fti. \u015ei tot a\u015fa i-L d\u0103 lui Iosif acum, ca s\u0103-l \u00eengroape.<br \/>\nNep\u0103s\u0103tor nu a fost Pilat \u00een toat\u0103 ac\u0163iunea asta, nici c\u00e2nd a trebuit s\u0103 accepte s\u0103 \u00cel dea s\u0103 fie r\u0103stignit, nici acum c\u00e2nd i se cerea s\u0103 fie luat de pe Cruce.<br \/>\n\u015ei s-a dus Iosif din Arimateea acolo, a cump\u0103rat p\u00e2nz\u0103 de in \u015fi L-a luat, spune Sf\u00e2nta Carte, a\u015fa cum am citit mai \u00eenainte. M-am g\u00e2ndit cutremurat: ce scuze o fi trebuit s\u0103 foloseasc\u0103 \u015fi cum o fi trebuit s\u0103 se poarte el ca s\u0103 \u00cel ia pe Domnul de pe Cruce. Grija pe care o fi trebuit s\u0103 o aib\u0103 ca s\u0103 \u00cel ia pe Domnul de pe Cruce, cum s\u0103 umble cu Fiul lui Dumnezeu, pentru c\u0103 era acolo \u015fi Maica Domnului, \u015fi sfintele femei; \u015fi Sf\u00e2ntul Evanghelist Ioan era de fa\u0163\u0103&#8230;<br \/>\n\u00cen fine, \u00cel iau de pe Cruce, \u00cel \u00eenvelesc \u015fi \u00cel pun \u00een morm\u00e2nt nou. \u00cen morm\u00e2nt nou L-au pus. Eu m-am g\u00e2ndit mai departe \u015fi am r\u0103mas at\u00e2t de mi\u015fcat dup\u0103 ce am citit \u00een locul acesta din Biblie, c\u0103 nu m\u0103 rabd s\u0103 nu v\u0103 \u00eemp\u0103rt\u0103\u015fesc ce sentiment profund \u015fi ce influen\u0163\u0103 a avut asupra mea Sf\u00e2ntul Cuv\u00e2nt al lui Dumnezeu&#8230; Ce am sim\u0163it? Mi-am zis: a urmat apoi \u00eenvierea. S-a ar\u0103tat, a\u015fa cum \u015ftim. Spune Cuv\u00e2ntul lui Dumnezeu despre toate ar\u0103t\u0103rile acestea. (Iar fratele Traian arat\u0103 \u00een medita\u0163iile sale \u00eent\u00e2lnirea dintre M\u00e2ntuitorul \u015fi Sf\u00e2nta Fecioar\u0103, Maica Lui. \u00centr-adev\u0103r, poate n-ai g\u0103si cuv\u00e2nt [s\u0103 descrii] sau poate ai profana [\u00eencer\u00acc\u00e2nd s\u0103 descrii oricum] clipa aceea unic\u0103 a \u00eent\u00e2lnirii dintre o Mam\u0103 \u015fi un Fiu. Acestea sunt \u00eentotdeauna curate: iubirea dintre o mam\u0103 \u015fi un fiu.) Ce o fi fost \u00een clipa aceea c\u00e2nd M\u00e2ntuitorul S-a ar\u0103tat Sfintei Fecioare nu scrie nic\u0103ieri nimic&#8230; Dar [\u015ftim cum] L-au v\u0103zut ucenicii!&#8230; Dar oare \u00censu\u015fi M\u00e2ntuitorul nu Se va fi ar\u0103tat \u015fi lui Iosif din Arimateea? Scrie Sf\u00e2ntul Apostol Pavel c\u0103 M\u00e2ntuitorul, dup\u0103 \u00eenvierea Sa, S-a ar\u0103tat deseori multora, timp de 40 de zile. M-ai scrie \u00een alt\u0103 parte c\u0103 o dat\u0103 s-a ar\u0103tat la peste cinci sute de fra\u0163i deodat\u0103, dintre care, spune Sf\u00e2ntul Apostol Pavel c\u0103 cei mai mul\u0163i sunt vii&#8230;<br \/>\nAci m-am g\u00e2ndit singur, \u00een adunarea aceasta deosebit\u0103: ca cerul de p\u0103m\u00e2nt, a\u015fa au fost, sunt \u015fi vor fi, c\u00e2t veacurile, adun\u0103rile Sinedriului fa\u0163\u0103 de adun\u0103rile unde vine Hristos. El este prezent \u00eentre fra\u0163i. \u015ei \u00cel va fi v\u0103zut Iosif din Arimateea, zic, poate \u00een prima adunare de felul acesta&#8230; c\u00e2nd \u00een mijlocul lor a ap\u0103rut M\u00e2ntuitorul. Sigur, unii dintre ei s-au \u00eent\u00e2lnit \u2013 \u015fi va fi \u00eencercat \u015fi Iosif s\u0103 vin\u0103 acolo unde Domnul le-a spus. Ucenicii \u00eei vor fi f\u0103cut loc, ca \u015fi Iosif s\u0103 fie \u00eentre ei c\u00e2nd aveau s\u0103-L vad\u0103 pe Domnul Iisus.<br \/>\n\u015ei m-am g\u00e2ndit c\u0103 Domnul s-o fi dus la Iosif \u015fi va fi pus M\u00e2na Lui dup\u0103 capul s\u0103u \u015fi dup\u0103 aceea \u00cel va fi s\u0103rutat pe Iosif \u00een fa\u0163a lor.<br \/>\nEl a avut un curaj pe care pu\u0163ini mai reu\u015fesc s\u0103 \u00eel mai aib\u0103. Sunt vremuri \u00een care Domnul este \u00een situa\u0163ii grele&#8230; Aduce\u0163i-v\u0103 aminte c\u00e2t de cu greu cercetezi casa unui frate \u00een asemenea situa\u0163ii. Chiar a celui mai bun prieten. C\u00e2nd el e \u00eentr-o situa\u0163ie \u00een care \u00eemprejur\u0103rile \u00eel fac ca el s\u0103 fie b\u0103nuit c\u0103 e vinovat. Tu n-ai vrea s\u0103 \u015ftie cineva c\u0103 \u015fi tu e\u015fti dintre ai lui&#8230; Iosif din Arimateea, el a dovedit-o. S\u0103 fii l\u00e2ng\u0103 Hristos c\u00e2nd El este pe Cruce! S\u0103 fii l\u00e2ng\u0103 fra\u0163ii t\u0103i c\u00e2nd ei sunt pe Cruce! S\u0103 fii l\u00e2ng\u0103 Lucrarea lui Dumnezeu c\u00e2nd ea este pe Cruce!<br \/>\nM-am g\u00e2ndit la Sf\u00e2ntul Ioan Gur\u0103 de Aur, iubi\u0163ii mei. De at\u00e2tea ori \u00eei aud pe at\u00e2\u0163ia oameni vorbind a\u015fa impun\u0103tor \u015fi de sus, l\u0103ud\u00e2ndu-se cu Sf\u00e2ntul Ioan Gur\u0103 de Aur&#8230; E adev\u0103rat, \u00een fa\u0163a altarelor noastre st\u0103 Sf\u00e2ntul Ioan Gur\u0103 de Aur; dar oare ne-am g\u00e2ndit, dac\u0103 ei s-ar str\u0103muta \u00een cei 31 de ani c\u00e2nd Sf\u00e2ntul Ioan Gur\u0103 de Aur a trebuit s\u0103 fie dat afar\u0103 din slujba pe care a avut-o, s\u0103 fie caterisit, depus? Depus nu \u00eenseamn\u0103 caterisit. La caterisire se poate reveni, dar atunci c\u00e2nd e\u015fti depus nu mai este m\u0103sur\u0103 s\u0103 poate cineva s\u0103 intervin\u0103, s\u0103 mai revoce sentin\u0163a adus\u0103. \u015ei Sf\u00e2ntul Ioan Gur\u0103 de Aur a avut asemenea perioade \u00een via\u0163a lui, dar c\u00e2\u0163i se vor fi g\u0103sit atunci s\u0103 vorbeasc\u0103 despre el.<br \/>\nDe aceea cre\u015fte inima \u00een mine de bucurie ori de c\u00e2te ori aud fra\u0163ii vorbind despre P\u0103rintele Iosif care s-a aflat \u00een aceea\u015fi situa\u0163ie.<br \/>\nPoate c\u0103 ne complic\u0103m \u00een prea multe lucruri, dar Dumnezeu cunoa\u015fte \u015fi \u015ftie nevinov\u0103\u0163ia acestui om \u015fi a acestei Lucr\u0103ri, al c\u0103rei rost at\u00e2t de pu\u0163ini oameni \u00eel \u00een\u0163eleg \u00een mijlocul Bisericii noastre \u015fi al neamului nostru.<br \/>\nRostul P\u0103rintelui Iosif \u015fi rostul Lucr\u0103rii lui Dumnezeu! M\u0103 refer la rostul acelora care \u00eendr\u0103znesc \u00een asemenea situa\u0163ii, c\u00e2nd e Domnul r\u0103stignit pe Cruce, s\u0103 aib\u0103 curajul. Nu-i o \u00eendr\u0103zneal\u0103 zadarnic\u0103. Noi vom vedea. Aceasta a fost o r\u0103splat\u0103 mic\u0103&#8230; dac\u0103 a fost a\u015fa cum mi-am \u00eenchipuit eu, c\u0103 Domnul Iisus S-o fi dus \u015fi-l va fi cuprins cu m\u00e2inile pe dup\u0103 cap pe Iosif tot a\u015fa cum \u00cel va fi luat el pe Domnul de pe Cruce.<br \/>\nDar va veni o alt\u0103 zi! \u015ei ochii no\u015ftri vor vedea \u015fi Domnul ne va ar\u0103ta \u2013 acelora ce, prin harul lui Dumnezeu, ne ducem m\u00e2ntuirea p\u00e2n\u0103 la cap\u0103t \u2013 slava Lui. \u015ei vom ajunge sl\u0103vita \u015fi binecuv\u00e2ntata zi c\u00e2nd vom fi Dincolo. \u015ei \u00een fa\u0163a tuturor celor cu ramuri de finic \u00een m\u00e2ini, Domnul Iisus va face lucrul acesta.<br \/>\nCu M\u00e2na cea str\u0103puns\u0103, din care a curs S\u00e2ngele care a \u015fters p\u0103catele tuturor celor r\u0103scump\u0103ra\u0163i din toate veacurile, ne va ar\u0103ta Domnul m\u00e2na lui Iosif, spun\u00e2nd: \u201eM\u00e2na asta a scos piroanele din M\u00e2na care a v\u0103rsat s\u00e2nge, ca s\u0103 m\u00e2ntuiasc\u0103 p\u0103catele lumii, \u00een vremea c\u00e2nd to\u0163i au fugit de l\u00e2ng\u0103 Mine.\u201d<br \/>\nFac\u0103 Domnul ca, prin mila \u015fi \u00eendurarea Lui, s\u0103 nu mai fie nimic \u00een stare s\u0103 ne despart\u0103 pe noi de dragostea Lui. C\u00e2t de minunat spune Sf\u00e2ntul Apostol Pavel!<br \/>\nPovesteam pe drum, venind \u00eencoace, despre felul \u00een care P\u0103rintele Iosif c\u0103uta s\u0103 inspire \u00een fra\u0163ii din Lucrarea Oastei Domnului curajul. S\u0103 nu cedeze \u00een fa\u0163a primejdiei, pentru c\u0103, \u00een ultim\u0103 instan\u0163\u0103, noi nu avem de luptat \u00eempotriva c\u0103rnii, \u00eempotriva lucrurilor din lumea asta. Domnul \u00censu\u015fi a spus c\u0103: \u201e\u00cemp\u0103r\u0103\u0163ia Mea nu-i din lumea aceasta\u201d. \u015ei ceea ce facem noi \u00een lupta declarat\u0103 de Oastea Domnului e ceea ce a spus Cuv\u00e2ntul lui Dumnezeu: c\u0103 Domnul Iisus a venit s\u0103 nimiceasc\u0103 lucr\u0103rile diavolului. \u015ei Oastea Domnului s-a angajat s\u0103 lucreze \u2013 spunea P\u0103rintele Iosif \u00eentr-un articol odat\u0103 \u2013 tocmai contra satanei.<br \/>\n\u201eLupt\u0103m cu \u00eend\u00e2rjire pentru drepturile lui Dumnezeu \u00een lume\u201d&#8230; Asta face Oastea Domnului!&#8230; Lupt\u0103 cu \u00eend\u00e2rjire pentru drepturile lui Dumnezeu \u00een lume. \u00centotdeauna! S\u0103 nu b\u0103nuiasc\u0103 cineva c\u0103 numai acuma trebuie asta. C\u00e2nd P\u0103rintele Iosif a spus lucrurile acestea, nu era atunci o situa\u0163ie pe care s\u0103 nu o po\u0163i compara cu st\u0103rile pe care le tr\u0103im noi ast\u0103zi. Totdeauna a fost necesar serviciul oamenilor, s\u0103 apere drepturile lui Dumnezeu \u00een lume. \u015ei de aceea Dumnezeu a ridicat \u00een mijlocul poporului nostru Oastea Domnului: s\u0103 lupte pentru drepturile Lui, nu pentru drepturile lor. C\u0103 a lor problem\u0103 a rezolvat-o El. \u015ei ei nu-\u015fi caut\u0103 drepturile lor, ci vor s\u0103 ajute Lucrarea lui Dumnezeu, \u00een folosul celorlal\u0163i, care nu au ajuns \u00eenc\u0103 s\u0103-L cunoasc\u0103 pe Dumnezeu.<br \/>\n\u00cen sensul acesta ar\u0103ta P\u0103rintele Iosif \u00eentr-una din revistele publicate \u2013 prin care a c\u0103utat s\u0103 ne formeze dup\u0103 voia lui Dumnezeu \u2013 despre Mucius Scevola, sub titlul \u201eA fost \u015fi va mai fi\u201d, unde scria c\u0103 \u00een timpul romanilor s-a ridicat un popor \u00eempotriva acestora, cu scopul de a cuceri Roma. \u015ei, c\u00e2\u0163iva dintre osta\u015fii Romei, o ceat\u0103, au spus c\u0103 ei cu hot\u0103r\u00e2re se duc \u015fi vor s\u0103-l ucid\u0103 pe regele care se ridicase la hotar \u00eempotriva lor ca s\u0103 cucereasc\u0103 o parte din imperiu. \u00cemprejur\u0103rile arat\u0103 c\u0103 au fost prin\u015fi \u015fi mai ales unul dintre ei, Mucius Scevola, care se angajase cu jur\u0103m\u00e2nt la astfel de ac\u0163iune. A fost prins, legat \u015fi dus \u00een fa\u0163a \u00eemp\u0103ratului du\u015fman. I se spuse c\u0103, \u00een numele legii, va trebui s\u0103 fie ars. L\u00e2ng\u0103 rege era un altar unde se aduceau jertfe idolului lor.<br \/>\nScevola a \u00eentins m\u00e2na deasupra focului \u015fi m\u00e2na a \u00eenceput s\u0103 ard\u0103 \u015fi a ars m\u00e2na deasupra focului \u015fi el st\u0103tea z\u00e2mbind, privind la rege. \u00cemp\u0103ratul l-a scos de acolo \u015fi i-a spus:<br \/>\n\u2013 Destul! S\u0103 fie eliberat!&#8230; Poporul acesta roman nu poate fi \u00eenfr\u00e2nt cu totul, c\u0103 oamenii \u0103\u015ftia sunt de ne\u00eenvins. \u015ei a renun\u0163at s\u0103 fac\u0103 r\u0103zboi.<br \/>\nP\u0103rintele Iosif, pe urm\u0103, arat\u0103 c\u0103 cre\u015ftinismul a avut oameni care l-au dep\u0103\u015fit pe Mucius Scevola.<br \/>\nPrin ac\u0163iunea lor, prin devotamentul lor, prin eroismul lor, Biserica \u00ee\u015fi face \u00eenscri\u015fi eroii \u015fi martirii ei. \u015ei scrie P\u0103rintele Iosif undeva c\u0103 a primit o scrisoare de la P\u0103rintele Vasile. \u015ei P\u0103rintele Iosif red\u0103 acolo o parte din ea: \u201eV\u0103 scriu, P\u0103rinte, cu s\u00e2ngele \u00een gur\u0103; c\u0103 mi s-a rupt pl\u0103m\u00e2nul \u015fi gura e plin\u0103 de s\u00e2nge; dar nu las steagul!\u201d.<br \/>\n\u015ei \u015fti\u0163i c\u0103 P\u0103rintele Vasile a\u015fa a murit, vorbind \u00een marea Catedral\u0103 din Bucure\u015fti, din Ghencea, aceea care e ridicat\u0103 spre slava lui Dumnezeu \u015fi pentru bucuria fra\u0163ilor veni\u0163i s\u0103 se adune. N-a mai putut s\u0103 vorbeasc\u0103 \u2013 \u015fi-i scrie P\u0103rintelui hot\u0103r\u00e2rea sa de a muri pentru Domnul.<br \/>\n\u015ei nu numai unul a fost. Sunt \u015fi vor mai fi \u00eenc\u0103 mul\u0163i a\u015fa.<\/p>\n<p style=\"text-align: justify;\">Se mai arat\u0103 un alt caz de un asemenea eroism, \u00een leg\u0103tur\u0103 cu un pusnic cobor\u00e2t \u00een Roma \u00een timpul distrac\u0163iilor acelora cu gladiatori. Cum mul\u0163imea mergea \u00een direc\u0163ia arenelor, pusnicul s-a dus \u015fi el, s\u0103 vad\u0103 unde merge a\u015fa mare mul\u0163ime. A ajuns acolo la aren\u0103 \u015fi a v\u0103zut ce se petrecea acolo, cum unul dintre cei doi gladiatori, care erau robi, \u00eel \u00eenvingea pe cel\u0103lalt. (Se zice c\u0103 pl\u0103cerea cea mai mare a publicului era c\u00e2nd unul dintre gladiatori era sub c\u0103lc\u00e2iul celuilalt, iar cel de deasupra \u00eenfigea furca \u00een el \u015fi \u00eel d\u0103dea gata.) \u015ei pusnicul nu a mai putut r\u0103bda \u015fi, de acolo de unde privea, a s\u0103rit \u00een aren\u0103, \u00een mijlocul luptei, \u015fi i-a desp\u0103r\u0163it pe cei doi gladiatori. \u015ei de acolo a strigat: \u201eS\u0103 \u00eenceteze p\u0103g\u00e2nismul!\u201d.<br \/>\nCum to\u0163i a\u015fteptau clipa \u00een care s\u0103 se poat\u0103 bucura, mul\u0163imea a \u00eenceput s\u0103 murmure \u015fi, \u00een ultim\u0103 instan\u0163\u0103, \u00eentr-un glas, ca \u00een cazul M\u00e2ntuitorului c\u00e2nd strigau s\u0103-L r\u0103stigneasc\u0103, a strigat \u015fi acum s\u0103-l omoare pe cel ce a tulburat bucuria pe care ei a\u015fteptau s\u0103 o aib\u0103.<br \/>\nPusnicul \u015fi-a desf\u0103cut frumos c\u0103ma\u015fa \u015fi a zis: \u201e\u00cenfige\u0163i sabia!\u201d.<br \/>\n\u015ei au \u00eenfipt sabia \u00een el.<br \/>\nEra \u00een foaie scris: \u201eA\u015fa s-a cobor\u00e2t din Mun\u0163ii Apuseni un pusnic \u00een vremurile noastre, \u00een mijlocul p\u0103g\u00e2nismului anului 1923, \u015fi a strigat: \u201eS\u0103 \u00eenceteze p\u0103g\u00e2nismul! S\u0103 \u00eenceteze be\u0163iile! S\u0103 \u00eenceteze jocurile! S\u0103 \u00eenceteze desfr\u00e2n\u0103rile! S\u0103 \u00eenceteze minciuna! S\u0103 \u00eenceteze calomniile! S\u0103 \u00eenceteze toate! Poporul acesta are nevoie de \u00eembr\u0103\u0163i\u015farea \u015fi de dragostea lui Dumnezeu!&#8230;\u201d \u201eProbabil \u2013 scria mai departe \u00een articol \u2013 va trebui \u015fi pusnicul zilelor noastre s\u0103 pl\u0103teasc\u0103 ce a pl\u0103tit pusnicul din arena din Roma\u201d.<br \/>\nDar \u00eemp\u0103ratul Romei a dat dispozi\u0163ie \u00eentr-adev\u0103r s\u0103 \u00eenceteze p\u0103g\u00e2nismul. Cu data de m\u00e2ine-zi a \u015fi \u00eencetat. Nu s-a mai petrecut \u00een Roma a\u015fa ceva. Numele \u00eemp\u0103ratului nu \u00eel re\u0163in \u2013 \u00eel pomene\u015fte P\u0103rintele Iosif.<br \/>\nOrice biruin\u0163\u0103 trebuie pecetluit\u0103 cu jertf\u0103. \u00cen istoria Bisericii noastre, \u00een mijlocul poporului nostru, au fost astfel de jertfe.<\/p>\n<p style=\"text-align: justify;\">Pe urm\u0103 mai arat\u0103 o alt\u0103 pild\u0103. V-o spun \u015fi pe asta \u015fi pe urm\u0103 \u00eenchei: cazul c\u0103pitanului Mu\u015fat, \u00een luptele de la M\u0103r\u0103\u015fe\u015fti. P\u0103rintele Iosif era un om care, prin scrisul lui, \u00eentr-adev\u0103r ca un general, reu\u015fea s\u0103 \u00eenfl\u0103c\u0103reze fronturile, pentru ca s\u0103 nu cedeze nu \u00een fa\u0163a du\u015fmanilor v\u0103zu\u0163i de aici, ci \u00een fa\u0163a p\u0103catelor care se r\u0103zboiesc cu noi. Fiecare dintre noi \u015ftim ce \u00eenseamn\u0103 s\u0103 lup\u0163i cu firea ta cea rea, cu p\u0103catele tale \u015fi cu toate c\u00e2te se r\u0103zboiesc cu tine. \u00cen lupta asta, P\u0103rintele vrea s\u0103-i antreneze pe fra\u0163i, s\u0103 lupte ca cei de la M\u0103r\u0103\u015fe\u015fti. Acolo, atunci, du\u015fmanul \u00eencepea s\u0103 vin\u0103 \u015fi lupta se socoti aproape ca fiind pierdut\u0103. Dar c\u0103pitanul \u00eempreun\u0103 cu cei din compania sa au spus:<br \/>\n\u2013 Murim aici! \u015ei i-a pus s\u0103 fac\u0103 jur\u0103m\u00e2nt cu leg\u0103m\u00e2nt \u015fi a f\u0103cut fiecare \u00een jurul lui un cerc pe care a scris: \u201eAici vom muri sau vom \u00eenvinge!\u201d<br \/>\n\u015ei cu c\u00e2t\u0103 muni\u0163ie au avut, au tras \u00eencontinuu \u015fi s-au luptat, au c\u0103zut ei acolo \u015fi au murit. Dar du\u015fmanul nu a putu s\u0103 \u00eenainteze. Apoi au venit \u00eent\u0103riri din spate \u015fi s-a c\u00e2\u015ftigat biruin\u0163a, ceea ce a adus faima poporului rom\u00e2nesc. \u015ei faima M\u0103r\u0103\u015fe\u015ftiului nostru a ajuns p\u00e2n\u0103 la marginile lumii. Faima s\u00e2ngelui eroilor de la M\u0103r\u0103\u015fe\u015fti.<br \/>\nSpune P\u0103rintele Iosif: \u201eLeg\u0103mintele noastre sunt leg\u0103mintele lui Mu\u015fat de la M\u0103r\u0103\u015fe\u015fti. Murim sau \u00eenvingem!\u201d<br \/>\nDac\u0103 va trebui, spune el, s\u0103 nu vedem c\u00e2\u015ftigat\u0103 biruin\u0163a luptei \u00eempotriva p\u0103catului \u015fi a r\u0103ului, a luptei \u00eempotriva p\u0103catelor \u015fi a r\u0103ut\u0103\u0163ilor care se r\u0103zboiesc cu noi, nu-i nimic; o vor vedea urma\u015fii no\u015ftri.<br \/>\nP\u0103catul macin\u0103 familia noastr\u0103.<br \/>\nP\u0103catul macin\u0103 s\u0103n\u0103tatea noastr\u0103.<br \/>\nDe unde ne vin bolile? De unde, tot ceea ce aproape c\u0103 legile statului nu mai pot s\u0103 opreasc\u0103? De la p\u0103catele care se r\u0103zboiesc cu noi.<br \/>\nNoi am fost chema\u0163i s\u0103 d\u0103m o m\u00e2n\u0103 de ajutor \u00een asemenea situa\u0163ii, pentru ca \u00eentr-adev\u0103r poporul nostru s\u0103 fie un popor s\u0103n\u0103tos \u015fi s\u0103 tr\u0103iasc\u0103 \u00een condi\u0163iile pe care ni le-a h\u0103r\u0103zit Bunul Dumnezeu pe meleagurile astea at\u00e2t de binecuv\u00e2ntat\u0103 pentru noi. Numai s\u0103 \u015ftim s\u0103-I mul\u0163umim.<br \/>\nDe aceea mul\u0163umim lui Dumnezeu pentru ziua frumoas\u0103 \u00een care ne-a adunat aici. Vor culege al\u0163ii, c\u00e2nd vor duce la biruin\u0163\u0103 lupta \u00eenceput\u0103. Noi mul\u0163umim lui Dumnezeu c\u0103 ne-a chemat \u015fi c\u0103 ne-am putut bucura aici, c\u0103 \u00eentr-adev\u0103r \u00een aceast\u0103 Lucrarea ne-a ajutat s\u0103 afl\u0103m m\u00e2ntuirea sufletului nostru. Nu \u00een alt\u0103 parte. Nu rup\u00e2ndu-ne, nu ie\u015find din cadrele vii ale Bisericii, nici ale tradi\u0163iei noastre str\u0103mo\u015fe\u015fti.<br \/>\nCi aici \u00een mijlocul Biserici noastre \u015fi \u00een mijlocul poporului nostru. Nu vrem s\u0103 schimb\u0103m nimic, ci doar via\u0163a noastr\u0103 \u015fi a celor care tr\u0103iesc \u00een p\u0103cate \u015fi f\u0103r\u0103delegi. Asta trebuie schimbat\u0103.<br \/>\nBunul Dumnezeu s\u0103 ne ajute pe aceia care p\u00e2n\u0103 acum am \u00eendr\u0103znit s\u0103 ascult\u0103m \u00eendemnurile pe care le-am sim\u0163it de la mai-mari no\u015ftri, s\u0103 putem s\u0103 mergem mai departe.<br \/>\n\u00cens\u0103 celor care nu au \u00eenceput p\u00e2n\u0103 acum, Domnul s\u0103 le ajute s\u0103 poat\u0103 \u00eencepe frumos, \u00eendr\u0103znind spre Acela care ne-a spus: \u201e\u00cendr\u0103zni\u0163i, c\u0103ci Eu am biruit lumea!\u201d.<br \/>\nAmin.<\/p>\n","protected":false},"excerpt":{"rendered":"<p>Vorbirea fratelui Moise Velescu (Arad) la adunarea de la Petrileni \u2013 9 august 1981 \u00cen Numele Tat\u0103lui \u015fi al Fiului \u015fi al Sf\u00e2ntului Duh. Amin. \u201eC\u00e2nd s-a \u00eenserat, fiindc\u0103 era ziua Preg\u0103tirii, adic\u0103 ziua dinaintea Sabatului, a venit Iosif din Arimateea, un sfetnic cu vaz\u0103 al soborului, care \u015fi el a\u015ftepta \u00cemp\u0103r\u0103\u0163ia lui Dumnezeu. El&nbsp;<\/p>\n<p><a class=\"btn btn-style\" href=\"https:\/\/comorinemuritoare.ro\/bLOGOS\/iosif-din-arimateea\/\">Continue Reading&#8230;<\/a><\/p>\n","protected":false},"author":1,"featured_media":0,"comment_status":"open","ping_status":"open","sticky":false,"template":"","format":"standard","meta":{"footnotes":""},"categories":[590],"tags":[],"class_list":["post-17137","post","type-post","status-publish","format-standard","hentry","category-vorbiri"],"_links":{"self":[{"href":"https:\/\/comorinemuritoare.ro\/bLOGOS\/wp-json\/wp\/v2\/posts\/17137","targetHints":{"allow":["GET"]}}],"collection":[{"href":"https:\/\/comorinemuritoare.ro\/bLOGOS\/wp-json\/wp\/v2\/posts"}],"about":[{"href":"https:\/\/comorinemuritoare.ro\/bLOGOS\/wp-json\/wp\/v2\/types\/post"}],"author":[{"embeddable":true,"href":"https:\/\/comorinemuritoare.ro\/bLOGOS\/wp-json\/wp\/v2\/users\/1"}],"replies":[{"embeddable":true,"href":"https:\/\/comorinemuritoare.ro\/bLOGOS\/wp-json\/wp\/v2\/comments?post=17137"}],"version-history":[{"count":0,"href":"https:\/\/comorinemuritoare.ro\/bLOGOS\/wp-json\/wp\/v2\/posts\/17137\/revisions"}],"wp:attachment":[{"href":"https:\/\/comorinemuritoare.ro\/bLOGOS\/wp-json\/wp\/v2\/media?parent=17137"}],"wp:term":[{"taxonomy":"category","embeddable":true,"href":"https:\/\/comorinemuritoare.ro\/bLOGOS\/wp-json\/wp\/v2\/categories?post=17137"},{"taxonomy":"post_tag","embeddable":true,"href":"https:\/\/comorinemuritoare.ro\/bLOGOS\/wp-json\/wp\/v2\/tags?post=17137"}],"curies":[{"name":"wp","href":"https:\/\/api.w.org\/{rel}","templated":true}]}}