{"id":17800,"date":"2016-08-05T08:30:02","date_gmt":"2016-08-05T11:30:02","guid":{"rendered":"http:\/\/comorinemuritoare.ro\/bLOGOS\/?p=17800"},"modified":"2016-08-06T07:51:45","modified_gmt":"2016-08-06T10:51:45","slug":"iisuse-cand-vin-dinspre-tine","status":"publish","type":"post","link":"https:\/\/comorinemuritoare.ro\/bLOGOS\/iisuse-cand-vin-dinspre-tine\/","title":{"rendered":"IISUSE, C\u00c2ND VIN DINSPRE TINE"},"content":{"rendered":"<p><a href=\"http:\/\/comorinemuritoare.ro\/bLOGOS\/wp-content\/uploads\/2013\/08\/schimbarea_la_fata.jpg\"><img loading=\"lazy\" decoding=\"async\" class=\" wp-image-17802 alignright\" src=\"http:\/\/comorinemuritoare.ro\/bLOGOS\/wp-content\/uploads\/2013\/08\/schimbarea_la_fata.jpg\" alt=\"schimbarea_la_fata\" width=\"391\" height=\"518\" \/><\/a>Iisuse, c\u00e2nd vin dinspre Tine<br \/>\nde soare-mi simt ochii c\u0103 dor<br \/>\n\u015fi marile aripi mi-s pline<br \/>\nde praful de aur din zbor.<\/p>\n<p style=\"padding-left: 60px;\"><em>Iisuse, fii sl\u0103vit<\/em><br \/>\n<em> de harul fericit<\/em><br \/>\n<em> cu care vin \u2013 cu care vin<\/em><br \/>\n<em> oric\u00e2nd m\u0103-nchin!<\/em><\/p>\n<p>C\u00e2nd ceasul de tain\u0103 sf\u00e2r\u015fe\u015fte<br \/>\n\u015fi-ntorc de pe munte \u00een jos,<br \/>\npe frunte mai simt c\u0103-mi luce\u015fte<br \/>\ncununa de har luminos.<\/p>\n<p>Ce grei pa\u015fii mei vin spre vale<br \/>\nc\u00e2nd ochii mei mai vor \u015fi vor<br \/>\nlumina privirilor Tale<br \/>\n\u015fi harul r\u0103mas pe Tabor!<\/p>\n<p>O, dulce-nt\u00e2lnire divin\u0103<br \/>\npe Munte cu Sf\u00e2ntul Mister,<br \/>\nia-mi duhul odat\u0103-n lumin\u0103<br \/>\n\u015fi-n veci nu-l \u00eentoarce din cer!<\/p>\n<p><em><strong>Traian Dorz<\/strong>, C\u00e2ntarea Ve\u015fniciei\u00a0<\/em><\/p>\n","protected":false},"excerpt":{"rendered":"<p>Iisuse, c\u00e2nd vin dinspre Tine de soare-mi simt ochii c\u0103 dor \u015fi marile aripi mi-s pline de praful de aur din zbor. Iisuse, fii sl\u0103vit de harul fericit cu care vin \u2013 cu care vin oric\u00e2nd m\u0103-nchin! C\u00e2nd ceasul de tain\u0103 sf\u00e2r\u015fe\u015fte \u015fi-ntorc de pe munte \u00een jos, pe frunte mai simt c\u0103-mi luce\u015fte cununa&nbsp;<\/p>\n<p><a class=\"btn btn-style\" href=\"https:\/\/comorinemuritoare.ro\/bLOGOS\/iisuse-cand-vin-dinspre-tine\/\">Continue Reading&#8230;<\/a><\/p>\n","protected":false},"author":1,"featured_media":0,"comment_status":"open","ping_status":"open","sticky":false,"template":"","format":"standard","meta":{"footnotes":""},"categories":[4],"tags":[],"class_list":["post-17800","post","type-post","status-publish","format-standard","hentry","category-poezii"],"_links":{"self":[{"href":"https:\/\/comorinemuritoare.ro\/bLOGOS\/wp-json\/wp\/v2\/posts\/17800","targetHints":{"allow":["GET"]}}],"collection":[{"href":"https:\/\/comorinemuritoare.ro\/bLOGOS\/wp-json\/wp\/v2\/posts"}],"about":[{"href":"https:\/\/comorinemuritoare.ro\/bLOGOS\/wp-json\/wp\/v2\/types\/post"}],"author":[{"embeddable":true,"href":"https:\/\/comorinemuritoare.ro\/bLOGOS\/wp-json\/wp\/v2\/users\/1"}],"replies":[{"embeddable":true,"href":"https:\/\/comorinemuritoare.ro\/bLOGOS\/wp-json\/wp\/v2\/comments?post=17800"}],"version-history":[{"count":0,"href":"https:\/\/comorinemuritoare.ro\/bLOGOS\/wp-json\/wp\/v2\/posts\/17800\/revisions"}],"wp:attachment":[{"href":"https:\/\/comorinemuritoare.ro\/bLOGOS\/wp-json\/wp\/v2\/media?parent=17800"}],"wp:term":[{"taxonomy":"category","embeddable":true,"href":"https:\/\/comorinemuritoare.ro\/bLOGOS\/wp-json\/wp\/v2\/categories?post=17800"},{"taxonomy":"post_tag","embeddable":true,"href":"https:\/\/comorinemuritoare.ro\/bLOGOS\/wp-json\/wp\/v2\/tags?post=17800"}],"curies":[{"name":"wp","href":"https:\/\/api.w.org\/{rel}","templated":true}]}}