{"id":18264,"date":"2024-09-20T04:53:17","date_gmt":"2024-09-20T07:53:17","guid":{"rendered":"http:\/\/comorinemuritoare.ro\/bLOGOS\/?p=18264"},"modified":"2025-09-20T16:22:10","modified_gmt":"2025-09-20T19:22:10","slug":"sub-crucea-ta-ne-am-intalnit","status":"publish","type":"post","link":"https:\/\/comorinemuritoare.ro\/bLOGOS\/sub-crucea-ta-ne-am-intalnit\/","title":{"rendered":"SUB CRUCEA TA NE-AM \u00ceNT\u00c2LNIT"},"content":{"rendered":"<p><a href=\"http:\/\/comorinemuritoare.ro\/bLOGOS\/wp-content\/uploads\/2013\/09\/inaltarea-sf-cruci-mica.jpg\"><img loading=\"lazy\" decoding=\"async\" class=\"alignright wp-image-18265\" src=\"http:\/\/comorinemuritoare.ro\/bLOGOS\/wp-content\/uploads\/2013\/09\/inaltarea-sf-cruci-mica.jpg\" alt=\"inaltarea-sf-cruci-mica\" width=\"298\" height=\"397\" \/><\/a>Sub Crucea Ta ne-am \u00eent\u00e2lnit, Iisuse,<br \/>\ncu Tat\u0103l nostru cel Ceresc \u015fi Sf\u00e2nt,<br \/>\nc\u00e2nd ne-ai chemat \u2013 \u015fi dragostea ne-aduse,<br \/>\nca \u00eenfia\u0163i de-un ve\u015fnic leg\u0103m\u00e2nt.<\/p>\n<p>Sub Crucea Ta ne-ai dat \u00eemp\u0103rt\u0103\u015firea<br \/>\ncu Duhul Sf\u00e2nt prin Care-am fost sfin\u0163i\u0163i;<br \/>\nprin El \u0162i-ai pus pe noi pecetluirea,<br \/>\nla jertf\u0103 \u015fi la slav\u0103 r\u00e2ndui\u0163i.<\/p>\n<p>Sub Crucea Ta noi ne-am predat via\u0163a,<br \/>\nacela\u015fi jug \u015fi sarcin\u0103 primind,<br \/>\nca s\u0103-\u0162i vedem cu bucurie Fa\u0163a<br \/>\nc\u00e2nd Tu vei fi pe veci la noi venind.<\/p>\n<p>Sub Crucea Ta p\u0103streaz\u0103-ne \u00eentruna,<br \/>\noric\u00e2t am fi de mici \u015fi de str\u0103ini,<br \/>\nca Tu s\u0103 po\u0163i s\u0103 ne a\u015fezi cununa<br \/>\npe fruntea unde-au stat at\u00e2\u0163ia spini!<\/p>\n<p><em>S\u0103 c\u00e2nt\u0103m Domnului<\/em>, nr. 30<\/p>\n","protected":false},"excerpt":{"rendered":"<p>Sub Crucea Ta ne-am \u00eent\u00e2lnit, Iisuse, cu Tat\u0103l nostru cel Ceresc \u015fi Sf\u00e2nt, c\u00e2nd ne-ai chemat \u2013 \u015fi dragostea ne-aduse, ca \u00eenfia\u0163i de-un ve\u015fnic leg\u0103m\u00e2nt. Sub Crucea Ta ne-ai dat \u00eemp\u0103rt\u0103\u015firea cu Duhul Sf\u00e2nt prin Care-am fost sfin\u0163i\u0163i; prin El \u0162i-ai pus pe noi pecetluirea, la jertf\u0103 \u015fi la slav\u0103 r\u00e2ndui\u0163i. Sub Crucea Ta noi&nbsp;<\/p>\n<p><a class=\"btn btn-style\" href=\"https:\/\/comorinemuritoare.ro\/bLOGOS\/sub-crucea-ta-ne-am-intalnit\/\">Continue Reading&#8230;<\/a><\/p>\n","protected":false},"author":1,"featured_media":0,"comment_status":"open","ping_status":"open","sticky":false,"template":"","format":"standard","meta":{"footnotes":""},"categories":[1],"tags":[],"class_list":["post-18264","post","type-post","status-publish","format-standard","hentry","category-editorial"],"_links":{"self":[{"href":"https:\/\/comorinemuritoare.ro\/bLOGOS\/wp-json\/wp\/v2\/posts\/18264","targetHints":{"allow":["GET"]}}],"collection":[{"href":"https:\/\/comorinemuritoare.ro\/bLOGOS\/wp-json\/wp\/v2\/posts"}],"about":[{"href":"https:\/\/comorinemuritoare.ro\/bLOGOS\/wp-json\/wp\/v2\/types\/post"}],"author":[{"embeddable":true,"href":"https:\/\/comorinemuritoare.ro\/bLOGOS\/wp-json\/wp\/v2\/users\/1"}],"replies":[{"embeddable":true,"href":"https:\/\/comorinemuritoare.ro\/bLOGOS\/wp-json\/wp\/v2\/comments?post=18264"}],"version-history":[{"count":1,"href":"https:\/\/comorinemuritoare.ro\/bLOGOS\/wp-json\/wp\/v2\/posts\/18264\/revisions"}],"predecessor-version":[{"id":27167,"href":"https:\/\/comorinemuritoare.ro\/bLOGOS\/wp-json\/wp\/v2\/posts\/18264\/revisions\/27167"}],"wp:attachment":[{"href":"https:\/\/comorinemuritoare.ro\/bLOGOS\/wp-json\/wp\/v2\/media?parent=18264"}],"wp:term":[{"taxonomy":"category","embeddable":true,"href":"https:\/\/comorinemuritoare.ro\/bLOGOS\/wp-json\/wp\/v2\/categories?post=18264"},{"taxonomy":"post_tag","embeddable":true,"href":"https:\/\/comorinemuritoare.ro\/bLOGOS\/wp-json\/wp\/v2\/tags?post=18264"}],"curies":[{"name":"wp","href":"https:\/\/api.w.org\/{rel}","templated":true}]}}