{"id":20279,"date":"2014-05-22T09:15:01","date_gmt":"2014-05-22T12:15:01","guid":{"rendered":"http:\/\/comorinemuritoare.ro\/bLOGOS\/?p=20279"},"modified":"2014-05-22T09:35:24","modified_gmt":"2014-05-22T12:35:24","slug":"o-maica-jertfei","status":"publish","type":"post","link":"https:\/\/comorinemuritoare.ro\/bLOGOS\/o-maica-jertfei\/","title":{"rendered":"O, MAICA JERTFEI"},"content":{"rendered":"<p><a href=\"http:\/\/comorinemuritoare.ro\/bLOGOS\/wp-content\/uploads\/2014\/05\/Maica-Domnului.jpg\"><img loading=\"lazy\" decoding=\"async\" class=\"wp-image-20280 alignleft\" alt=\"Maica-Domnului\" src=\"http:\/\/comorinemuritoare.ro\/bLOGOS\/wp-content\/uploads\/2014\/05\/Maica-Domnului.jpg\" width=\"342\" height=\"489\" srcset=\"https:\/\/comorinemuritoare.ro\/bLOGOS\/wp-content\/uploads\/2014\/05\/Maica-Domnului.jpg 428w, https:\/\/comorinemuritoare.ro\/bLOGOS\/wp-content\/uploads\/2014\/05\/Maica-Domnului-210x300.jpg 210w\" sizes=\"auto, (max-width: 342px) 100vw, 342px\" \/><\/a>O, Maica Jertfei Salvatoare,<br \/>\nca-n preacuratele-\u0163i priviri,<br \/>\nnici Fericirea, nici Durerea<br \/>\nat\u00e2t de-ad\u00e2nci nu-s nic\u0103iri!<\/p>\n<p>Ca-n chipul t\u0103u pe lume unic<br \/>\nde umil \u015fi de glorios,<br \/>\nnici Suferin\u0163a, nici Iertarea<br \/>\nnu str\u0103lucesc mai dureros.<\/p>\n<p>\u00cen via\u0163a ta, cum nici o mam\u0103<br \/>\ndin lumea asta n-a avut,<br \/>\ne-o pace negr\u0103it de dulce<br \/>\n\u015fi-un zbucium nep\u0103truns de mut.<\/p>\n<p>O umilin\u0163\u0103-at\u00e2t de-ad\u00e2c\u0103<br \/>\npe-un nimb at\u00e2t de-mp\u0103r\u0103tesc,<br \/>\nc\u00e2ntarea cea mai \u00eengereasc\u0103<br \/>\n\u015fi pl\u00e2nsul cel mai omenesc\u2026<\/p>\n<p>\u2026\u00cen pre\u0163ul Jertfei Salvatoare<br \/>\n\u015fi tu ce mare parte-ai pus!<br \/>\nTe vom cinsti \u00een veci, c\u0103 tu e\u015fti<br \/>\n\u015fi Maica noastr\u0103 \u2013 prin Iisus.<\/p>\n<p><em><strong>Traian Dorz,<\/strong> Minune \u015fi tain\u0103<\/em><\/p>\n","protected":false},"excerpt":{"rendered":"<p>O, Maica Jertfei Salvatoare, ca-n preacuratele-\u0163i priviri, nici Fericirea, nici Durerea at\u00e2t de-ad\u00e2nci nu-s nic\u0103iri! Ca-n chipul t\u0103u pe lume unic de umil \u015fi de glorios, nici Suferin\u0163a, nici Iertarea nu str\u0103lucesc mai dureros. \u00cen via\u0163a ta, cum nici o mam\u0103 din lumea asta n-a avut, e-o pace negr\u0103it de dulce \u015fi-un zbucium nep\u0103truns de&nbsp;<\/p>\n<p><a class=\"btn btn-style\" href=\"https:\/\/comorinemuritoare.ro\/bLOGOS\/o-maica-jertfei\/\">Continue Reading&#8230;<\/a><\/p>\n","protected":false},"author":1,"featured_media":0,"comment_status":"open","ping_status":"open","sticky":false,"template":"","format":"standard","meta":{"footnotes":""},"categories":[1],"tags":[],"class_list":["post-20279","post","type-post","status-publish","format-standard","hentry","category-editorial"],"_links":{"self":[{"href":"https:\/\/comorinemuritoare.ro\/bLOGOS\/wp-json\/wp\/v2\/posts\/20279","targetHints":{"allow":["GET"]}}],"collection":[{"href":"https:\/\/comorinemuritoare.ro\/bLOGOS\/wp-json\/wp\/v2\/posts"}],"about":[{"href":"https:\/\/comorinemuritoare.ro\/bLOGOS\/wp-json\/wp\/v2\/types\/post"}],"author":[{"embeddable":true,"href":"https:\/\/comorinemuritoare.ro\/bLOGOS\/wp-json\/wp\/v2\/users\/1"}],"replies":[{"embeddable":true,"href":"https:\/\/comorinemuritoare.ro\/bLOGOS\/wp-json\/wp\/v2\/comments?post=20279"}],"version-history":[{"count":0,"href":"https:\/\/comorinemuritoare.ro\/bLOGOS\/wp-json\/wp\/v2\/posts\/20279\/revisions"}],"wp:attachment":[{"href":"https:\/\/comorinemuritoare.ro\/bLOGOS\/wp-json\/wp\/v2\/media?parent=20279"}],"wp:term":[{"taxonomy":"category","embeddable":true,"href":"https:\/\/comorinemuritoare.ro\/bLOGOS\/wp-json\/wp\/v2\/categories?post=20279"},{"taxonomy":"post_tag","embeddable":true,"href":"https:\/\/comorinemuritoare.ro\/bLOGOS\/wp-json\/wp\/v2\/tags?post=20279"}],"curies":[{"name":"wp","href":"https:\/\/api.w.org\/{rel}","templated":true}]}}