{"id":24498,"date":"2025-05-28T05:02:29","date_gmt":"2025-05-28T08:02:29","guid":{"rendered":"http:\/\/comorinemuritoare.ro\/bLOGOS\/?p=24498"},"modified":"2025-05-28T15:21:31","modified_gmt":"2025-05-28T18:21:31","slug":"alte-materiale-la-inaltarea-domnului","status":"publish","type":"post","link":"https:\/\/comorinemuritoare.ro\/bLOGOS\/alte-materiale-la-inaltarea-domnului\/","title":{"rendered":"Alte materiale la \u00cen\u0103l\u0163area Domnului"},"content":{"rendered":"<p class=\"entry-title\"><a href=\"http:\/\/comorinemuritoare.ro\/bLOGOS\/ma-duc-sa-va-pregatesc-un-loc%e2%80%a6\/\" target=\"_blank\" rel=\"bookmark\">[M\u0103 duc s\u0103 v\u0103 preg\u0103tesc un loc\u2026]<\/a>\u00a0&#8211; Traian Dorz<\/p>\n<p class=\"entry-title\"><a href=\"http:\/\/comorinemuritoare.ro\/bLOGOS\/la-nlarea-domnului\/\" target=\"_blank\" rel=\"bookmark\">La \u00cen\u0103l\u0163area Domnului<\/a>\u00a0&#8211; Sf. Nicolae Velimirovici<\/p>\n<p class=\"entry-title\">\u00a0<a href=\"http:\/\/comorinemuritoare.ro\/bLOGOS\/la-acelasi-praznic-al-inaltarii-domnului\/\" target=\"_blank\" rel=\"bookmark\">La acela\u015fi praznic al In\u0103l\u0163\u0103rii Domnului<\/a>\u00a0&#8211; Sf. Grigorie Palama<\/p>\n<p class=\"entry-title\"><a href=\"http:\/\/comorinemuritoare.ro\/bLOGOS\/stim-ca-vei-veni\/\" target=\"_blank\" rel=\"bookmark\">\u015eTIM C\u0102 VEI VENI<\/a>\u00a0&#8211; Traian Dorz<\/p>\n<p class=\"entry-title\"><a href=\"http:\/\/comorinemuritoare.ro\/bLOGOS\/evanghelia-despre-inaltarea-domnului\/\" target=\"_blank\" rel=\"bookmark\">Evanghelia despre \u00cen\u0103l\u0163area Domnului<\/a>\u00a0&#8211;\u00a0Sf. Nicolae Velimirovici<\/p>\n<p class=\"entry-title\"><a href=\"http:\/\/comorinemuritoare.ro\/bLOGOS\/ramai-cu-noi-caci-catre-seara-este\/\" target=\"_blank\" rel=\"bookmark\">R\u0102M\u00c2I CU NOI, C\u0102CI C\u0102TRE SEAR\u0102 ESTE<\/a>\u00a0&#8211;\u00a0Pr. Iosif TRIFA<\/p>\n","protected":false},"excerpt":{"rendered":"<p>[M\u0103 duc s\u0103 v\u0103 preg\u0103tesc un loc\u2026]\u00a0&#8211; Traian Dorz La \u00cen\u0103l\u0163area Domnului\u00a0&#8211; Sf. Nicolae Velimirovici \u00a0La acela\u015fi praznic al In\u0103l\u0163\u0103rii Domnului\u00a0&#8211; Sf. Grigorie Palama \u015eTIM C\u0102 VEI VENI\u00a0&#8211; Traian Dorz Evanghelia despre \u00cen\u0103l\u0163area Domnului\u00a0&#8211;\u00a0Sf. Nicolae Velimirovici R\u0102M\u00c2I CU NOI, C\u0102CI C\u0102TRE SEAR\u0102 ESTE\u00a0&#8211;\u00a0Pr. Iosif TRIFA<\/p>\n","protected":false},"author":1,"featured_media":0,"comment_status":"open","ping_status":"open","sticky":false,"template":"","format":"standard","meta":{"footnotes":""},"categories":[591],"tags":[],"class_list":["post-24498","post","type-post","status-publish","format-standard","hentry","category-trimiteri"],"_links":{"self":[{"href":"https:\/\/comorinemuritoare.ro\/bLOGOS\/wp-json\/wp\/v2\/posts\/24498","targetHints":{"allow":["GET"]}}],"collection":[{"href":"https:\/\/comorinemuritoare.ro\/bLOGOS\/wp-json\/wp\/v2\/posts"}],"about":[{"href":"https:\/\/comorinemuritoare.ro\/bLOGOS\/wp-json\/wp\/v2\/types\/post"}],"author":[{"embeddable":true,"href":"https:\/\/comorinemuritoare.ro\/bLOGOS\/wp-json\/wp\/v2\/users\/1"}],"replies":[{"embeddable":true,"href":"https:\/\/comorinemuritoare.ro\/bLOGOS\/wp-json\/wp\/v2\/comments?post=24498"}],"version-history":[{"count":4,"href":"https:\/\/comorinemuritoare.ro\/bLOGOS\/wp-json\/wp\/v2\/posts\/24498\/revisions"}],"predecessor-version":[{"id":31132,"href":"https:\/\/comorinemuritoare.ro\/bLOGOS\/wp-json\/wp\/v2\/posts\/24498\/revisions\/31132"}],"wp:attachment":[{"href":"https:\/\/comorinemuritoare.ro\/bLOGOS\/wp-json\/wp\/v2\/media?parent=24498"}],"wp:term":[{"taxonomy":"category","embeddable":true,"href":"https:\/\/comorinemuritoare.ro\/bLOGOS\/wp-json\/wp\/v2\/categories?post=24498"},{"taxonomy":"post_tag","embeddable":true,"href":"https:\/\/comorinemuritoare.ro\/bLOGOS\/wp-json\/wp\/v2\/tags?post=24498"}],"curies":[{"name":"wp","href":"https:\/\/api.w.org\/{rel}","templated":true}]}}