{"id":26112,"date":"2018-12-08T11:08:39","date_gmt":"2018-12-08T14:08:39","guid":{"rendered":"http:\/\/comorinemuritoare.ro\/bLOGOS\/?p=26112"},"modified":"2018-12-08T11:25:55","modified_gmt":"2018-12-08T14:25:55","slug":"pomenirea-zamislirii-preasfintei-nascatoarei-de-dumnezeu-de-catre-sfanta-ana","status":"publish","type":"post","link":"https:\/\/comorinemuritoare.ro\/bLOGOS\/pomenirea-zamislirii-preasfintei-nascatoarei-de-dumnezeu-de-catre-sfanta-ana\/","title":{"rendered":"Pomenirea z\u0103mislirii Preasfintei N\u0103sc\u0103toarei de Dumnezeu de c\u0103tre Sf\u00e2nta Ana"},"content":{"rendered":"<p><em><strong>Troparul praznicului<\/strong><\/em><\/p>\n<p style=\"text-align: justify;\"><strong>Ast\u0103zi leg\u0103turile nerodirii de fii se dezleag\u0103<\/strong>, ca pe Ioachim \u015fi pe Ana auzindu-i Dumnezeu, mai presus de n\u0103dejde a na\u015fte pe Maica lui Dumnezeu, ar\u0103tat s-a f\u0103g\u0103duit lor. Din care \u00censu\u015fi S-a n\u0103scut Cel necuprins, om f\u0103c\u00e2ndu-Se, \u00cengerului poruncind s\u0103 strige ei:<strong> \u201e<\/strong><em><strong>Bucur\u0103-te, ceea ce e\u015fti plin\u0103 de har, Domnul este cu tine!\u201c<\/strong><\/em><\/p>\n<p style=\"text-align: justify;\"><strong>\u00cen luna decembrie, \u00een ziua a noua, pomenirea z\u0103mislirii Preasfintei N\u0103sc\u0103toarei de Dumnezeu de c\u0103tre Sf\u00e2nta Ana.<\/strong><\/p>\n<p style=\"text-align: justify;\">Domnul \u015fi Dumnezeul nostru, vr\u00e2nd s\u0103-\u015ei g\u0103teasc\u0103 Lui\u015fi biseric\u0103 \u00eensufle\u0163it\u0103 \u015fi cas\u0103 sf\u00e2nt\u0103 pentru s\u0103l\u0103\u015fluirea Lui, a trimis pe \u00eengerul S\u0103u la drep\u0163ii Ioachim \u015fi Ana \u2013 c\u0103ci din ace\u015ftia avea s\u0103 se nasc\u0103 Maica Sa dup\u0103 trup \u2013 \u015fi a ar\u0103tat mai dinainte c\u0103 va z\u0103misli cea stearp\u0103 \u015fi cea care nu avea copii, pentru ca s\u0103 adevereasc\u0103 z\u0103mislirea Lui din Sf\u00e2nta Fecioar\u0103. Astfel,\u00a0<strong>Sf\u00e2nta Fecioar\u0103 Maria a fost z\u0103mislit\u0103 din f\u0103g\u0103duin\u0163\u0103, dar din unire \u015fi din s\u0103m\u00e2n\u0163\u0103 b\u0103rb\u0103teasc\u0103<\/strong>. Numai Domnul nostru Iisus Hristos a fost z\u0103mislit f\u0103r\u0103 unire \u015fi f\u0103r\u0103 s\u0103m\u00e2n\u0163\u0103 b\u0103rb\u0103teasc\u0103 \u015fi S-a n\u0103scut din Sf\u00e2nta Fecioar\u0103 Maria mai presus de \u00een\u0163elegere, a\u015fa cum numai El \u015ftie; fiind Dumnezeu des\u0103v\u00e2r\u015fit a luat trup des\u0103v\u00e2r\u015fit, a\u015fa precum \u015fi la \u00eenceput a f\u0103cut \u015fi a pl\u0103smuit firea omeneasc\u0103.<!--more--><\/p>\n<p style=\"text-align: justify;\">Pr\u0103znuim dar aceast\u0103 zi cu aducere aminte de cuvintele spuse drep\u0163ilor Ioachim \u015fi Ana de \u00eengerul care le-a binevestit sf\u00e2nta z\u0103mislire a Preacuratei N\u0103sc\u0103toare de Dumnezeu. Dumnezeu, Cel ce a f\u0103cut lumea din nimic, a pref\u0103cut \u00een fapte aceste cuvinte; a trezit p\u00e2ntecele cel sterp spre rodire \u015fi a f\u0103cut \u00een chip minunat maic\u0103 n\u0103sc\u0103toare de copii pe aceea ce \u00eemb\u0103tr\u00e2nise f\u0103r\u0103 s\u0103 nasc\u0103. Dumnezeu a dat acest rod vrednic de ruga drep\u0163ilor Ioachim \u015fi Ana, din care avea s\u0103 vin\u0103 \u00eensu\u015fi Dumnezeu \u00een trup spre na\u015fterea din nou a lumii. Dumnezeu a binevoit ca ace\u015fti \u00eentelep\u0163i p\u0103rin\u0163i s\u0103 nasc\u0103 pe Fecioara, pe cea hot\u0103r\u00e2t\u0103 mai \u00eenainte de veac, pe cea aleas\u0103 din toate neamurile s\u0103 fie N\u0103sc\u0103toare de Dumnezeu pentru m\u00e2ntuirea oamenilor. (Sursa: <a href=\"http:\/\/www.calendar-ortodox.ro\/luna\/decembrie\/decembrie09.htm\">calendar ortodox<\/a>)<\/p>\n","protected":false},"excerpt":{"rendered":"<p>Troparul praznicului Ast\u0103zi leg\u0103turile nerodirii de fii se dezleag\u0103, ca pe Ioachim \u015fi pe Ana auzindu-i Dumnezeu, mai presus de n\u0103dejde a na\u015fte pe Maica lui Dumnezeu, ar\u0103tat s-a f\u0103g\u0103duit lor. Din care \u00censu\u015fi S-a n\u0103scut Cel necuprins, om f\u0103c\u00e2ndu-Se, \u00cengerului poruncind s\u0103 strige ei: \u201eBucur\u0103-te, ceea ce e\u015fti plin\u0103 de har, Domnul este cu&nbsp;<\/p>\n<p><a class=\"btn btn-style\" href=\"https:\/\/comorinemuritoare.ro\/bLOGOS\/pomenirea-zamislirii-preasfintei-nascatoarei-de-dumnezeu-de-catre-sfanta-ana\/\">Continue Reading&#8230;<\/a><\/p>\n","protected":false},"author":1,"featured_media":0,"comment_status":"open","ping_status":"open","sticky":false,"template":"","format":"standard","meta":{"footnotes":""},"categories":[1,17],"tags":[],"class_list":["post-26112","post","type-post","status-publish","format-standard","hentry","category-editorial","category-patericale"],"_links":{"self":[{"href":"https:\/\/comorinemuritoare.ro\/bLOGOS\/wp-json\/wp\/v2\/posts\/26112","targetHints":{"allow":["GET"]}}],"collection":[{"href":"https:\/\/comorinemuritoare.ro\/bLOGOS\/wp-json\/wp\/v2\/posts"}],"about":[{"href":"https:\/\/comorinemuritoare.ro\/bLOGOS\/wp-json\/wp\/v2\/types\/post"}],"author":[{"embeddable":true,"href":"https:\/\/comorinemuritoare.ro\/bLOGOS\/wp-json\/wp\/v2\/users\/1"}],"replies":[{"embeddable":true,"href":"https:\/\/comorinemuritoare.ro\/bLOGOS\/wp-json\/wp\/v2\/comments?post=26112"}],"version-history":[{"count":4,"href":"https:\/\/comorinemuritoare.ro\/bLOGOS\/wp-json\/wp\/v2\/posts\/26112\/revisions"}],"predecessor-version":[{"id":26124,"href":"https:\/\/comorinemuritoare.ro\/bLOGOS\/wp-json\/wp\/v2\/posts\/26112\/revisions\/26124"}],"wp:attachment":[{"href":"https:\/\/comorinemuritoare.ro\/bLOGOS\/wp-json\/wp\/v2\/media?parent=26112"}],"wp:term":[{"taxonomy":"category","embeddable":true,"href":"https:\/\/comorinemuritoare.ro\/bLOGOS\/wp-json\/wp\/v2\/categories?post=26112"},{"taxonomy":"post_tag","embeddable":true,"href":"https:\/\/comorinemuritoare.ro\/bLOGOS\/wp-json\/wp\/v2\/tags?post=26112"}],"curies":[{"name":"wp","href":"https:\/\/api.w.org\/{rel}","templated":true}]}}