{"id":27671,"date":"2026-01-15T02:38:12","date_gmt":"2026-01-15T05:38:12","guid":{"rendered":"http:\/\/comorinemuritoare.ro\/bLOGOS\/?p=27671"},"modified":"2026-01-15T05:09:49","modified_gmt":"2026-01-15T08:09:49","slug":"la-mormantul-lui-mihai-eminescu","status":"publish","type":"post","link":"https:\/\/comorinemuritoare.ro\/bLOGOS\/la-mormantul-lui-mihai-eminescu\/","title":{"rendered":"La morm\u00e2ntul lui Mihai Eminescu"},"content":{"rendered":"<p style=\"text-align: right;\"><strong><em>Traian DORZ<\/em>, ISTORIA UNEI\u00a0 JERTFE <\/strong>vol 4, pg. 511<strong><br \/>\n<\/strong><\/p>\n<p style=\"text-align: justify;\">\u015ei fiindc\u0103 tot eram aici, foarte aproape de cimitirul Belu, unde \u015ftiam c\u0103 este morm\u00e2ntul marelui poet Eminescu, pe la care nu fusesem de mul\u0163i ani, am mers s\u0103-l mai vedem.<br \/>\nAm trecut pe l\u00e2ng\u0103 toate celelalte morminte cu nume cunoscute, ale unora dintre cei mai ale\u015fi scriitori ai neamului nostru \u015fi am ajuns la morm\u00e2ntul frumosului luceaf\u0103r al poeziei noastre vii. Era acoperit cu flori verzi \u015fi proaspete, ca \u015fi morm\u00e2ntul p\u0103rintelui Oastei noastre vii.<br \/>\n\u2013 Ce-i aducem noi acestui suflet mare, am zis eu, dac\u0103 am venit acum pe nea\u015fteptate aici l\u00e2ng\u0103 odihna lui zbuciumat\u0103? Flori v\u0103d c\u0103 are destule \u015fi v\u0103d c\u0103 mul\u0163i \u00eei aduc flori. Noi s\u0103-i aducem ceea ce cred c\u0103 \u00eei aduc pu\u0163ini sau poate nimeni. S\u0103-i aducem rug\u0103ciunile \u015fi lacrimile noastre.<br \/>\n\u015ei cu cea mai profund\u0103 iubire \u00eenl\u0103crimat\u0103, participant\u0103 la suferin\u0163a, la dragostea \u015fi la jertfa lui aduse pe altarul frumuse\u0163ii \u015fi poeziei adev\u0103rate, am a\u015fezat \u00een fa\u0163a morm\u00e2ntului lui Mihai Eminescu lacrimile noastre. \u015ei \u00een fa\u0163a Tronului lui Dumnezeu rug\u0103ciunile noastre cele mai fierbin\u0163i pentru odihna \u015fi m\u00e2ng\u00e2ierea \u00een lumea cealalt\u0103 a sufletului s\u0103u at\u00e2t de zbuciumat \u00een lumea asta.<\/p>\n","protected":false},"excerpt":{"rendered":"<p>Traian DORZ, ISTORIA UNEI\u00a0 JERTFE vol 4, pg. 511 \u015ei fiindc\u0103 tot eram aici, foarte aproape de cimitirul Belu, unde \u015ftiam c\u0103 este morm\u00e2ntul marelui poet Eminescu, pe la care nu fusesem de mul\u0163i ani, am mers s\u0103-l mai vedem. Am trecut pe l\u00e2ng\u0103 toate celelalte morminte cu nume cunoscute, ale unora dintre cei mai&nbsp;<\/p>\n<p><a class=\"btn btn-style\" href=\"https:\/\/comorinemuritoare.ro\/bLOGOS\/la-mormantul-lui-mihai-eminescu\/\">Continue Reading&#8230;<\/a><\/p>\n","protected":false},"author":1,"featured_media":0,"comment_status":"open","ping_status":"open","sticky":false,"template":"","format":"standard","meta":{"footnotes":""},"categories":[12],"tags":[],"class_list":["post-27671","post","type-post","status-publish","format-standard","hentry","category-mrturii"],"_links":{"self":[{"href":"https:\/\/comorinemuritoare.ro\/bLOGOS\/wp-json\/wp\/v2\/posts\/27671","targetHints":{"allow":["GET"]}}],"collection":[{"href":"https:\/\/comorinemuritoare.ro\/bLOGOS\/wp-json\/wp\/v2\/posts"}],"about":[{"href":"https:\/\/comorinemuritoare.ro\/bLOGOS\/wp-json\/wp\/v2\/types\/post"}],"author":[{"embeddable":true,"href":"https:\/\/comorinemuritoare.ro\/bLOGOS\/wp-json\/wp\/v2\/users\/1"}],"replies":[{"embeddable":true,"href":"https:\/\/comorinemuritoare.ro\/bLOGOS\/wp-json\/wp\/v2\/comments?post=27671"}],"version-history":[{"count":1,"href":"https:\/\/comorinemuritoare.ro\/bLOGOS\/wp-json\/wp\/v2\/posts\/27671\/revisions"}],"predecessor-version":[{"id":27672,"href":"https:\/\/comorinemuritoare.ro\/bLOGOS\/wp-json\/wp\/v2\/posts\/27671\/revisions\/27672"}],"wp:attachment":[{"href":"https:\/\/comorinemuritoare.ro\/bLOGOS\/wp-json\/wp\/v2\/media?parent=27671"}],"wp:term":[{"taxonomy":"category","embeddable":true,"href":"https:\/\/comorinemuritoare.ro\/bLOGOS\/wp-json\/wp\/v2\/categories?post=27671"},{"taxonomy":"post_tag","embeddable":true,"href":"https:\/\/comorinemuritoare.ro\/bLOGOS\/wp-json\/wp\/v2\/tags?post=27671"}],"curies":[{"name":"wp","href":"https:\/\/api.w.org\/{rel}","templated":true}]}}