{"id":28644,"date":"2025-11-07T03:28:59","date_gmt":"2025-11-07T06:28:59","guid":{"rendered":"http:\/\/comorinemuritoare.ro\/bLOGOS\/?p=28644"},"modified":"2025-11-07T14:24:42","modified_gmt":"2025-11-07T17:24:42","slug":"traian-dorz-7-noiembrie-1976-poiana-brasov","status":"publish","type":"post","link":"https:\/\/comorinemuritoare.ro\/bLOGOS\/traian-dorz-7-noiembrie-1976-poiana-brasov\/","title":{"rendered":"Traian DORZ, 7 noiembrie 1976"},"content":{"rendered":"<!--[if lt IE 9]><script>document.createElement('audio');<\/script><![endif]-->\n<audio class=\"wp-audio-shortcode\" id=\"audio-28644-1\" preload=\"none\" style=\"width: 100%;\" controls=\"controls\"><source type=\"audio\/mpeg\" src=\"http:\/\/comorinemuritoare.ro\/bLOGOS\/wp-content\/uploads\/2020\/11\/7-nov-1976_Brasov_a-3-a-zi-istorica.mp3?_=1\" \/><a href=\"http:\/\/comorinemuritoare.ro\/bLOGOS\/wp-content\/uploads\/2020\/11\/7-nov-1976_Brasov_a-3-a-zi-istorica.mp3\">http:\/\/comorinemuritoare.ro\/bLOGOS\/wp-content\/uploads\/2020\/11\/7-nov-1976_Brasov_a-3-a-zi-istorica.mp3<\/a><\/audio>\n<p style=\"text-align: justify;\"><span style=\"color: #0000ff;\"><em>&#8230; \u00cen fa\u0163a fra\u0163ilor aduna\u0163i aici la Poiana Bra\u015fov, m-am ridicat \u015fi, \u00een scurte cuvinte, le-am spus despre Consf\u0103tuirea de atunci [12 septembrie 1937]. Despre \u00eenalta atmosfer\u0103 de unitate \u015fi despre con\u015ftiin\u0163a marii r\u0103spunderi pentru hot\u0103r\u00e2rea care trebuia luat\u0103 \u00een interesul marii cauze a lui Dumnezeu. Am f\u0103cut apel pentru acestea \u015fi la fra\u0163ii prezen\u0163i, fiindc\u0103 nici momentul acesta nu era mai pu\u0163in \u00eensemnat. \u015ei acum ne afl\u0103m tot la o r\u0103scruce la fel de mare ca atunci. Deosebirea este numai c\u0103 atunci luptam cu primejdia formalismului, care vroia s\u0103 ucid\u0103 dragostea, iar acum lupt\u0103m cu primejdia sectarismului, care vrea s\u0103 ucid\u0103 adev\u0103rul. Hristos este \u015fi dragoste, \u015fi adev\u0103r. \u015ei unitate \u015fi orientare. \u015ei credin\u0163a, \u015fi \u00eenv\u0103\u0163\u0103tura. Una f\u0103r\u0103 cealalt\u0103 nu se poate. Dragostea se usuc\u0103 f\u0103r\u0103 adev\u0103r, adev\u0103rul \u00eenghea\u0163\u0103 f\u0103r\u0103 dragoste. Credin\u0163a se r\u0103t\u0103ce\u015fte f\u0103r\u0103 \u00eenv\u0103\u0163\u0103tur\u0103, iar \u00eenv\u0103\u0163\u0103tura moare f\u0103r\u0103 credin\u0163\u0103. Noi, \u00een aceast\u0103 sf\u00e2nt\u0103 Lucrare a Oastei Domnului \u00een care ne-a n\u0103scut Duhul \u015fi Cuv\u00e2ntul Sf\u00e2nt, le avem at\u00e2t de minunate \u015fi vii pe am\u00e2ndou\u0103. Trebuie numai s\u0103 le p\u0103str\u0103m cu toat\u0103 grija \u015fi credincio\u015fia, spre a nu le pierde noi \u015fi spre a nu ni se fura de c\u0103tre al\u0163ii.<\/em><\/span><\/p>\n","protected":false},"excerpt":{"rendered":"<p>&#8230; \u00cen fa\u0163a fra\u0163ilor aduna\u0163i aici la Poiana Bra\u015fov, m-am ridicat \u015fi, \u00een scurte cuvinte, le-am spus despre Consf\u0103tuirea de atunci [12 septembrie 1937]. Despre \u00eenalta atmosfer\u0103 de unitate \u015fi despre con\u015ftiin\u0163a marii r\u0103spunderi pentru hot\u0103r\u00e2rea care trebuia luat\u0103 \u00een interesul marii cauze a lui Dumnezeu. Am f\u0103cut apel pentru acestea \u015fi la fra\u0163ii prezen\u0163i,&nbsp;<\/p>\n<p><a class=\"btn btn-style\" href=\"https:\/\/comorinemuritoare.ro\/bLOGOS\/traian-dorz-7-noiembrie-1976-poiana-brasov\/\">Continue Reading&#8230;<\/a><\/p>\n","protected":false},"author":1,"featured_media":0,"comment_status":"open","ping_status":"open","sticky":false,"template":"","format":"standard","meta":{"footnotes":""},"categories":[686,12],"tags":[],"class_list":["post-28644","post","type-post","status-publish","format-standard","hentry","category-carte-audio","category-mrturii"],"_links":{"self":[{"href":"https:\/\/comorinemuritoare.ro\/bLOGOS\/wp-json\/wp\/v2\/posts\/28644","targetHints":{"allow":["GET"]}}],"collection":[{"href":"https:\/\/comorinemuritoare.ro\/bLOGOS\/wp-json\/wp\/v2\/posts"}],"about":[{"href":"https:\/\/comorinemuritoare.ro\/bLOGOS\/wp-json\/wp\/v2\/types\/post"}],"author":[{"embeddable":true,"href":"https:\/\/comorinemuritoare.ro\/bLOGOS\/wp-json\/wp\/v2\/users\/1"}],"replies":[{"embeddable":true,"href":"https:\/\/comorinemuritoare.ro\/bLOGOS\/wp-json\/wp\/v2\/comments?post=28644"}],"version-history":[{"count":2,"href":"https:\/\/comorinemuritoare.ro\/bLOGOS\/wp-json\/wp\/v2\/posts\/28644\/revisions"}],"predecessor-version":[{"id":28646,"href":"https:\/\/comorinemuritoare.ro\/bLOGOS\/wp-json\/wp\/v2\/posts\/28644\/revisions\/28646"}],"wp:attachment":[{"href":"https:\/\/comorinemuritoare.ro\/bLOGOS\/wp-json\/wp\/v2\/media?parent=28644"}],"wp:term":[{"taxonomy":"category","embeddable":true,"href":"https:\/\/comorinemuritoare.ro\/bLOGOS\/wp-json\/wp\/v2\/categories?post=28644"},{"taxonomy":"post_tag","embeddable":true,"href":"https:\/\/comorinemuritoare.ro\/bLOGOS\/wp-json\/wp\/v2\/tags?post=28644"}],"curies":[{"name":"wp","href":"https:\/\/api.w.org\/{rel}","templated":true}]}}