{"id":28980,"date":"2016-02-06T12:15:11","date_gmt":"2016-02-06T15:15:11","guid":{"rendered":"http:\/\/comorinemuritoare.ro\/bLOGOS\/?p=28980"},"modified":"2021-02-06T12:17:09","modified_gmt":"2021-02-06T15:17:09","slug":"o-rugaciune-inca","status":"publish","type":"post","link":"https:\/\/comorinemuritoare.ro\/bLOGOS\/o-rugaciune-inca\/","title":{"rendered":"O RUG\u0102CIUNE \u00ceNC\u0102&#8230;"},"content":{"rendered":"<p>O rug\u0103ciune \u00eenc\u0103 mai am, Iisuse-al meu:<br \/>\ns\u0103-mi ier\u0163i f\u0103r\u0103delegea ce mi-am uitat-o eu,<br \/>\ns\u0103-mi speli \u00eentreg p\u0103catul cel nem\u0103rturisit,<br \/>\n\u00een fa\u0163a Judec\u0103\u0163ii s\u0103 nu mi-l v\u0103d ivit.<\/p>\n<p>\u015ei-o bucurie \u00eenc\u0103 mi-a\u015f vrea, Iisuse Bun:<br \/>\n\u2013 s\u0103 pot da seama bine de tot ce-ai vrut s-adun,<br \/>\ns\u0103-\u0162i pot preda talan\u0163ii, cu fericit folos,<br \/>\ns\u0103 m\u0103 g\u0103se\u015fti, St\u0103p\u00e2ne, ispravnic credincios.<\/p>\n<p>\u015ei-o prim\u0103var\u0103 \u00eenc\u0103 mi-a\u015f vrea, Iisus Iubit:<br \/>\ns\u0103-mi altoiesc to\u0163i pomii ce \u00eenc\u0103 n-au rodit,<br \/>\n\u015fi-apoi o toamn\u0103 dulce s\u0103-mi iei din orice ram,<br \/>\no mare de culoare \u015fi-o zare de balsam.<\/p>\n<p>\u015ei-o fericire \u00eenc\u0103 mi-a\u015f mai dori, Iisus:<br \/>\ns\u0103 v\u0103d a Tale steaguri n\u0103l\u0163ate \u015fi mai sus<br \/>\n\u015fi Oastea Ta, unit\u0103, merg\u00e2nd biruitor<br \/>\n\u2013 \u015fi-apoi nimic, Iisuse, pot lini\u015ftit s\u0103 mor!<\/p>\n<p><em><strong>Traian Dorz,<\/strong> C\u00e2ntarea Biruin\u021bei<\/em><\/p>\n","protected":false},"excerpt":{"rendered":"<p>O rug\u0103ciune \u00eenc\u0103 mai am, Iisuse-al meu: s\u0103-mi ier\u0163i f\u0103r\u0103delegea ce mi-am uitat-o eu, s\u0103-mi speli \u00eentreg p\u0103catul cel nem\u0103rturisit, \u00een fa\u0163a Judec\u0103\u0163ii s\u0103 nu mi-l v\u0103d ivit. \u015ei-o bucurie \u00eenc\u0103 mi-a\u015f vrea, Iisuse Bun: \u2013 s\u0103 pot da seama bine de tot ce-ai vrut s-adun, s\u0103-\u0162i pot preda talan\u0163ii, cu fericit folos, s\u0103 m\u0103&nbsp;<\/p>\n<p><a class=\"btn btn-style\" href=\"https:\/\/comorinemuritoare.ro\/bLOGOS\/o-rugaciune-inca\/\">Continue Reading&#8230;<\/a><\/p>\n","protected":false},"author":1,"featured_media":0,"comment_status":"open","ping_status":"open","sticky":false,"template":"","format":"standard","meta":{"footnotes":""},"categories":[4],"tags":[],"class_list":["post-28980","post","type-post","status-publish","format-standard","hentry","category-poezii"],"_links":{"self":[{"href":"https:\/\/comorinemuritoare.ro\/bLOGOS\/wp-json\/wp\/v2\/posts\/28980","targetHints":{"allow":["GET"]}}],"collection":[{"href":"https:\/\/comorinemuritoare.ro\/bLOGOS\/wp-json\/wp\/v2\/posts"}],"about":[{"href":"https:\/\/comorinemuritoare.ro\/bLOGOS\/wp-json\/wp\/v2\/types\/post"}],"author":[{"embeddable":true,"href":"https:\/\/comorinemuritoare.ro\/bLOGOS\/wp-json\/wp\/v2\/users\/1"}],"replies":[{"embeddable":true,"href":"https:\/\/comorinemuritoare.ro\/bLOGOS\/wp-json\/wp\/v2\/comments?post=28980"}],"version-history":[{"count":1,"href":"https:\/\/comorinemuritoare.ro\/bLOGOS\/wp-json\/wp\/v2\/posts\/28980\/revisions"}],"predecessor-version":[{"id":28981,"href":"https:\/\/comorinemuritoare.ro\/bLOGOS\/wp-json\/wp\/v2\/posts\/28980\/revisions\/28981"}],"wp:attachment":[{"href":"https:\/\/comorinemuritoare.ro\/bLOGOS\/wp-json\/wp\/v2\/media?parent=28980"}],"wp:term":[{"taxonomy":"category","embeddable":true,"href":"https:\/\/comorinemuritoare.ro\/bLOGOS\/wp-json\/wp\/v2\/categories?post=28980"},{"taxonomy":"post_tag","embeddable":true,"href":"https:\/\/comorinemuritoare.ro\/bLOGOS\/wp-json\/wp\/v2\/tags?post=28980"}],"curies":[{"name":"wp","href":"https:\/\/api.w.org\/{rel}","templated":true}]}}