{"id":28983,"date":"2016-02-06T12:19:24","date_gmt":"2016-02-06T15:19:24","guid":{"rendered":"http:\/\/comorinemuritoare.ro\/bLOGOS\/?p=28983"},"modified":"2021-02-06T12:30:02","modified_gmt":"2021-02-06T15:30:02","slug":"sa-ne-grabim-prieteni","status":"publish","type":"post","link":"https:\/\/comorinemuritoare.ro\/bLOGOS\/sa-ne-grabim-prieteni\/","title":{"rendered":"S\u0103 ne gr\u0103bim prieteni"},"content":{"rendered":"<p>S\u0103 ne gr\u0103bim, prieteni, e vremea \u00eenspre-apus,<br \/>\ncu candelele-aprinse fecioarele s-au dus!<\/p>\n<p>\u00ce\u015fi preg\u0103tesc talan\u0163ii cei care-au ostenit<br \/>\nspre clipa socotirii St\u0103p\u00e2nului sosit,<\/p>\n<p>\u00cencin\u015fi stau gata robii \u015fi-a\u015fteapt\u0103 doar un semn<br \/>\ns\u0103 ias\u0103 s\u0103-I deschid\u0103 la cel dint\u00e2i \u00eendemn.<\/p>\n<p>Gr\u0103besc vierii lucrul culesului r\u0103mas,<br \/>\nafar\u0103 robii taie vi\u0163elul cel mai gras.<\/p>\n<p>\u015ei-ascut secer\u0103torii uneltele de zor,<br \/>\nispravnicii cei harnici \u015fi-ncheie munca lor,<\/p>\n<p>Stau mesele-nc\u0103rcate, trimi\u015fii sunt pleca\u0163i<br \/>\ngr\u0103bind s\u0103 str\u00e2ng\u0103-Acas\u0103 pe ultimii chema\u0163i.<\/p>\n<p>Cununi str\u0103lucitoare, ve\u015fmintele de in<br \/>\n\u015fi scaunele-albe-a\u015fteapt\u0103 pe cei ce vin \u015fi vin.<\/p>\n<p>Str\u0103jerii to\u0163i stau gata cu tr\u00e2mbi\u0163ele sus<br \/>\n&#8230; S\u0103 ne gr\u0103bim, prieteni, fecioarele s-au dus!&#8230;<\/p>\n<p><em><strong>Traian Dorz,<\/strong> C\u00e2nt\u0103ri de drum<\/em><\/p>\n","protected":false},"excerpt":{"rendered":"<p>S\u0103 ne gr\u0103bim, prieteni, e vremea \u00eenspre-apus, cu candelele-aprinse fecioarele s-au dus! \u00ce\u015fi preg\u0103tesc talan\u0163ii cei care-au ostenit spre clipa socotirii St\u0103p\u00e2nului sosit, \u00cencin\u015fi stau gata robii \u015fi-a\u015fteapt\u0103 doar un semn s\u0103 ias\u0103 s\u0103-I deschid\u0103 la cel dint\u00e2i \u00eendemn. Gr\u0103besc vierii lucrul culesului r\u0103mas, afar\u0103 robii taie vi\u0163elul cel mai gras. \u015ei-ascut secer\u0103torii uneltele de&nbsp;<\/p>\n<p><a class=\"btn btn-style\" href=\"https:\/\/comorinemuritoare.ro\/bLOGOS\/sa-ne-grabim-prieteni\/\">Continue Reading&#8230;<\/a><\/p>\n","protected":false},"author":1,"featured_media":0,"comment_status":"open","ping_status":"open","sticky":false,"template":"","format":"standard","meta":{"footnotes":""},"categories":[4],"tags":[],"class_list":["post-28983","post","type-post","status-publish","format-standard","hentry","category-poezii"],"_links":{"self":[{"href":"https:\/\/comorinemuritoare.ro\/bLOGOS\/wp-json\/wp\/v2\/posts\/28983","targetHints":{"allow":["GET"]}}],"collection":[{"href":"https:\/\/comorinemuritoare.ro\/bLOGOS\/wp-json\/wp\/v2\/posts"}],"about":[{"href":"https:\/\/comorinemuritoare.ro\/bLOGOS\/wp-json\/wp\/v2\/types\/post"}],"author":[{"embeddable":true,"href":"https:\/\/comorinemuritoare.ro\/bLOGOS\/wp-json\/wp\/v2\/users\/1"}],"replies":[{"embeddable":true,"href":"https:\/\/comorinemuritoare.ro\/bLOGOS\/wp-json\/wp\/v2\/comments?post=28983"}],"version-history":[{"count":1,"href":"https:\/\/comorinemuritoare.ro\/bLOGOS\/wp-json\/wp\/v2\/posts\/28983\/revisions"}],"predecessor-version":[{"id":28984,"href":"https:\/\/comorinemuritoare.ro\/bLOGOS\/wp-json\/wp\/v2\/posts\/28983\/revisions\/28984"}],"wp:attachment":[{"href":"https:\/\/comorinemuritoare.ro\/bLOGOS\/wp-json\/wp\/v2\/media?parent=28983"}],"wp:term":[{"taxonomy":"category","embeddable":true,"href":"https:\/\/comorinemuritoare.ro\/bLOGOS\/wp-json\/wp\/v2\/categories?post=28983"},{"taxonomy":"post_tag","embeddable":true,"href":"https:\/\/comorinemuritoare.ro\/bLOGOS\/wp-json\/wp\/v2\/tags?post=28983"}],"curies":[{"name":"wp","href":"https:\/\/api.w.org\/{rel}","templated":true}]}}