{"id":2930,"date":"2019-08-03T03:08:35","date_gmt":"2019-08-03T06:08:35","guid":{"rendered":"http:\/\/comorinemuritoare.ro\/bLOGOS\/?p=2930"},"modified":"2019-08-03T20:15:48","modified_gmt":"2019-08-03T23:15:48","slug":"mai-orb-ca-cel-fara-vedere","status":"publish","type":"post","link":"https:\/\/comorinemuritoare.ro\/bLOGOS\/mai-orb-ca-cel-fara-vedere\/","title":{"rendered":"MAI ORB CA CEL F\u0102R\u0102 VEDERE"},"content":{"rendered":"<p><em><strong>Traian Dorz<\/strong><\/em><\/p>\n<p>Mai orb ca cel f\u0103r\u0103 vedere e omul cel f\u0103r\u0103 de minte,<a href=\"http:\/\/comorinemuritoare.ro\/bLOGOS\/wp-content\/uploads\/2010\/05\/orbul_din_nastere.jpg\"><img loading=\"lazy\" decoding=\"async\" class=\"alignright size-full wp-image-2931\" title=\"orbul_din_nastere\" src=\"http:\/\/comorinemuritoare.ro\/bLOGOS\/wp-content\/uploads\/2010\/05\/orbul_din_nastere.jpg\" alt=\"\" width=\"205\" height=\"279\" \/><\/a><br \/>\nmai mut cel f\u0103r\u0103 rug\u0103ciune ca mutul cel f\u0103r\u0103 cuvinte.<\/p>\n<p style=\"padding-left: 30px;\">Dumnezeule, ai mil\u0103 de-orice om \u00een stare grea,<br \/>\nd\u0103ruie\u015fte-\u0162i m\u00e2ntuirea celor care-s f\u0103r\u0103 ea!<\/p>\n<p>Mai rob e cel zg\u00e2rcit \u015fi lacom, ca cel \u00een lan\u0163uri \u015fi z\u0103voare,<br \/>\np\u0103catu-n care te-nchizi singur e cea mai cr\u00e2ncen\u0103-nchisoare.<\/p>\n<p>Mai ciung ca cel f\u0103r\u0103 de m\u00e2n\u0103 e omul f\u0103r\u0103 d\u0103rnicie,<br \/>\nc\u0103ci lipsa milei pentru al\u0163ii e cea mai trist\u0103 s\u0103r\u0103cie.<\/p>\n<p>Mai chinuit e-acel ce are o con\u015ftiin\u0163\u0103-mpov\u0103rat\u0103,<br \/>\ndec\u00e2t cel sl\u0103b\u0103nog trupe\u015fte ce se t\u00e2r\u0103\u015fte via\u0163a toat\u0103.<\/p>\n<p>Mai fericit cel ce pe Domnul M\u00e2ntuitor \u015fi scut \u00eel are,<br \/>\ndec\u00e2t cel ce-ar putea s\u0103 aib\u0103 \u00eentregul aur de sub soare.<\/p>\n","protected":false},"excerpt":{"rendered":"<p>Traian Dorz Mai orb ca cel f\u0103r\u0103 vedere e omul cel f\u0103r\u0103 de minte, mai mut cel f\u0103r\u0103 rug\u0103ciune ca mutul cel f\u0103r\u0103 cuvinte. Dumnezeule, ai mil\u0103 de-orice om \u00een stare grea, d\u0103ruie\u015fte-\u0162i m\u00e2ntuirea celor care-s f\u0103r\u0103 ea! Mai rob e cel zg\u00e2rcit \u015fi lacom, ca cel \u00een lan\u0163uri \u015fi z\u0103voare, p\u0103catu-n care te-nchizi singur&nbsp;<\/p>\n<p><a class=\"btn btn-style\" href=\"https:\/\/comorinemuritoare.ro\/bLOGOS\/mai-orb-ca-cel-fara-vedere\/\">Continue Reading&#8230;<\/a><\/p>\n","protected":false},"author":1,"featured_media":0,"comment_status":"open","ping_status":"open","sticky":false,"template":"","format":"standard","meta":{"footnotes":""},"categories":[4],"tags":[437,438,28,433,54],"class_list":["post-2930","post","type-post","status-publish","format-standard","hentry","category-poezii","tag-fara-rugaciune","tag-oast","tag-oastea-domnului","tag-orbul-din-nastere","tag-traian-dorz"],"_links":{"self":[{"href":"https:\/\/comorinemuritoare.ro\/bLOGOS\/wp-json\/wp\/v2\/posts\/2930","targetHints":{"allow":["GET"]}}],"collection":[{"href":"https:\/\/comorinemuritoare.ro\/bLOGOS\/wp-json\/wp\/v2\/posts"}],"about":[{"href":"https:\/\/comorinemuritoare.ro\/bLOGOS\/wp-json\/wp\/v2\/types\/post"}],"author":[{"embeddable":true,"href":"https:\/\/comorinemuritoare.ro\/bLOGOS\/wp-json\/wp\/v2\/users\/1"}],"replies":[{"embeddable":true,"href":"https:\/\/comorinemuritoare.ro\/bLOGOS\/wp-json\/wp\/v2\/comments?post=2930"}],"version-history":[{"count":1,"href":"https:\/\/comorinemuritoare.ro\/bLOGOS\/wp-json\/wp\/v2\/posts\/2930\/revisions"}],"predecessor-version":[{"id":27074,"href":"https:\/\/comorinemuritoare.ro\/bLOGOS\/wp-json\/wp\/v2\/posts\/2930\/revisions\/27074"}],"wp:attachment":[{"href":"https:\/\/comorinemuritoare.ro\/bLOGOS\/wp-json\/wp\/v2\/media?parent=2930"}],"wp:term":[{"taxonomy":"category","embeddable":true,"href":"https:\/\/comorinemuritoare.ro\/bLOGOS\/wp-json\/wp\/v2\/categories?post=2930"},{"taxonomy":"post_tag","embeddable":true,"href":"https:\/\/comorinemuritoare.ro\/bLOGOS\/wp-json\/wp\/v2\/tags?post=2930"}],"curies":[{"name":"wp","href":"https:\/\/api.w.org\/{rel}","templated":true}]}}