{"id":2979,"date":"2023-05-26T06:39:22","date_gmt":"2023-05-26T09:39:22","guid":{"rendered":"http:\/\/comorinemuritoare.ro\/bLOGOS\/?p=2979"},"modified":"2023-05-26T18:39:57","modified_gmt":"2023-05-26T21:39:57","slug":"meditatii-la-apostolul-din-duminica-a-vi-a-dupa-pasti-2","status":"publish","type":"post","link":"https:\/\/comorinemuritoare.ro\/bLOGOS\/meditatii-la-apostolul-din-duminica-a-vi-a-dupa-pasti-2\/","title":{"rendered":"Medita\u0163ii la Apostolul din Duminica a VII-a dup\u0103 Pa\u015fti"},"content":{"rendered":"<p><em><strong>Traian Dorz<\/strong><\/em>, <em>din HRISTOS \u2013PUTEREA APOSTOLIEI<\/em><\/p>\n<p style=\"text-align: justify;\"><a href=\"http:\/\/comorinemuritoare.ro\/bLOGOS\/wp-content\/uploads\/2013\/09\/TDorz1.jpg\"><img loading=\"lazy\" decoding=\"async\" class=\"alignright size-full wp-image-18361\" src=\"http:\/\/comorinemuritoare.ro\/bLOGOS\/wp-content\/uploads\/2013\/09\/TDorz1.jpg\" alt=\"TDorz1\" width=\"150\" height=\"186\" \/><\/a>&#8230;Cei care mai au amintirile mai tr\u0103iesc din ele. Dar cei care n-au apucat s\u0103 aib\u0103 amintiri din ce s\u0103 mai tr\u0103iasc\u0103?<\/p>\n<p style=\"text-align: justify;\">Primejdia pierderii continuit\u0103\u0163ii, primejdia ruperii lan\u0163ului de aur, primejdia dezr\u0103d\u0103cin\u0103rii noastre duhovnice\u015fti este mortal\u0103. S\u0103 lupt\u0103m, cu toate lacrimile noastre, cu toate rug\u0103ciunile noastre, cu toate sf\u00e2\u015fierile noastre, s\u0103 mai salv\u0103m ceea ce \u00eenc\u0103 n-am pierdut, ceea ce \u00eenc\u0103 n-a murit din noi, spre a nu ne pr\u0103bu\u015fi \u00een v\u00e2rtejul f\u0103r\u0103 fund, din care nu mai este revenire niciodat\u0103 la via\u0163\u0103.<\/p>\n<p style=\"text-align: justify;\">B\u0103tr\u00e2nilor, povesti\u0163i celor tineri!&#8230; P\u0103rin\u0163ilor, spune\u0163i copiilor vo\u015ftri!&#8230; Voi, cei care \u015fti\u0163i, \u00eenv\u0103\u0163a\u0163i pe cei care nu \u015ftiu \u015fi voi, cei care v\u0103 duce\u0163i, \u00eemp\u0103rt\u0103\u015fi\u0163i celor care vin ceea ce nu trebuie s\u0103 se uite, spre a p\u0103stra ceea ce nu trebuie s\u0103 pierdem, fiindc\u0103 istoria noastr\u0103 suntem noi. Iar dac\u0103 ne rupem noi de istoria noastr\u0103, ne rupem de \u00eenainta\u015fii no\u015ftri, de r\u0103d\u0103cinile noastre, de numele nostru, ne rupem de noi \u00een\u015fine&#8230; \u015ei cine se rupe de sine \u00eensu\u015fi este pierdut.<\/p>\n<p style=\"text-align: justify;\">P\u00e2n\u0103 c\u00e2nd un str\u0103in te rupe de casa ta, de fra\u0163ii t\u0103i, de locul t\u0103u, dar nu te poate rupe de tine \u00eensu\u0163i, tr\u0103ie\u015fti oriunde \u015fi birui orice. Dar c\u00e2nd tu \u00eensu\u0163i te-ai rupt de tine \u00eensu\u0163i, atunci e\u015fti pierdut pe vecii vecilor&#8230;<\/p>\n<p style=\"text-align: justify;\">&#8230;Scumpi fra\u0163i b\u0103tr\u00e2ni ai adun\u0103rii Domnului, scumpi lucr\u0103tori ai Fr\u0103\u0163iet\u0103\u0163ii, scumpi p\u0103zitori ai turmei scumpe r\u0103scump\u0103rate de Hristos, v\u0103 rug\u0103m, cu ochii sc\u0103lda\u0163i \u00een lacrimi, fi\u0163i treji \u015fi veghea\u0163i asupra marii \u015fi sfintei voastre datorii \u015fi \u00een jurul scumpei mo\u015fteniri date \u00een grija voastr\u0103! <strong>Nu l\u0103sa\u0163i s\u0103 intre \u00een adunarea Domnului un lup cu alt\u0103 \u00eenv\u0103\u0163\u0103tur\u0103, un duh cu alt\u0103 credin\u0163\u0103, un vestitor al unui alt \u201eIisus\u201c <strong>(II Cor. 11, 4)<\/strong>! Nu-l \u00eeng\u0103dui\u0163i s\u0103 se ridice s\u0103 ia cuv\u00e2ntul! Nu-l l\u0103sa\u0163i s\u0103 continue, dac\u0103 l-a luat prin furt! Nu-l l\u0103sa\u0163i dec\u00e2t s\u0103 asculte, dac\u0103 vrea! Iar dac\u0103 nu vrea s\u0103 stea lini\u015ftit, lua\u0163i-l de m\u00e2n\u0103 lini\u015ftit \u015fi scoate\u0163i-l frumos afar\u0103, s\u0103 plece \u00een drumul lui.<\/strong><!--more--><\/p>\n<p>Sf\u0103tui\u0163i cu st\u0103ruin\u0163\u0103 \u015fi porunci\u0163i \u00een numele Domnului fiec\u0103rui frate \u015fi fiec\u0103rei surori, \u00een casa c\u0103rora ar veni un astfel de om, s\u0103 asculte porunca Domnului care zice: Nici s\u0103 nu-l primi\u0163i \u00een casa voastr\u0103, nici s\u0103 nu-i da\u0163i \u00abBun-venit!\u00bb\u2026<br \/>\nCi, \u00eenc\u0103 din poart\u0103, frumos, dar hot\u0103r\u00e2t, s\u0103-i spune\u0163i: Domnul s\u0103 aib\u0103 mil\u0103 de tine, du-te \u00een drumul t\u0103u! \u00cen casa mea nu ai loc. Pleac\u0103, \u015fi s\u0103 nu mai vii!<br \/>\nAt\u00e2t. \u015ei, dup\u0103 aceea, \u00eenchide\u0163i u\u015fa.<br \/>\nS\u0103 nu v\u0103 mai teme\u0163i de nimic, c\u0103ci porunca s\u0103 facem a\u015fa ne-o spune Ioan, cel care a stat cu capul pe inima lui Iisus (II Ioan, 10).<br \/>\n\u015ei Pavel, cel care a scris I Corinteni 13 (Galateni 1, 8-9).<br \/>\n\u015ei Hristos \u00censu\u015fi (Matei 24, 23-26; 18, 17).<\/p>\n","protected":false},"excerpt":{"rendered":"<p>Traian Dorz, din HRISTOS \u2013PUTEREA APOSTOLIEI &#8230;Cei care mai au amintirile mai tr\u0103iesc din ele. Dar cei care n-au apucat s\u0103 aib\u0103 amintiri din ce s\u0103 mai tr\u0103iasc\u0103? Primejdia pierderii continuit\u0103\u0163ii, primejdia ruperii lan\u0163ului de aur, primejdia dezr\u0103d\u0103cin\u0103rii noastre duhovnice\u015fti este mortal\u0103. S\u0103 lupt\u0103m, cu toate lacrimile noastre, cu toate rug\u0103ciunile noastre, cu toate sf\u00e2\u015fierile&nbsp;<\/p>\n<p><a class=\"btn btn-style\" href=\"https:\/\/comorinemuritoare.ro\/bLOGOS\/meditatii-la-apostolul-din-duminica-a-vi-a-dupa-pasti-2\/\">Continue Reading&#8230;<\/a><\/p>\n","protected":false},"author":1,"featured_media":0,"comment_status":"open","ping_status":"open","sticky":false,"template":"","format":"standard","meta":{"footnotes":""},"categories":[46,464],"tags":[],"class_list":["post-2979","post","type-post","status-publish","format-standard","hentry","category-meditatii","category-meditatii-audio"],"_links":{"self":[{"href":"https:\/\/comorinemuritoare.ro\/bLOGOS\/wp-json\/wp\/v2\/posts\/2979","targetHints":{"allow":["GET"]}}],"collection":[{"href":"https:\/\/comorinemuritoare.ro\/bLOGOS\/wp-json\/wp\/v2\/posts"}],"about":[{"href":"https:\/\/comorinemuritoare.ro\/bLOGOS\/wp-json\/wp\/v2\/types\/post"}],"author":[{"embeddable":true,"href":"https:\/\/comorinemuritoare.ro\/bLOGOS\/wp-json\/wp\/v2\/users\/1"}],"replies":[{"embeddable":true,"href":"https:\/\/comorinemuritoare.ro\/bLOGOS\/wp-json\/wp\/v2\/comments?post=2979"}],"version-history":[{"count":2,"href":"https:\/\/comorinemuritoare.ro\/bLOGOS\/wp-json\/wp\/v2\/posts\/2979\/revisions"}],"predecessor-version":[{"id":26895,"href":"https:\/\/comorinemuritoare.ro\/bLOGOS\/wp-json\/wp\/v2\/posts\/2979\/revisions\/26895"}],"wp:attachment":[{"href":"https:\/\/comorinemuritoare.ro\/bLOGOS\/wp-json\/wp\/v2\/media?parent=2979"}],"wp:term":[{"taxonomy":"category","embeddable":true,"href":"https:\/\/comorinemuritoare.ro\/bLOGOS\/wp-json\/wp\/v2\/categories?post=2979"},{"taxonomy":"post_tag","embeddable":true,"href":"https:\/\/comorinemuritoare.ro\/bLOGOS\/wp-json\/wp\/v2\/tags?post=2979"}],"curies":[{"name":"wp","href":"https:\/\/api.w.org\/{rel}","templated":true}]}}