{"id":30311,"date":"2022-07-22T04:17:43","date_gmt":"2022-07-22T07:17:43","guid":{"rendered":"http:\/\/comorinemuritoare.ro\/bLOGOS\/?p=30311"},"modified":"2022-07-23T06:41:48","modified_gmt":"2022-07-23T09:41:48","slug":"un-glas-pe-care-nu-l-am-cunoscut-2","status":"publish","type":"post","link":"https:\/\/comorinemuritoare.ro\/bLOGOS\/un-glas-pe-care-nu-l-am-cunoscut-2\/","title":{"rendered":"Un Glas pe care nu L-am cunoscut"},"content":{"rendered":"<p style=\"text-align: justify;\"><em><strong>Traian Dorz,<\/strong> Hristos, Comoara Psalmilor<br \/>\n<\/em>Medita\u021bia zilei, 22 iulie:<\/p>\n<p style=\"padding-left: 90px; text-align: justify;\"><span style=\"color: #0000ff;\"><a class=\"verset-content\" style=\"color: #0000ff;\" tabindex=\"0\" title=\"\" data-placement=\"left\" data-content=\"...\" data-container=\"li#verset_psalmii_81_5\" data-original-title=\"\"><span id=\"verset-5\"><span class=\"continut-verset resized-text\">\u201eEl a r\u00e2nduit s\u0103rb\u0103toarea aceasta pentru Iosif, c\u00e2nd a mers \u00eempotriva \u0163\u0103rii Egiptului\u2026 Atunci am auzit un glas\u00a0pe care nu l-am cunoscut\u201c (Psalmi 81, 5).<\/span><\/span><\/a><\/span><\/p>\n<p style=\"text-align: justify;\"><a href=\"http:\/\/comorinemuritoare.ro\/bLOGOS\/wp-content\/uploads\/2022\/07\/biblia.jpg\"><img loading=\"lazy\" decoding=\"async\" class=\"alignright size-medium wp-image-30285\" src=\"http:\/\/comorinemuritoare.ro\/bLOGOS\/wp-content\/uploads\/2022\/07\/biblia-300x282.jpg\" alt=\"biblia\" width=\"300\" height=\"282\" srcset=\"https:\/\/comorinemuritoare.ro\/bLOGOS\/wp-content\/uploads\/2022\/07\/biblia-300x282.jpg 300w, https:\/\/comorinemuritoare.ro\/bLOGOS\/wp-content\/uploads\/2022\/07\/biblia.jpg 343w\" sizes=\"auto, (max-width: 300px) 100vw, 300px\" \/><\/a>O, c\u00e2t de ad\u00e2nc necunoscut este mereu Glasul lui Dumnezeu printre noi, oamenii, pe p\u0103m\u00e2nt!<br \/>\nDe\u015fi litera Cuv\u00e2ntului S\u0103u este at\u00e2t de luminoas\u0103,<br \/>\nde\u015fi sunetele limbii \u00een care sunt spuse cuvintele Domnului sunt a\u015fa de clare \u015fi de frumoase pentru oricare dintre noi \u2013<br \/>\ntotu\u015fi Glasul Domnului din Cuv\u00e2ntul Lui este a\u015fa de pu\u0163in cunoscut, a\u015fa de slab ascultat \u015fi a\u015fa de rar \u00een\u0163eles cum trebuie.<br \/>\nDin cauza acestei necunoa\u015fteri, marea mul\u0163ime a oamenilor este at\u00e2t de z\u0103p\u0103cit\u0103 \u015fi beat\u0103,<br \/>\nat\u00e2t de \u00eemp\u0103r\u0163it\u0103 \u015fi de \u00eencurcat\u0103<br \/>\n\u015fi at\u00e2t de \u00eenvr\u0103jbit\u0103 \u015fi de dezbinat\u0103.<br \/>\nFiindc\u0103 \u00eendrum\u0103torii gloatelor, ne\u00een\u0163eleg\u00e2nd ei \u00een\u015fi\u015fi glasul Domnului din cuvintele Lui, \u00ee\u015fi spun prin ele glasul lor.<br \/>\nNecunosc\u00e2nd g\u00e2ndul Domnului din Cuv\u00e2ntul Lui, \u00ee\u015fi pun \u00een el g\u00e2ndul lor&#8230;<br \/>\nNeurm\u0103rind foloasele lui Hristos, \u00ee\u015fi ascund sub Scripturile Lui foloasele lor&#8230;<br \/>\nNeav\u00e2nd Duhul lui Hristos, toarn\u0103 \u00een inimile ascult\u0103torilor duhul lor&#8230;<br \/>\n\u015ei, vai, iat\u0103 roadele dureroase \u015fi amare!&#8230;<\/p>\n<p style=\"text-align: justify;\">Privind la aceast\u0103 trist\u0103 \u015fi dureroas\u0103 stare, Domnul vorbe\u015fte prin proorocul S\u0103u, zic\u00e2nd: \u201eC\u00e2t sunt de sus cerurile fa\u0163\u0103 de p\u0103m\u00e2nt, at\u00e2t sunt de departe c\u0103ile Mele de c\u0103ile voastre \u015fi g\u00e2ndurile Mele de g\u00e2ndurile voastre&#8230;\u201c (Isaia 55, 9).<!--more--><br \/>\nPrivi\u0163i numai la sutele de secte \u015fi dezbin\u0103ri care s-au ivit \u00een aceste din urm\u0103 vremuri<br \/>\n\u015fi care umplu lumea cu laudele \u015fi cu \u00eeng\u00e2mf\u0103rile lor.<br \/>\nPrivi\u0163i la aceste f\u0103r\u00e2mi\u0163\u0103ri du\u015fm\u0103noase, care mai de care mai str\u0103in\u0103 de Adev\u0103r, dar fiecare l\u0103ud\u00e2ndu-se c\u0103 numai la sine este Adev\u0103rul!<br \/>\nPrivi\u0163i \u2013 \u015fi ve\u0163i vedea cu uimire c\u00e2t de necunoscut tuturor le este Glasul lui Hristos, \u00een numele C\u0103ruia at\u00e2\u0163ia vorbesc cu o vinovat\u0103 \u015fi nechibzuit\u0103 u\u015furin\u0163\u0103.<br \/>\nPrivi\u0163i numai la marea mul\u0163ime cre\u015ftin\u0103 de nume, a c\u0103rei tr\u0103ire zilnic\u0103 este at\u00e2t de contrar\u0103 credin\u0163ei cu care se laud\u0103,<br \/>\n\u015fi ve\u0163i vedea c\u00e2t de departe sunt \u00een realitate bie\u0163ii oameni de orice cunoa\u015ftere \u015fi deslu\u015fire a glasului \u015fi g\u00e2ndurilor lui Dumnezeu.<\/p>\n<p style=\"text-align: justify;\">Dar s\u0103 privim \u015fi mai ad\u00e2nc, \u00een chiar noi \u00een\u015fine!&#8230;<br \/>\nO, c\u00e2t\u0103 vreme am tr\u0103it \u2013 \u015fi poate mai tr\u0103im \u00eenc\u0103 \u2013 f\u0103r\u0103 s\u0103 cunoa\u015ftem Glasul Domnului!&#8230;<br \/>\nF\u0103r\u0103 s\u0103 \u00een\u0163elegem voia Lui,<br \/>\nf\u0103r\u0103 s\u0103 ne pese de poruncile Lui,<br \/>\nf\u0103r\u0103 s\u0103 ne trudim a descoperi g\u00e2ndurile Lui&#8230;, ca \u015fi cum toate acestea nici n-ar exista pentru noi&#8230;<br \/>\nCa \u015fi cum noi n-am avea nici o datorie \u015fi nici o nevoie s\u0103 le cunoa\u015ftem \u015fi s\u0103 le tr\u0103im.<br \/>\nCa \u015fi cum noi n-am avea nici o r\u0103spundere vreodat\u0103 sau vreo r\u0103splat\u0103 pentru aceasta.<br \/>\n\u015ei ca \u015fi cum niciodat\u0103 n-ar fi o Judecat\u0103 a Lui pentru toate acestea \u015fi pentru noi to\u0163i.<\/p>\n<p style=\"text-align: justify;\">\u015ei totu\u015fi, acest Glas dulce \u015fi sf\u00e2nt nu \u00eenceteaz\u0103 s\u0103 ne cheme \u015fi s\u0103 ne \u00eenve\u0163e, \u015fi s\u0103 ne \u00een\u015ftiin\u0163eze!<br \/>\nDe veacuri, de ani, de zile, ne\u00eencetat, ne strig\u0103 tuturor \u015fi ne cheam\u0103 pe toat\u0103 omenirea \u015fi pe fiecare om. Mereu ne cheam\u0103, ne \u00eenva\u0163\u0103, ne \u00een\u015ftiin\u0163eaz\u0103, r\u0103bd\u0103tor, iubitor, iert\u0103tor&#8230;<br \/>\nDar din \u00eentunericul necunoa\u015fterii a\u015fa de pu\u0163ini oameni doresc s\u0103 ias\u0103 la lumina cuno\u015ftin\u0163ei, ascult\u00e2ndu-L (Mat. 22, 14).<\/p>\n<p style=\"text-align: justify;\">O Doamne, Dumnezeul nostru,<br \/>\nTu, Cel plin de bun\u0103tate \u015fi de mil\u0103, Cel plin de iubire \u015fi de har fa\u0163\u0103 de noi to\u0163i,<br \/>\nslav\u0103 \u0162ie pentru r\u0103bdarea cu care ne-ai gr\u0103it \u015fi ne gr\u0103ie\u015fti mereu!<br \/>\nSlav\u0103 \u0162ie, Doamne, c\u0103 n-ai \u00eencetat a ne vorbi \u015fi nou\u0103, de\u015fi at\u00e2ta vreme nici n-am b\u0103gat \u00een seam\u0103 glasul T\u0103u cel sf\u00e2nt! Totu\u015fi Tu n-ai \u00eencetat a ne gr\u0103i cu nesf\u00e2r\u015fit\u0103 bun\u0103tate.<br \/>\nTe rug\u0103m, bunule Doamne, ai nesf\u00e2r\u015fit\u0103 mil\u0103 fa\u0163\u0103 de toat\u0103 omenirea aceasta,<br \/>\ncare r\u0103t\u0103ce\u015fte \u00eenc\u0103 at\u00e2t de departe de Tine \u015fi de \u00een\u0163elegerea Cuv\u00e2ntului T\u0103u,<br \/>\n\u00een \u00eentunericul ne\u015ftiin\u0163ei \u015fi al necunoa\u015fterii de Tine, de\u015fi se nume\u015fte cre\u015ftin\u0103&#8230;<br \/>\nAi mil\u0103 de marea parte a omenirii \u00eenc\u0103 p\u0103g\u00e2n\u0103, roab\u0103 credin\u0163elor \u00een\u015fel\u0103toare<br \/>\n\u015fi roab\u0103 \u00eentunericului ne\u015ftiin\u0163ei,<br \/>\n\u015fi roab\u0103 p\u0103catului \u015fi s\u0103r\u0103ciei, \u015fi mizeriei&#8230;<br \/>\nTrimite-le, Doamne, tuturor acestor \u00eenapoiate \u015fi nefericite suflete \u015fi popoare, lumin\u0103tori \u015fi vestitori puternici ai T\u0103i&#8230;<br \/>\nTrimite-le glasul T\u0103u, p\u00e2inea Ta, independen\u0163a Ta, m\u00e2ntuirea Ta.<br \/>\nTrimite-le Duhul T\u0103u, prin Care s\u0103 poat\u0103 \u00een\u0163elege acestea<br \/>\n\u015fi s\u0103 le poat\u0103 folosi.<br \/>\nCa s\u0103 poat\u0103 cunoa\u015fte \u015fi ei str\u0103lucirea plin\u0103 de slav\u0103 a \u00eemp\u0103r\u0103\u0163iei Tale, de binefacerile c\u0103reia au fost at\u00e2ta vreme str\u0103ini \u015fi dep\u0103rta\u0163i.<br \/>\nDar ai mil\u0103, Doamne, cu at\u00e2t mai mult de aceast\u0103 biat\u0103 gloat\u0103 cre\u015ftin\u0103 cu numele, dar \u015fi mai vinovat\u0103 cu faptele dec\u00e2t p\u0103g\u00e2nii.<br \/>\nC\u0103ci ace\u015ftia sunt vinova\u0163i nu c\u0103 n-au \u015ftiut glasul T\u0103u, ci c\u0103, \u015ftiindu-l, l-au r\u0103st\u0103lm\u0103cit \u015fi sugrumat<br \/>\ncu o minte \u00een\u015felat\u0103<br \/>\n\u015fi cu o inim\u0103 \u00eemboln\u0103vit\u0103 de p\u0103cat.<br \/>\nPentru dragostea celor ce vor veni cu inimi curate \u015fi smerite spre Tine, c\u00e2nd Te vor cunoa\u015fte \u015fi vor deosebi graiul T\u0103u,<br \/>\nmai ai mil\u0103 \u015fi ascult\u0103-ne, Te rug\u0103m.<br \/>\nAmin.<\/p>\n<p style=\"text-align: center;\">*<br \/>\nCuvinte \u00een\u0163elepte:<\/p>\n<p style=\"text-align: justify;\">\u201eMul\u0163i, mul\u0163i ani am fost \u015fi eu un om complet lumesc. Chiar ca preot la \u0163ar\u0103 eram, \u00eentr-o bun\u0103 parte, un om lumesc. Duminic\u0103-diminea\u0163a slujeam la altarul Domnului, iar dup\u0103-amiaza \u00abm\u0103 distram\u00bb pe la c\u00e2rcium\u0103. Tr\u0103iam \u015fi eu judecata nebun\u0103 c\u0103 sunt preot numai c\u00e2t stau \u00ab\u00eembr\u0103cat \u00een hainele de slujb\u0103\u00bb; \u00eencolo sunt \u015fi eu un om ce trebuie \u00abs\u0103-\u015fi tr\u0103iasc\u0103 via\u0163a\u00bb&#8230; Ce nebunie!&#8230; Lumina era pus\u0103 s\u0103 locuiasc\u0103 \u00eempreun\u0103 cu \u00eentunericul&#8230;\u201c (Preot Iosif Trifa).<\/p>\n","protected":false},"excerpt":{"rendered":"<p>Traian Dorz, Hristos, Comoara Psalmilor Medita\u021bia zilei, 22 iulie: \u201eEl a r\u00e2nduit s\u0103rb\u0103toarea aceasta pentru Iosif, c\u00e2nd a mers \u00eempotriva \u0163\u0103rii Egiptului\u2026 Atunci am auzit un glas\u00a0pe care nu l-am cunoscut\u201c (Psalmi 81, 5). O, c\u00e2t de ad\u00e2nc necunoscut este mereu Glasul lui Dumnezeu printre noi, oamenii, pe p\u0103m\u00e2nt! De\u015fi litera Cuv\u00e2ntului S\u0103u este at\u00e2t&nbsp;<\/p>\n<p><a class=\"btn btn-style\" href=\"https:\/\/comorinemuritoare.ro\/bLOGOS\/un-glas-pe-care-nu-l-am-cunoscut-2\/\">Continue Reading&#8230;<\/a><\/p>\n","protected":false},"author":1,"featured_media":0,"comment_status":"open","ping_status":"open","sticky":false,"template":"","format":"standard","meta":{"footnotes":""},"categories":[46],"tags":[],"class_list":["post-30311","post","type-post","status-publish","format-standard","hentry","category-meditatii"],"_links":{"self":[{"href":"https:\/\/comorinemuritoare.ro\/bLOGOS\/wp-json\/wp\/v2\/posts\/30311","targetHints":{"allow":["GET"]}}],"collection":[{"href":"https:\/\/comorinemuritoare.ro\/bLOGOS\/wp-json\/wp\/v2\/posts"}],"about":[{"href":"https:\/\/comorinemuritoare.ro\/bLOGOS\/wp-json\/wp\/v2\/types\/post"}],"author":[{"embeddable":true,"href":"https:\/\/comorinemuritoare.ro\/bLOGOS\/wp-json\/wp\/v2\/users\/1"}],"replies":[{"embeddable":true,"href":"https:\/\/comorinemuritoare.ro\/bLOGOS\/wp-json\/wp\/v2\/comments?post=30311"}],"version-history":[{"count":1,"href":"https:\/\/comorinemuritoare.ro\/bLOGOS\/wp-json\/wp\/v2\/posts\/30311\/revisions"}],"predecessor-version":[{"id":30312,"href":"https:\/\/comorinemuritoare.ro\/bLOGOS\/wp-json\/wp\/v2\/posts\/30311\/revisions\/30312"}],"wp:attachment":[{"href":"https:\/\/comorinemuritoare.ro\/bLOGOS\/wp-json\/wp\/v2\/media?parent=30311"}],"wp:term":[{"taxonomy":"category","embeddable":true,"href":"https:\/\/comorinemuritoare.ro\/bLOGOS\/wp-json\/wp\/v2\/categories?post=30311"},{"taxonomy":"post_tag","embeddable":true,"href":"https:\/\/comorinemuritoare.ro\/bLOGOS\/wp-json\/wp\/v2\/tags?post=30311"}],"curies":[{"name":"wp","href":"https:\/\/api.w.org\/{rel}","templated":true}]}}