{"id":30318,"date":"2022-07-25T04:29:35","date_gmt":"2022-07-25T07:29:35","guid":{"rendered":"http:\/\/comorinemuritoare.ro\/bLOGOS\/?p=30318"},"modified":"2022-07-23T06:42:40","modified_gmt":"2022-07-23T09:42:40","slug":"sunteti-fiii-celui-preainalt","status":"publish","type":"post","link":"https:\/\/comorinemuritoare.ro\/bLOGOS\/sunteti-fiii-celui-preainalt\/","title":{"rendered":"Sunte\u0163i fiii Celui Prea\u00eenalt"},"content":{"rendered":"<p style=\"text-align: justify;\"><strong>Traian Dorz,\u00a0<\/strong><em>Hristos, Comoara Psalmilor<\/em><br \/>\nMedita\u021bia zilei, 25 iulie:<\/p>\n<p style=\"padding-left: 90px; text-align: justify;\"><span style=\"color: #0000ff;\"><a class=\"verset-content popover-active\" style=\"color: #0000ff;\" tabindex=\"0\" title=\"\" data-placement=\"left\" data-content=\"...\" data-container=\"li#verset_psalmii_82_6\" data-original-title=\"\"><span id=\"verset-6\"><span class=\"continut-verset resized-text\">\u201eEu am zis: \u00abSunte\u0163i dumnezei, to\u0163i sunte\u0163i fii ai Celui Prea\u00eenalt\u00bb\u201c (Psalmi 82, 6).<\/span><\/span><\/a><\/span><\/p>\n<p style=\"text-align: justify;\">\u00a0<a href=\"http:\/\/comorinemuritoare.ro\/bLOGOS\/wp-content\/uploads\/2022\/07\/biblia.jpg\"><img loading=\"lazy\" decoding=\"async\" class=\"alignright size-medium wp-image-30285\" src=\"http:\/\/comorinemuritoare.ro\/bLOGOS\/wp-content\/uploads\/2022\/07\/biblia-300x282.jpg\" alt=\"biblia\" width=\"300\" height=\"282\" srcset=\"https:\/\/comorinemuritoare.ro\/bLOGOS\/wp-content\/uploads\/2022\/07\/biblia-300x282.jpg 300w, https:\/\/comorinemuritoare.ro\/bLOGOS\/wp-content\/uploads\/2022\/07\/biblia.jpg 343w\" sizes=\"auto, (max-width: 300px) 100vw, 300px\" \/><\/a>O, fra\u0163i oameni, de pe tot p\u0103m\u00e2ntul alc\u0103tuit de M\u00e2na Marelui \u015fi Atotputernicului nostru Dumnezeu \u015fi Tat\u0103l,<br \/>\nvoi to\u0163i, noi to\u0163i suntem fiii Lui!<br \/>\nM\u00e2na Lui cea \u00een\u0163eleapt\u0103 ne-a alc\u0103tuit chipul cel v\u0103zut, iar dragostea Lui ve\u015fnic\u0103 ne-a alc\u0103tuit chipul cel ve\u015fnic \u015fi nev\u0103zut, adic\u0103 fiin\u0163a noastr\u0103 spiritual\u0103.<br \/>\nDin via\u0163a Lui s-a desprins suflarea de via\u0163\u0103 care ne-a \u00eenviat.<br \/>\n\u015ei puterea Lui a pus \u00een noi mi\u015fcarea.<br \/>\nDin \u00eensu\u015firile Lui nev\u0103zute am primit oricare dintre noi \u00een\u0163elepciunea \u015fi virtu\u0163ile, talentul \u015fi geniul.<br \/>\nDin voin\u0163a Lui avem voin\u0163a \u015fi din Inteligen\u0163a Sa este con\u015ftiin\u0163a pus\u0103 \u00een noi.<br \/>\nNici o alt\u0103 fiin\u0163\u0103 dintre creaturile Sale v\u0103zute nu mai este \u00eenzestrat\u0103 at\u00e2t de minunat, pentru c\u0103 toate celelalte sunt lucr\u0103rile Sale,<br \/>\ndar noi suntem fiii Lui.<\/p>\n<p style=\"text-align: justify;\">C\u00e2t ar trebui s\u0103 ne m\u00e2ndrim \u015fi s\u0103 ne l\u0103ud\u0103m noi cu aceast\u0103 nobil\u0103 \u015fi dumnezeiasc\u0103 apartenen\u0163\u0103!<br \/>\nNu numai m\u0103rturisind-o ca pe un drept de ve\u015fnic\u0103 cinste, ci, mai ales, comport\u00e2ndu-ne permanent \u00eentr-acel chip demn pe care \u00eel pretinde nivelul superior al neamului Aceluia din Care ne tragem (Fapte 17, 28).<!--more--><br \/>\nC\u00e2t de mare cinste este pentru noi c\u0103 ne tragem din Dumnezeu!&#8230;<br \/>\nC\u0103 suntem fiii Perfec\u0163iunii,<br \/>\nadic\u0103 fiii a tot ce este \u00cenalt, Curat \u015fi Bun, \u015fi Adev\u0103rat, \u015fi Vrednic, \u015fi Frumos&#8230;<br \/>\nC\u0103 suntem direct fiii Aceluia \u00een Care toate acestea sunt des\u0103v\u00e2r\u015fite.<br \/>\n\u015ei c\u0103 aceste \u00eensu\u015firi le avem din El, alc\u0103tuind fiin\u0163a noastr\u0103, \u00eempreun\u0103 cu voin\u0163a \u015fi puterea de a le realiza \u00een tr\u0103irea noastr\u0103 zilnic\u0103 \u015fi \u00eentreag\u0103 a fiec\u0103ruia \u015fi a tuturor. \u015ei o putem face fiecare dintre noi \u00een m\u0103sura \u00een care ne d\u0103m silin\u0163ele spre aceasta.<\/p>\n<p style=\"text-align: justify;\">\u015ei ce dovad\u0103 mai puternic\u0103 ar fi c\u0103 suntem fiii Atotputernicului Creator dec\u00e2t faptul c\u0103 noi \u00een\u015fine am primit puterea de a crea, asem\u0103n\u00e2ndu-ne astfel direct cu Tat\u0103l \u015fi Creatorul nostru&#8230;<br \/>\nCe alt\u0103 creatur\u0103 a mai primit o astfel de putere?<br \/>\nPrin harul Tat\u0103lui nostru \u015fi prin mo\u015ftenirile d\u0103ruite din El, c\u00e2te minuni am creat \u015fi cre\u0103m \u00eenc\u0103!<br \/>\nToate \u00eentr-un chip tot mai \u00eenalt,<br \/>\n\u00eentr-o form\u0103 tot mai des\u0103v\u00e2r\u015fit\u0103<br \/>\n\u015fi \u00eentr-un mod tot mai minunat.<br \/>\nCa s\u0103 se vad\u0103 tot mai limpede c\u0103 suntem fiii Celui Prea\u00eenalt, Des\u0103v\u00e2r\u015fit \u015fi Minunat&#8230;<br \/>\nO, c\u00e2t de luminos este g\u00e2ndul acesta!<\/p>\n<p style=\"text-align: justify;\">Dar, vai, ce trist, ce ru\u015finos, ce \u00eenjositor este din partea unora dintre noi c\u0103 \u00een adins nu vor s\u0103-\u015fi recunoasc\u0103<br \/>\n\u015fi s\u0103-\u015fi cinsteasc\u0103 aceast\u0103 origine dumnezeiasc\u0103,<br \/>\nci, \u00een chip nebunesc, aleg mai degrab\u0103 s\u0103 spun\u0103 c\u0103 se trag dintr-o alt\u0103 creatur\u0103, nespus de inferioar\u0103,<br \/>\ndintr-un animal ur\u00e2t \u015fi lipsit complet de orice ra\u0163iune,<br \/>\nde orice \u00eensu\u015fire bun\u0103,<br \/>\nde orice s\u00e2mbure de lumin\u0103, prin structura sa, de la originea sa<br \/>\n\u015fi din toat\u0103 specia sa.<br \/>\nCine ar putea crede sincer aceast\u0103 uria\u015f\u0103 prostie def\u0103im\u0103toare pentru to\u0163i oamenii!<br \/>\nDe unde s\u0103 le fi putut da acest \u201ep\u0103rinte\u201c puilor lui \u00eensu\u015firi pe care el niciodat\u0103 nu le-a avut<br \/>\n\u015fi nici nu le va avea niciodat\u0103?<br \/>\nNumai marele mincinos, diavolul, a putut scorni \u015fi crede lucrul acesta de care p\u00e2n\u0103 \u015fi copiii r\u00e2d!<\/p>\n<p style=\"text-align: justify;\">O, frate om,<br \/>\noricine ai fi tu pe p\u0103m\u00e2nt, g\u00e2nde\u015fte-te c\u0103 tu nu po\u0163i fi puiul unei creaturi josnice \u015fi ur\u00e2te, incon\u015ftiente \u015fi neputincioase,<br \/>\nc\u0103ci tot ce mo\u015ftenim prin na\u015ftere \u00een fiin\u0163a noastr\u0103 este \u00eenalt \u015fi frumos,<br \/>\ninteligent \u015fi puternic,<br \/>\nsuperior \u015fi liber&#8230;<br \/>\nNoi nu putem avea alt Tat\u0103 dec\u00e2t pe Dumnezeu, Suprema Frumuse\u0163e, Inteligen\u0163\u0103 \u015fi Puternicie.<br \/>\nPrivind spre El, sim\u0163im \u00eendemnul \u00een\u0103l\u0163\u0103rii spre tot ce este Perfect.<br \/>\nDar, privind spre maimu\u0163\u0103 \u2013 spre ce putem fi \u00eendemna\u0163i?<br \/>\nLumina\u0163i-v\u0103, fra\u0163i oameni, \u015fi ferici\u0163i-v\u0103 pentru acest adev\u0103r c\u0103 noi to\u0163i suntem fiii Celui Prea\u00eenalt!<br \/>\nDe aceea, avem obliga\u0163ia fa\u0163\u0103 de originea noastr\u0103, s\u0103 tr\u0103im \u00eentr-un chip vrednic de Tat\u0103l din Care ne tragem.<br \/>\nS\u0103 ne av\u00e2nt\u0103m spre tot ce este mai \u00eenalt,<br \/>\nnu numai prin tehnic\u0103 \u015fi prin \u00een\u0103l\u0163area \u00een Cosmos, ci mai ales prin cultura \u015fi morala noastr\u0103,<br \/>\ncare ar trebui s\u0103 \u00eenainteze cel pu\u0163in egal cu tehnica.<br \/>\nDe aceea s\u0103 ne lep\u0103d\u0103m de tot ceea ce este josnic, dac\u0103 vrem s\u0103 ajungem cu adev\u0103rat p\u00e2n\u0103 la Cel Prea\u00eenalt<br \/>\n\u015fi s\u0103 nu ne pr\u0103bu\u015fim p\u00e2n\u0103 la cel preajosnic.<\/p>\n<p style=\"text-align: justify;\">Slav\u0103 ve\u015fnic\u0103 \u0162ie, Des\u0103v\u00e2r\u015fitul nostru Tat\u0103l \u015fi Creatorul nostru!<br \/>\nDin toat\u0103 inima noastr\u0103 sl\u0103vim Numele T\u0103u iubit \u015fi luminos, din Care ne avem cu to\u0163ii fiin\u0163a \u015fi \u00eensu\u015firile,<br \/>\nvia\u0163a \u015fi mi\u015fcarea.<br \/>\nSlav\u0103 \u0162ie pentru cinstea pe care ne-ai f\u0103cut-o cre\u00e2ndu-ne \u015fi \u00eenzestr\u00e2ndu-ne at\u00e2t de minunat!<br \/>\nTe rug\u0103m, \u00eendep\u0103rteaz\u0103 de peste ochii no\u015ftri \u015fi de peste min\u0163ile noastre am\u0103girile mincinosului, care caut\u0103 s\u0103 ne \u00eenjoseasc\u0103 \u015fi pe noi \u015fi pe Tine,<br \/>\nprin \u00eenlocuirea unui adev\u0103r at\u00e2t de luminos, c\u0103 ne tragem din Tine, cu o minciun\u0103 at\u00e2t de batjocoritoare, c\u0103 ne tragem dintr-un animal \u015fi neam josnic.<br \/>\nF\u0103-ne, Doamne, s\u0103 lep\u0103d\u0103m \u00een\u0163elept orice micime \u015fi s\u0103 ne \u00een\u0103l\u0163\u0103m \u00een toate privin\u0163ele,<br \/>\nprintr-o tr\u0103ire vrednic\u0103,<br \/>\np\u00e2n\u0103 la Tine, Care e\u015fti Capul \u015fi Tat\u0103l nostru Cel Des\u0103v\u00e2r\u015fit (Efes. 4, 15).<br \/>\nAmin<\/p>\n<p style=\"text-align: center;\">*<br \/>\nCuvinte \u00een\u0163elepte:<\/p>\n<p style=\"text-align: justify;\">Muritor \u00een noi e numai ceea ce e p\u0103m\u00e2ntesc \u2013<br \/>\nnoi sim\u0163im \u00een noi, adesea, g\u00e2nduri ce ne dovedesc<br \/>\nc\u0103 sunt \u00een fiin\u0163a noastr\u0103 p\u0103r\u0163i ce nu \u00eemb\u0103tr\u00e2nesc<br \/>\n\u015fi tr\u0103iri ce-n lumea asta, cu via\u0163a, nu sf\u00e2r\u015fesc&#8230;<\/p>\n<p style=\"text-align: justify;\"><strong>C\u00e2ntarea Psalmului 82<br \/>\n<\/strong>Un psalm al lui Asaf.<\/p>\n<p style=\"text-align: justify;\">1. Dumnezeu st\u0103-n adunarea<br \/>\nLui \u2013 \u015fi-n veci \u00een ea va sta;<br \/>\n\u00eentre dumnezei, puternic,<br \/>\nEl \u00een veci va judeca.<\/p>\n<p style=\"text-align: justify;\">2. P\u00e2n\u0103 c\u00e2nd ve\u0163i judeca voi<br \/>\nstr\u00e2mb, to\u0163i cei ce judeca\u0163i,<br \/>\np\u00e2n\u0103 c\u00e2nd c\u0103uta\u0163i la fa\u0163a<br \/>\ncelor r\u0103i \u015fi blestema\u0163i?<\/p>\n<p style=\"text-align: justify; padding-left: 180px;\">Oprire<\/p>\n<p style=\"text-align: justify;\">3. Face\u0163i celui slab dreptate,<br \/>\nla orfan \u015fi la s\u0103rac,<br \/>\nda\u0163i dreptate celor care<br \/>\nnedreptate to\u0163i le fac.<\/p>\n<p style=\"text-align: justify;\">4. Izb\u0103vi\u0163i-l \u015fi-ajuta\u0163i-l<br \/>\npe lipsit \u015fi nevoia\u015f<br \/>\n\u015fi-l sc\u0103pa\u0163i din m\u00e2na celui<br \/>\nr\u0103u la suflet \u015fi vr\u0103jma\u015f&#8230;<\/p>\n<p style=\"text-align: justify;\">5. Dar ei nu voiesc s\u0103 \u015ftie<br \/>\nde nimic \u2013 \u015fi nu-n\u0163eleg,<br \/>\nsunt \u00eentuneca\u0163i, de-aceea<br \/>\na sl\u0103bit p\u0103m\u00e2ntu-ntreg.<\/p>\n<p style=\"text-align: justify;\">6. Eu zic: dumnezei voi sunte\u0163i<br \/>\n\u015fi to\u0163i, fiii Celui Sf\u00e2nt,<br \/>\n7. Dar muri-ve\u0163i ca oricare<br \/>\noameni slabi de pe p\u0103m\u00e2nt.<\/p>\n<p style=\"text-align: justify;\">8. Scoal\u0103, judec\u0103 p\u0103m\u00e2ntul,<br \/>\nPreaputernic Dumnezeu,<br \/>\nc\u0103ci popoarele-s a\u2019 Tale<br \/>\n\u015fi p\u0103m\u00e2ntu-ntreg e-al T\u0103u!<\/p>\n<p style=\"text-align: center;\">*<br \/>\nCuvinte \u00een\u0163elepte:<\/p>\n<p style=\"text-align: justify;\">\u201eO, cum n-am eu glas de tr\u00e2mbi\u0163\u0103 s\u0103 strig cuvintele M\u00e2ntuitorului, s\u0103 le aud\u0103 \u015fi cei asurzi\u0163i \u00een p\u0103cate: \u00abNu pute\u0163i sluji la doi domni, \u015fi lui Dumnezeu, \u015fi lui Mamona!\u00bb! De la \u00eenceputul \u015fi p\u00e2n\u0103 la sf\u00e2r\u015fitul Scripturilor se vorbe\u015fte despre un hotar statornicit pe vecie \u00eentre bine \u015fi r\u0103u, \u00eentre Domnul \u015fi diavol, \u00eencep\u00e2nd de c\u00e2nd \u00aba desp\u0103r\u0163it Dumnezeu uscatul de ape \u015fi lumina de \u00eentuneric\u00bb (Ioan, cap. 1), \u00eentre \u00abfiii luminii \u015fi fiii \u00eentunericului\u00bb (Efes. 5, 8), \u00eentre \u00abfiii lui Dumnezeu \u015fi fiii diavolului\u00bb (1 Ioan 3, 10), \u00eentre \u00aboamenii cei duhovnice\u015fti \u015fi oamenii cei lume\u015fti\u00bb (Rom., cap. 8), \u00eentre \u00abcalea vie\u0163ii \u015fi calea mor\u0163ii\u00bb (Mat. 7, 13-14). To\u0163i cei ce cred c\u0103 se pot strecura printre aceste dou\u0103 hotare, tr\u0103iesc o via\u0163\u0103 cre\u015ftineasc\u0103 mincinoas\u0103. To\u0163i cei care cred c\u0103 \u00eentre calea vie\u0163ii \u015fi calea mor\u0163ii, \u00eentre dreapta \u015fi st\u00e2nga, mai poate fi \u015fi alt\u0103 cale, apoi calea aceasta \u00eei duce drept \u00een fundul iadului&#8230;\u201c (Preot Iosif Trifa).<\/p>\n","protected":false},"excerpt":{"rendered":"<p>Traian Dorz,\u00a0Hristos, Comoara Psalmilor Medita\u021bia zilei, 25 iulie: \u201eEu am zis: \u00abSunte\u0163i dumnezei, to\u0163i sunte\u0163i fii ai Celui Prea\u00eenalt\u00bb\u201c (Psalmi 82, 6). \u00a0O, fra\u0163i oameni, de pe tot p\u0103m\u00e2ntul alc\u0103tuit de M\u00e2na Marelui \u015fi Atotputernicului nostru Dumnezeu \u015fi Tat\u0103l, voi to\u0163i, noi to\u0163i suntem fiii Lui! M\u00e2na Lui cea \u00een\u0163eleapt\u0103 ne-a alc\u0103tuit chipul cel v\u0103zut,&nbsp;<\/p>\n<p><a class=\"btn btn-style\" href=\"https:\/\/comorinemuritoare.ro\/bLOGOS\/sunteti-fiii-celui-preainalt\/\">Continue Reading&#8230;<\/a><\/p>\n","protected":false},"author":1,"featured_media":0,"comment_status":"open","ping_status":"open","sticky":false,"template":"","format":"standard","meta":{"footnotes":""},"categories":[46],"tags":[],"class_list":["post-30318","post","type-post","status-publish","format-standard","hentry","category-meditatii"],"_links":{"self":[{"href":"https:\/\/comorinemuritoare.ro\/bLOGOS\/wp-json\/wp\/v2\/posts\/30318","targetHints":{"allow":["GET"]}}],"collection":[{"href":"https:\/\/comorinemuritoare.ro\/bLOGOS\/wp-json\/wp\/v2\/posts"}],"about":[{"href":"https:\/\/comorinemuritoare.ro\/bLOGOS\/wp-json\/wp\/v2\/types\/post"}],"author":[{"embeddable":true,"href":"https:\/\/comorinemuritoare.ro\/bLOGOS\/wp-json\/wp\/v2\/users\/1"}],"replies":[{"embeddable":true,"href":"https:\/\/comorinemuritoare.ro\/bLOGOS\/wp-json\/wp\/v2\/comments?post=30318"}],"version-history":[{"count":1,"href":"https:\/\/comorinemuritoare.ro\/bLOGOS\/wp-json\/wp\/v2\/posts\/30318\/revisions"}],"predecessor-version":[{"id":30319,"href":"https:\/\/comorinemuritoare.ro\/bLOGOS\/wp-json\/wp\/v2\/posts\/30318\/revisions\/30319"}],"wp:attachment":[{"href":"https:\/\/comorinemuritoare.ro\/bLOGOS\/wp-json\/wp\/v2\/media?parent=30318"}],"wp:term":[{"taxonomy":"category","embeddable":true,"href":"https:\/\/comorinemuritoare.ro\/bLOGOS\/wp-json\/wp\/v2\/categories?post=30318"},{"taxonomy":"post_tag","embeddable":true,"href":"https:\/\/comorinemuritoare.ro\/bLOGOS\/wp-json\/wp\/v2\/tags?post=30318"}],"curies":[{"name":"wp","href":"https:\/\/api.w.org\/{rel}","templated":true}]}}