{"id":30355,"date":"2022-08-02T00:49:57","date_gmt":"2022-08-02T03:49:57","guid":{"rendered":"http:\/\/comorinemuritoare.ro\/bLOGOS\/?p=30355"},"modified":"2022-08-19T08:37:58","modified_gmt":"2022-08-19T11:37:58","slug":"in-tara-noastra-sa-locuiasca-slava","status":"publish","type":"post","link":"https:\/\/comorinemuritoare.ro\/bLOGOS\/in-tara-noastra-sa-locuiasca-slava\/","title":{"rendered":"\u00cen \u0163ara noastr\u0103 s\u0103 locuiasc\u0103 slava!"},"content":{"rendered":"<p style=\"text-align: justify;\"><strong>Traian Dorz,\u00a0<\/strong><em>Hristos, Comoara Psalmilor<\/em><br \/>\nMedita\u021bia zilei, 2 august:<\/p>\n<p style=\"padding-left: 90px; text-align: justify;\"><span style=\"color: #0000ff;\"><a class=\"verset-content popover-active\" style=\"color: #0000ff;\" tabindex=\"0\" title=\"\" data-placement=\"left\" data-content=\"...\" data-container=\"li#verset_psalmii_85_9\" data-original-title=\"\"><span id=\"verset-9\"><span class=\"continut-verset resized-text\">\u201eDa, m\u00e2ntuirea Lui este aproape\u00a0de cei ce se tem de El, pentru ca\u00a0\u00een \u0163ara noastr\u0103 s\u0103 locuiasc\u0103 slava\u201c (Psalmi 85, 9).<\/span><\/span><\/a><\/span><\/p>\n<p style=\"text-align: justify;\"><a href=\"http:\/\/comorinemuritoare.ro\/bLOGOS\/wp-content\/uploads\/2022\/07\/biblia.jpg\"><img loading=\"lazy\" decoding=\"async\" class=\"alignright size-medium wp-image-30285\" src=\"http:\/\/comorinemuritoare.ro\/bLOGOS\/wp-content\/uploads\/2022\/07\/biblia-300x282.jpg\" alt=\"biblia\" width=\"300\" height=\"282\" srcset=\"https:\/\/comorinemuritoare.ro\/bLOGOS\/wp-content\/uploads\/2022\/07\/biblia-300x282.jpg 300w, https:\/\/comorinemuritoare.ro\/bLOGOS\/wp-content\/uploads\/2022\/07\/biblia.jpg 343w\" sizes=\"auto, (max-width: 300px) 100vw, 300px\" \/><\/a>Nu exist\u0103 nici un alt cet\u0103\u0163ean mai de pre\u0163 pentru o \u0163ar\u0103 dec\u00e2t cel cu adev\u0103rat credincios!<br \/>\nNici un alt fiu al unei patrii p\u0103m\u00e2nte\u015fti nu-i poate fi at\u00e2t de folositor \u015fi de necesar acesteia, ca acela care este, mai \u00eent\u00e2i, un fiu credincios al Patriei \u015fi \u00cemp\u0103r\u0103\u0163iei lui Dumnezeu.<br \/>\nC\u0103ci acesta, nu numai prin cinstea cu care umbl\u0103 \u015fi munce\u015fte sau prin cur\u0103\u0163ia \u015fi h\u0103rnicia vie\u0163ii \u015fi a faptelor sale, este un model frumos \u015fi un \u00eendemn \u00een mijlocul altora,<br \/>\ndar el lupt\u0103 ne\u00eencetat \u015fi prin rug\u0103ciunile lui \u00eenaintea lui Dumnezeu pentru bun\u0103starea \u0163\u0103rii sale, pentru conduc\u0103torii ei, pentru vremi de pace \u015fi bel\u015fug \u00een ea<br \/>\n\u015fi pentru izb\u0103virea de n\u0103v\u0103lirea altor neamuri.<br \/>\nEl se roag\u0103 mereu \u015fi caut\u0103 s\u0103 fac\u0103 mereu tot ce-i poate fi folositor \u00eenaint\u0103rii \u015fi slavei patriei sale p\u0103m\u00e2nte\u015fti.<br \/>\nAcesta munce\u015fte \u015fi se roag\u0103 ca peste \u0163ara lui s\u0103 se reverse din plin lini\u015ftea \u015fi h\u0103rnicia, cump\u0103tarea \u015fi libertatea, inteligen\u0163a \u015fi armonia social\u0103,<br \/>\nspre a putea locui \u00een ea slava lui Dumnezeu.<br \/>\nAdic\u0103 tot ce poate \u00een\u0103l\u0163a o \u0163ar\u0103 nu numai la un mai \u00eenalt nivel de trai material, ci \u00eenc\u0103 \u015fi mai mult: la acel \u00eenalt nivel de trai moral, care o poate face s\u0103 fie demn\u0103 de respect \u00een fa\u0163a tuturor celorlalte na\u0163iuni&#8230;<br \/>\n\u015fi vrednic\u0103 de prezen\u0163a slavei lui Dumnezeu \u00een ea.<\/p>\n<p>Pentru c\u0103 noi suntem convin\u0219i c\u0103 niciun alt mijloc nu exist\u0103 pentru ca \u021bara noastr\u0103 s\u0103 ajung\u0103 la un \u00eenalt nivel luminos \u0219i fericit dec\u00e2t prin Hristos, noi vom continua s\u0103 lucr\u0103m totdeauna \u0219i s\u0103 ne rug\u0103m ne\u00eencetat,<br \/>\n\u0219i s\u0103 lupt\u0103m cu orice sacrificii, p\u00e2n\u0103 la cap\u0103t, ca \u0219i \u021bara noastr\u0103 s\u0103 ajung\u0103 la fericita stare a ascult\u0103rii de Hristos.<br \/>\nFiindc\u0103 numai prin El poate ea s\u0103 se bucure de cel mai fericit trai.<!--more--><br \/>\n\u00cen vederea acestui \u021bel sf\u00e2nt \u0219i fericit lucr\u0103m noi \u0219i spre gr\u0103birea venirii acestui timp binecuv\u00e2ntat credem noi c\u0103 a trimis Dumnezeu poporului nostru, ca un dar unic \u0219i ceresc, Lucrarea Oastei Domnului.<br \/>\nEa este solia \u0219i chemarea binecuv\u00e2ntat\u0103 de Sus, prin care \u00eentreag\u0103 \u021bara noastr\u0103, ascult\u00e2nd-o \u0219i primind-o, s\u0103 ajung\u0103 un p\u0103m\u00e2nt binecuv\u00e2ntat al slavei lui Dumnezeu.<\/p>\n<p>\u00cen mijlocul \u021b\u0103rii noastre a ridicat-o Dumnezeu \u0219i din mijlocul poporului nostru s-a n\u0103scut Oastea Domnului, cu mijloace specifice naturii \u0219i credin\u021bei poporului nostru, at\u00e2t de dulci \u0219i apropiate<br \/>\n\u0219i \u00een dreapta \u00eenv\u0103\u021b\u0103tur\u0103 a Bisericii str\u0103mo\u0219ilor no\u0219tri, pentru ca to\u021bi s\u0103 o sim\u021bim cu totul pentru noi.<br \/>\nAceast\u0103 mi\u0219care duhovniceasc\u0103, ad\u00e2nc patriotic\u0103 prin n\u0103zuin\u021bele ei sociale \u0219i ad\u00e2nc evanghelic\u0103 prin solia ei, credem c\u0103 este singura cale pentru cea mai puternic\u0103 trezire \u0219i formare a con\u0219tiin\u021bei sfinte \u0219i demne, \u0219i fericite \u00een poporul nostru.<br \/>\nPrin ea se poate face saltul fericit spre o tr\u0103ire la cel mai \u00eenalt nivel moral al individului \u0219i al societ\u0103\u021bii noastre.<br \/>\n\u0218i aceasta nu numai pentru neamul nostru, ci prin el \u00eenc\u0103 pentru multe alte neamuri \u0219i genera\u021bii omene\u0219ti.<br \/>\nDe aceea, nu numai noi, dar to\u021bi fra\u021bii no\u0219tri care doresc cu adev\u0103rat ridicarea patriei noastre p\u00e2n\u0103 la starea cea superioar\u0103, demn\u0103 \u0219i fericit\u0103, nu trebuie s\u0103 \u00eencet\u0103m niciodat\u0103 a ne ruga lui Dumnezeu \u0219i a lucra, \u0219i a lupta cu toat\u0103 puterea noastr\u0103 pentru acest scop,<br \/>\nad\u00e2nc \u00eencredin\u021ba\u021bi c\u0103 \u00een felul acesta noi ne \u00eemplinim nu numai o sf\u00e2nt\u0103 \u0219i mare datorie fa\u021b\u0103 de Dumnezeu,<br \/>\ndar \u0219i datoria cea, mereu tot mai mare \u0219i sf\u00e2nt\u0103, pe care o avem fa\u021b\u0103 de aproapele nostru \u0219i fa\u021b\u0103 de \u021bara \u0219i de poporul \u00een care tr\u0103im (Mat. 22, 36-40).<\/p>\n<p>Va veni vremea c\u00e2nd adev\u0103rul acesta va deveni str\u0103lucit pentru to\u021bi.<br \/>\nVa veni vremea c\u00e2nd fiii lumina\u021bi ai poporului nostru vor dovedi ce \u00eenalt rol patriotic a avut \u0219i are Lucrarea Oastei Domnului pentru \u021bara noastr\u0103.<br \/>\nAtunci to\u021bi vor vedea limpede c\u00e2t de necesar\u0103 a fost ea \u0219i c\u00e2t de mare pagub\u0103 \u0219i r\u0103u s-a pricinuit \u00eense\u0219i \u021b\u0103rii \u0219i poporului nostru prin \u00eempiedicarea \u0219i prigonirea ei at\u00e2ta vreme.<br \/>\nAbia atunci se va vedea cu adev\u0103rat c\u00e2t de ne\u00een\u021bele\u0219i au fost acei lucr\u0103tori care, prin ea, erau at\u00e2t de devota\u021bi cauzei poporului nostru \u0219i c\u00e2t de departe s-ar fi ajuns ajut\u00e2ndu-i&#8230;<br \/>\nAtunci se va vedea, cu uimire \u0219i cu durere, c\u00e2t de departe au v\u0103zut ace\u0219tia \u00eenainte, dar \u0219i c\u00e2t de prigoni\u021bi pe nedrept au fost ei.<br \/>\nAtunci Dumnezeu va face dreptate memoriei lor, iar jertfele lor, unite cu ale celor mai cumin\u021bi fii ai poporului \u0219i ai lui Dumenzeu,<br \/>\nvor lumina mintea \u0219i drumul urma\u0219ilor, \u00eensufle\u021bindu-i pentru \u021aelul sf\u00e2nt c\u0103ruia ei \u0219i-au \u00eenchinat \u0219i via\u021ba, \u0219i moartea lor,<br \/>\nadic\u0103 gr\u0103birea venirii timpului fericit c\u00e2nd \u00een toat\u0103 \u021bara noastr\u0103<br \/>\n\u0219i \u00een toate \u021b\u0103rile lumi<br \/>\ns\u0103 locuiasc\u0103 numai slava. Adic\u0103 numai Hristos.<\/p>\n<p>O Doamne, Dumnezeul Biruin\u021bei \u0219i al Luminii&#8230;<br \/>\nTu care cuno\u0219ti g\u00e2ndul \u00eenalt din care s-a n\u0103scut Ideea \u0219i lupta Oastei Tale,<br \/>\nTu care \u0219tii jertfele \u0219i lacrimile acestei Lucr\u0103ri \u00een lupta dus\u0103 pentru ca Tu s\u0103 fii adus p\u00e2n\u0103 la tr\u0103irea \u021b\u0103rii noastre,<br \/>\n\u0219i \u021bara noastr\u0103 p\u00e2n\u0103 la tr\u0103irea Ta,<br \/>\nbinecuv\u00e2nteaz\u0103, Te rug\u0103m, Lucrarea Oastei Tale \u0219i d\u0103ruie\u0219te-i putere de munc\u0103,<br \/>\nde lupt\u0103 \u0219i de rug\u0103ciune, p\u00e2n\u0103 c\u00e2nd acest g\u00e2nd al T\u0103u va fi realizat \u00een chip fericit.<br \/>\nRidic\u0103-i mereu lupt\u0103tori \u0219i lucr\u0103tori harnici, uni\u021bi, \u00een\u021belep\u021bi \u0219i viteji,<br \/>\nplini de evanghelic patriotism, prin care Tu, Doamne, s\u0103 po\u021bi lucra spre a face ca \u0219i \u00een \u021bara noastr\u0103 s\u0103 locuiasc\u0103 slava&#8230;<br \/>\nSlava \u0219i lumina fericit\u0103 a tr\u0103irii \u00een demnitate \u0219i \u00een cinste,<br \/>\n\u00een adev\u0103r \u0219i \u00een unitate,<br \/>\n\u00een frumos \u0219i \u00een credin\u021b\u0103,<br \/>\npentru totdeauna.<br \/>\nF\u0103 ca \u021bara \u0219i tot poporul nostru s\u0103 ajung\u0103 o lumin\u0103 \u0219i o bucurie pentru toate celelalte popoare,<br \/>\nca, mai cur\u00e2nd, Tu s\u0103 fii ascultat de lumea \u00eentreag\u0103.<br \/>\nAmin.<\/p>\n<p style=\"text-align: center;\">*<br \/>\n* *<\/p>\n<p>Drag urma\u0219ul meu, fii tare \u0219i viteaz, \u0219i-ncrez\u0103tor,<br \/>\nCel ce te-a f\u0103cut e Dreptul, Ve\u0219nicul Biruitor,<br \/>\nTu e\u0219ti fiul \u0219i osta\u0219ul Celui Drept, cum am fost noi<br \/>\nLupt\u0103-te! A Lui \u0219i-a noastr\u0103 e Izb\u00e2nda de Apoi!<\/p>\n<p><strong><em>C\u00e2ntarea Psalmului 85<\/em><\/strong><br \/>\nUn psalm al fiilor lui Core<\/p>\n<p>1. Tu fost-ai binevoitor<br \/>\nO Doamne, cu-a Ta \u021bar\u0103,<br \/>\nPe ai lui Iacov prin\u0219i, napoi,<br \/>\nAdusu-i-ai Tu iar\u0103!<\/p>\n<p>2. Iertat-ai pe poporul T\u0103u<br \/>\nDe-a lui nelegiuire<br \/>\n3. I-ai \u2019coperit p\u0103catul tot<br \/>\n\u00cen marea Ta iubire.<\/p>\n<p>Tu de la ei \u021ai-ai ab\u0103tut<br \/>\nAprinderea m\u00e2niei<br \/>\n\u0218i Te-ai \u00eentors s\u0103 nu-i love\u0219ti<br \/>\n\u00cen flac\u0103ra urgiei\u2026<\/p>\n<p>4. O, Dumnezeul nostru bun,<br \/>\n\u00centoarce-ne Tu iar\u0103,<br \/>\nOpre\u0219te-\u021ai Tu de peste noi<br \/>\nM\u00e2nia Ta amar\u0103!&#8230;<\/p>\n<p>5. \u00cen veci Te m\u00e2nii Tu pe noi<br \/>\n\u0219i-\u021ai vei lungi urgia?<br \/>\n6. \u0218i oare nu ne vei mai da<br \/>\nTu iar\u0103\u0219i bucuria?<\/p>\n<p>7. Arat\u0103-ne din nou a Ta<br \/>\nNespus\u0103 \u00eendurare<br \/>\n\u0219i bun\u0103tatea Ta ne-o d\u0103<br \/>\ncu m\u00e2ntuirea-\u021ai mare.<\/p>\n<p>8. Eu tot ce zice Dumnezeu<br \/>\nVoi asculta \u0219i face,<br \/>\nC\u0103ci El vorbe\u0219te la ai Lui<br \/>\nDe dragoste \u0219i pace.<\/p>\n<p>Poporul S\u0103u \u0219i-ale\u0219ii Lui<br \/>\nAvea-vor bucurie,<br \/>\nO, numai ei de n-ar c\u0103dea<br \/>\nDin nou \u00een nebunie!<\/p>\n<p>9. Aproape-I bucuria Lui<br \/>\nDe c\u00e2\u021bi de El s-ar teme,<br \/>\nCa-n \u021bara noastr\u0103 slava Lui<br \/>\nS\u0103 fie-n orice vreme.<\/p>\n<p>10. Credincio\u0219ia va umbla<br \/>\nCu bun\u0103tatea bun\u0103,<br \/>\nDreptatea \u0219i cu pacea-\u0219i dau<br \/>\nS\u0103ruturi \u00eempreun\u0103.<\/p>\n<p>11. Credincio\u0219ia, din p\u0103m\u00e2nt,<br \/>\nFrumoas\u0103 se ive\u0219te<br \/>\nDreptatea de la \u00een\u0103l\u021bimi<br \/>\nCurat\u0103 ne prive\u0219te.<\/p>\n<p>12. \u0218i Domnul ne va da de-acum<br \/>\nDorita fericirre,<br \/>\nP\u0103m\u00e2ntul nostru \u00ee\u0219i va da<br \/>\nBel\u0219uguri de rodire.<\/p>\n<p>13. Dreptatea, \u0219i nainte-o fi,<br \/>\n\u0219i-n urm\u0103 o s\u0103 vie,<br \/>\npe urma pa\u0219ilor S\u0103i sfin\u021bi<br \/>\nc\u0103lc\u00e2nd pe ve\u0219nicie.<\/p>\n<p style=\"text-align: center;\">*<br \/>\n* *<\/p>\n<p>Cuvinte \u00een\u021belepte:<br \/>\n\u201eC\u00e2nd de la Nistru p\u00e2n\u0103 la Tisa, tot rom\u00e2nul se va hot\u0103r\u00ee \u00eempotriva p\u0103catelor, c\u00e2nd din Maramure\u0219 p\u00e2n\u0103 la Dun\u0103re \u0219i Marea Neagr\u0103, tot rom\u00e2nul se va aprinde de dorul \u0219i de dorin\u021ba s\u0103 tr\u0103iasc\u0103 o via\u021b\u0103 dup\u0103 Evanghelia lui Hristos, c\u00eend \u021bara aceasta se va umple de fronturi de osta\u0219i hot\u0103r\u00e2\u021bi de lupt\u0103 contra p\u0103catelor, c\u00e2nd vom cuceri a doua oar\u0103 aceast\u0103 \u021bar\u0103 pentru Evanghelia lui Hristos, atunci \u2013 \u0219i numai atunci \u2013 am asigurat pe veci viitorul acestei \u021b\u0103ri \u0219i al acestui neam!\u201c (Preot Iosif Trifa).<\/p>\n<p>Nu-i chemare mai \u00eenalt\u0103, mai frumoas\u0103 \u0219i cereasc\u0103<br \/>\nDec\u00e2t s\u0103-I aju\u021bi pe oameni libertatea s-o cunoasc\u0103<br \/>\n\u0219i s-o afle fericit\u0103, \u00een Iubire, pe vecie.<br \/>\n\u2013 Fiul meu iubit, f\u0103 totul pentru-aceast\u0103 bucurie!<\/p>\n<p>Fii statornic \u00een lucrarea unde-ai fost chemat de Sus,<br \/>\nCerul s\u0103 te ia de-acolo de-unde \u0219tie c\u0103 te-a pus!<\/p>\n","protected":false},"excerpt":{"rendered":"<p>Traian Dorz,\u00a0Hristos, Comoara Psalmilor Medita\u021bia zilei, 2 august: \u201eDa, m\u00e2ntuirea Lui este aproape\u00a0de cei ce se tem de El, pentru ca\u00a0\u00een \u0163ara noastr\u0103 s\u0103 locuiasc\u0103 slava\u201c (Psalmi 85, 9). Nu exist\u0103 nici un alt cet\u0103\u0163ean mai de pre\u0163 pentru o \u0163ar\u0103 dec\u00e2t cel cu adev\u0103rat credincios! Nici un alt fiu al unei patrii p\u0103m\u00e2nte\u015fti nu-i&nbsp;<\/p>\n<p><a class=\"btn btn-style\" href=\"https:\/\/comorinemuritoare.ro\/bLOGOS\/in-tara-noastra-sa-locuiasca-slava\/\">Continue Reading&#8230;<\/a><\/p>\n","protected":false},"author":1,"featured_media":0,"comment_status":"open","ping_status":"open","sticky":false,"template":"","format":"standard","meta":{"footnotes":""},"categories":[46],"tags":[],"class_list":["post-30355","post","type-post","status-publish","format-standard","hentry","category-meditatii"],"_links":{"self":[{"href":"https:\/\/comorinemuritoare.ro\/bLOGOS\/wp-json\/wp\/v2\/posts\/30355","targetHints":{"allow":["GET"]}}],"collection":[{"href":"https:\/\/comorinemuritoare.ro\/bLOGOS\/wp-json\/wp\/v2\/posts"}],"about":[{"href":"https:\/\/comorinemuritoare.ro\/bLOGOS\/wp-json\/wp\/v2\/types\/post"}],"author":[{"embeddable":true,"href":"https:\/\/comorinemuritoare.ro\/bLOGOS\/wp-json\/wp\/v2\/users\/1"}],"replies":[{"embeddable":true,"href":"https:\/\/comorinemuritoare.ro\/bLOGOS\/wp-json\/wp\/v2\/comments?post=30355"}],"version-history":[{"count":4,"href":"https:\/\/comorinemuritoare.ro\/bLOGOS\/wp-json\/wp\/v2\/posts\/30355\/revisions"}],"predecessor-version":[{"id":30388,"href":"https:\/\/comorinemuritoare.ro\/bLOGOS\/wp-json\/wp\/v2\/posts\/30355\/revisions\/30388"}],"wp:attachment":[{"href":"https:\/\/comorinemuritoare.ro\/bLOGOS\/wp-json\/wp\/v2\/media?parent=30355"}],"wp:term":[{"taxonomy":"category","embeddable":true,"href":"https:\/\/comorinemuritoare.ro\/bLOGOS\/wp-json\/wp\/v2\/categories?post=30355"},{"taxonomy":"post_tag","embeddable":true,"href":"https:\/\/comorinemuritoare.ro\/bLOGOS\/wp-json\/wp\/v2\/tags?post=30355"}],"curies":[{"name":"wp","href":"https:\/\/api.w.org\/{rel}","templated":true}]}}