{"id":31303,"date":"2023-09-09T07:57:02","date_gmt":"2023-09-09T10:57:02","guid":{"rendered":"http:\/\/comorinemuritoare.ro\/bLOGOS\/?p=31303"},"modified":"2023-09-09T08:36:32","modified_gmt":"2023-09-09T11:36:32","slug":"o-cum-sa-uit","status":"publish","type":"post","link":"https:\/\/comorinemuritoare.ro\/bLOGOS\/o-cum-sa-uit\/","title":{"rendered":"O, cum s\u0103 uit"},"content":{"rendered":"<p><strong>Traian Dorz<\/strong>, <em>C\u00e2nt\u0103ri noi<\/em><\/p>\n<p>O, cum s\u0103 uit, Iisuse, eu,<br \/>\no, cum s\u0103 uit c\u00e2t bine<br \/>\nadus-ai sufletului meu<br \/>\nc\u00e2nd Te-ai plecat spre mine?<br \/>\nUitat-am tot ce-am suferit,<br \/>\ndar nu uit niciodat\u0103<br \/>\ntot ce \u0162i-am dat<br \/>\n\u015fi ce-am primit<br \/>\n\u00een ziua neuitat\u0103;<br \/>\nIisuse-al meu, Iisus Iubit,<br \/>\n\u2013 \u00een ziua neuitat\u0103&#8230;<\/p>\n<p>O, cum s\u0103 uit ce har divin<br \/>\ns-a rev\u0103rsat \u00een mine,<br \/>\np\u0103rea c\u0103 mii de \u00eengeri vin<br \/>\n\u015fi zbor cu ei spre Tine,<br \/>\np\u0103rea c\u0103 mii de sori lucesc<br \/>\n\u015fi zarea-ntreag\u0103 c\u00e2nt\u0103,<br \/>\nc\u0103 mii de lumi s\u0103rb\u0103toresc<br \/>\nminunea mea cea sf\u00e2nt\u0103;<br \/>\n\u2013 Iisuse-al meu, Iisus Iubit,<br \/>\nminunea mea cea sf\u00e2nt\u0103&#8230;<\/p>\n<p>O, n-am s\u0103 uit, Iisus Iubit,<br \/>\nci-n Ve\u015fnicia toat\u0103<br \/>\nvoi pream\u0103ri necontenit<br \/>\niubirea-\u0162i minunat\u0103,<br \/>\nc\u0103-n clipa vie\u0163ii cea mai grea,<br \/>\nc\u00e2nd mi-a\u015fteptam pieirea,<br \/>\nai cununat cu via\u0163a mea<br \/>\nlumina \u015fi iubirea;<br \/>\n\u2013 Iisuse-al meu, Iisus Iubit,<br \/>\nlumina \u015fi iubirea&#8230;<\/p>\n","protected":false},"excerpt":{"rendered":"<p>Traian Dorz, C\u00e2nt\u0103ri noi O, cum s\u0103 uit, Iisuse, eu, o, cum s\u0103 uit c\u00e2t bine adus-ai sufletului meu c\u00e2nd Te-ai plecat spre mine? Uitat-am tot ce-am suferit, dar nu uit niciodat\u0103 tot ce \u0162i-am dat \u015fi ce-am primit \u00een ziua neuitat\u0103; Iisuse-al meu, Iisus Iubit, \u2013 \u00een ziua neuitat\u0103&#8230; O, cum s\u0103 uit ce&nbsp;<\/p>\n<p><a class=\"btn btn-style\" href=\"https:\/\/comorinemuritoare.ro\/bLOGOS\/o-cum-sa-uit\/\">Continue Reading&#8230;<\/a><\/p>\n","protected":false},"author":1,"featured_media":0,"comment_status":"open","ping_status":"open","sticky":false,"template":"","format":"standard","meta":{"footnotes":""},"categories":[1],"tags":[],"class_list":["post-31303","post","type-post","status-publish","format-standard","hentry","category-editorial"],"_links":{"self":[{"href":"https:\/\/comorinemuritoare.ro\/bLOGOS\/wp-json\/wp\/v2\/posts\/31303","targetHints":{"allow":["GET"]}}],"collection":[{"href":"https:\/\/comorinemuritoare.ro\/bLOGOS\/wp-json\/wp\/v2\/posts"}],"about":[{"href":"https:\/\/comorinemuritoare.ro\/bLOGOS\/wp-json\/wp\/v2\/types\/post"}],"author":[{"embeddable":true,"href":"https:\/\/comorinemuritoare.ro\/bLOGOS\/wp-json\/wp\/v2\/users\/1"}],"replies":[{"embeddable":true,"href":"https:\/\/comorinemuritoare.ro\/bLOGOS\/wp-json\/wp\/v2\/comments?post=31303"}],"version-history":[{"count":1,"href":"https:\/\/comorinemuritoare.ro\/bLOGOS\/wp-json\/wp\/v2\/posts\/31303\/revisions"}],"predecessor-version":[{"id":31304,"href":"https:\/\/comorinemuritoare.ro\/bLOGOS\/wp-json\/wp\/v2\/posts\/31303\/revisions\/31304"}],"wp:attachment":[{"href":"https:\/\/comorinemuritoare.ro\/bLOGOS\/wp-json\/wp\/v2\/media?parent=31303"}],"wp:term":[{"taxonomy":"category","embeddable":true,"href":"https:\/\/comorinemuritoare.ro\/bLOGOS\/wp-json\/wp\/v2\/categories?post=31303"},{"taxonomy":"post_tag","embeddable":true,"href":"https:\/\/comorinemuritoare.ro\/bLOGOS\/wp-json\/wp\/v2\/tags?post=31303"}],"curies":[{"name":"wp","href":"https:\/\/api.w.org\/{rel}","templated":true}]}}