{"id":3215,"date":"2012-08-05T17:50:06","date_gmt":"2012-08-05T20:50:06","guid":{"rendered":"http:\/\/comorinemuritoare.ro\/bLOGOS\/?p=3215"},"modified":"2012-08-05T19:34:11","modified_gmt":"2012-08-05T22:34:11","slug":"ce-grai-adanc","status":"publish","type":"post","link":"https:\/\/comorinemuritoare.ro\/bLOGOS\/ce-grai-adanc\/","title":{"rendered":"Ce grai ad\u00e2nc"},"content":{"rendered":"<p><a href=\"http:\/\/comorinemuritoare.ro\/bLOGOS\/wp-content\/uploads\/2012\/08\/8395_2-mausoleul-marasesti-8.jpg\"><img loading=\"lazy\" decoding=\"async\" class=\"alignright size-full wp-image-11400\" title=\"8395_2-mausoleul-marasesti-8\" src=\"http:\/\/comorinemuritoare.ro\/bLOGOS\/wp-content\/uploads\/2012\/08\/8395_2-mausoleul-marasesti-8.jpg\" alt=\"\" width=\"300\" height=\"400\" srcset=\"https:\/\/comorinemuritoare.ro\/bLOGOS\/wp-content\/uploads\/2012\/08\/8395_2-mausoleul-marasesti-8.jpg 300w, https:\/\/comorinemuritoare.ro\/bLOGOS\/wp-content\/uploads\/2012\/08\/8395_2-mausoleul-marasesti-8-225x300.jpg 225w\" sizes=\"auto, (max-width: 300px) 100vw, 300px\" \/><\/a><\/p>\n<p>Ce grai ad\u00e2nc au pentru noi<br \/>\n\u00eensemnele l\u0103sate<br \/>\nde-ai no\u015ftri sfin\u0163i martiri-eroi<br \/>\n\u00een urma lor, prin toate.<\/p>\n<p>Pe orice zid,<br \/>\npe orice lemn,<br \/>\npe orice col\u0163 de st\u00e2nc\u0103<br \/>\ne-un nume,<br \/>\nun r\u0103boj \u015fi-un semn<br \/>\nc-o tain\u0103-at\u00e2t de-ad\u00e2nc\u0103.<\/p>\n<p>C\u00e2nd treci prin timp<br \/>\n\u015fi \u015ftii s-ascul\u0163i<br \/>\no cale \u015fi-o f\u00e2nt\u00e2n\u0103<br \/>\n\u2013 auzi ce-\u0163i spun p\u0103rin\u0163ii mul\u0163i<br \/>\ndin cer \u015fi din \u0163\u0103r\u00e2n\u0103.<\/p>\n<p>Un glas de clopot dep\u0103rtat,<br \/>\no toac\u0103 ori o cruce<br \/>\nce timp \u015fi grai de mult uitat<br \/>\naminte \u00ee\u0163i aduce\u2026<!--more--><\/p>\n<p>Cum retr\u0103ie\u015fti \u00eentr-un minut<br \/>\nce mii de ani nainte<br \/>\n\u0163i-au tot l\u0103sat cei ce-au trecut<br \/>\nspre cer \u015fi spre morminte.<\/p>\n<p>Nu-i grai mai \u00een\u0163elept spre noi<br \/>\nca cel ce ni-l l\u0103sar\u0103<br \/>\n\u015fi-n lemn, \u015fi-n piatr\u0103-ace\u015fti eroi,<br \/>\n\u015fi-n sus, \u015fi-n jos pe \u0162ar\u0103.<\/p>\n<p><em><strong>Traian Dorz,<\/strong> Locurile nostre sfinte<\/em><\/p>\n","protected":false},"excerpt":{"rendered":"<p>Ce grai ad\u00e2nc au pentru noi \u00eensemnele l\u0103sate de-ai no\u015ftri sfin\u0163i martiri-eroi \u00een urma lor, prin toate. Pe orice zid, pe orice lemn, pe orice col\u0163 de st\u00e2nc\u0103 e-un nume, un r\u0103boj \u015fi-un semn c-o tain\u0103-at\u00e2t de-ad\u00e2nc\u0103. C\u00e2nd treci prin timp \u015fi \u015ftii s-ascul\u0163i o cale \u015fi-o f\u00e2nt\u00e2n\u0103 \u2013 auzi ce-\u0163i spun p\u0103rin\u0163ii mul\u0163i din&nbsp;<\/p>\n<p><a class=\"btn btn-style\" href=\"https:\/\/comorinemuritoare.ro\/bLOGOS\/ce-grai-adanc\/\">Continue Reading&#8230;<\/a><\/p>\n","protected":false},"author":1,"featured_media":0,"comment_status":"open","ping_status":"open","sticky":false,"template":"","format":"standard","meta":{"footnotes":""},"categories":[4],"tags":[],"class_list":["post-3215","post","type-post","status-publish","format-standard","hentry","category-poezii"],"_links":{"self":[{"href":"https:\/\/comorinemuritoare.ro\/bLOGOS\/wp-json\/wp\/v2\/posts\/3215","targetHints":{"allow":["GET"]}}],"collection":[{"href":"https:\/\/comorinemuritoare.ro\/bLOGOS\/wp-json\/wp\/v2\/posts"}],"about":[{"href":"https:\/\/comorinemuritoare.ro\/bLOGOS\/wp-json\/wp\/v2\/types\/post"}],"author":[{"embeddable":true,"href":"https:\/\/comorinemuritoare.ro\/bLOGOS\/wp-json\/wp\/v2\/users\/1"}],"replies":[{"embeddable":true,"href":"https:\/\/comorinemuritoare.ro\/bLOGOS\/wp-json\/wp\/v2\/comments?post=3215"}],"version-history":[{"count":0,"href":"https:\/\/comorinemuritoare.ro\/bLOGOS\/wp-json\/wp\/v2\/posts\/3215\/revisions"}],"wp:attachment":[{"href":"https:\/\/comorinemuritoare.ro\/bLOGOS\/wp-json\/wp\/v2\/media?parent=3215"}],"wp:term":[{"taxonomy":"category","embeddable":true,"href":"https:\/\/comorinemuritoare.ro\/bLOGOS\/wp-json\/wp\/v2\/categories?post=3215"},{"taxonomy":"post_tag","embeddable":true,"href":"https:\/\/comorinemuritoare.ro\/bLOGOS\/wp-json\/wp\/v2\/tags?post=3215"}],"curies":[{"name":"wp","href":"https:\/\/api.w.org\/{rel}","templated":true}]}}