{"id":32262,"date":"2026-02-11T16:01:17","date_gmt":"2026-02-11T19:01:17","guid":{"rendered":"https:\/\/comorinemuritoare.ro\/bLOGOS\/?p=32262"},"modified":"2026-02-10T19:42:43","modified_gmt":"2026-02-10T22:42:43","slug":"parintelui-iosif-2","status":"publish","type":"post","link":"https:\/\/comorinemuritoare.ro\/bLOGOS\/parintelui-iosif-2\/","title":{"rendered":"P\u0103rintelui Iosif"},"content":{"rendered":"<p><strong>Lidia Hamza<\/strong><\/p>\n<p>Tocmi\u021bi s\u0103rb\u0103toare cu ramuri umbroase,<br \/>\nS-ajung\u0103 la coarnele-altarului sf\u00e2nt,<br \/>\n\u00cen imnuri preasfinte \u0219i-acorduri duioase,<br \/>\nS-aducem ca jertf\u0103 un nou leg\u0103m\u00e2nt.<\/p>\n<p>Noi \u0219tim c\u0103, prin fronturi, mai sunt fra\u021bi ce poart\u0103<br \/>\nAcest duh dint\u00e2i p\u00e2n\u0103 azi neschimbat.<br \/>\nPe-ace\u0219tia ne cheam\u0103 la el s\u0103 ne-mpart\u0103<br \/>\nDin nou seva dulce-n izvor nesecat.<\/p>\n<p>Ne cheam\u0103 \u0219i-ntreab\u0103: p\u0103strar\u0103m noi oare \u2013<br \/>\nPe c\u00e2nd va s\u0103 vin\u0103, un ultim urma\u0219 \u2013<br \/>\nSolia l\u0103sat\u0103-n gr\u0103bita-i plecare<br \/>\nCu haina cea rupt\u0103 de aprig vr\u0103jma\u0219?<\/p>\n<p>Sau str\u00e2ns-am cu grij\u0103 \u0219i team\u0103 avutul<br \/>\nCe-nt\u00e2iul urma\u0219 ne l\u0103sase apoi:<br \/>\n\u0218i sabia sf\u00e2nt\u0103, \u0219i harfa, \u0219i scutul<br \/>\nDin care s\u0103 creasc\u0103 urma\u0219ii eroi?<\/p>\n<p>Da, \u0219tim c\u0103 mai sunt \u00eenc\u0103-n taini\u021be-ascunse<br \/>\nUitate pove\u021be, uitate c\u0103r\u0103ri\u2026<br \/>\nS\u0103-ntoarcem acuma cu inimi p\u0103trunse<br \/>\nDe dorul afl\u0103rii \u00eent\u00e2ii c\u0103r\u0103ri.<\/p>\n<p>Privi\u021bi c\u0103tre crucea Dumbr\u0103ii-n lumin\u0103,<br \/>\nCu chipul cel drag ce-i ad\u00e2nc d\u0103ltuit<br \/>\n\u00cen piatra cea alb\u0103. C\u0103ci fruntea-i senin\u0103<br \/>\nE cuibul acasei de noi mo\u0219tenit.<\/p>\n<p>C\u00e2ntarea \u0219i floarea, \u0219i lacrima cald\u0103,<br \/>\nSfio\u0219i \u0219i cu drag l\u00e2ng\u0103 cruce-aduc\u00e2nd,<br \/>\nNe fie lumina ce-n ochi ni se scald\u0103:<br \/>\nCredin\u021ba cea una pe steaguri purt\u00e2nd.<\/p>\n<p>C\u00e2nd pa\u0219ii ne poart\u0103 din nou spre cetatea<br \/>\nAceluia care ne-a vrut str\u00e2ns lega\u021bi,<br \/>\nS\u0103 fie-ntr-un duh \u0219i-ntr-un g\u00e2nd unitatea<br \/>\nCredin\u021bei \u0219i dragostei noastre de fra\u021bi.<\/p>\n<p>Un dor s\u0103 ne-adune pe to\u021bi \u0219i-o chemare<br \/>\n\u0218i-o m\u00e2n\u0103 de frate pe coarne la plug,<br \/>\n\u0218i doruri, acelea\u0219i din piept s\u0103 ne zboare<br \/>\nCa rod \u00een hambare s-avem din bel\u0219ug.<\/p>\n<p>A\u0219a s\u0103 ne fie umblarea prin lume,<br \/>\nA\u0219a \u0219i venirea aici, la morm\u00e2nt!<br \/>\nCa flamura Oastei cu Sf\u00e2ntul ei nume<br \/>\nUrma\u0219ii s-o poarte spre culmi cu av\u00e2nt.<\/p>\n","protected":false},"excerpt":{"rendered":"<p>Lidia Hamza Tocmi\u021bi s\u0103rb\u0103toare cu ramuri umbroase, S-ajung\u0103 la coarnele-altarului sf\u00e2nt, \u00cen imnuri preasfinte \u0219i-acorduri duioase, S-aducem ca jertf\u0103 un nou leg\u0103m\u00e2nt. Noi \u0219tim c\u0103, prin fronturi, mai sunt fra\u021bi ce poart\u0103 Acest duh dint\u00e2i p\u00e2n\u0103 azi neschimbat. Pe-ace\u0219tia ne cheam\u0103 la el s\u0103 ne-mpart\u0103 Din nou seva dulce-n izvor nesecat. Ne cheam\u0103 \u0219i-ntreab\u0103: p\u0103strar\u0103m&nbsp;<\/p>\n<p><a class=\"btn btn-style\" href=\"https:\/\/comorinemuritoare.ro\/bLOGOS\/parintelui-iosif-2\/\">Continue Reading&#8230;<\/a><\/p>\n","protected":false},"author":1,"featured_media":0,"comment_status":"open","ping_status":"open","sticky":false,"template":"","format":"standard","meta":{"footnotes":""},"categories":[1],"tags":[],"class_list":["post-32262","post","type-post","status-publish","format-standard","hentry","category-editorial"],"_links":{"self":[{"href":"https:\/\/comorinemuritoare.ro\/bLOGOS\/wp-json\/wp\/v2\/posts\/32262","targetHints":{"allow":["GET"]}}],"collection":[{"href":"https:\/\/comorinemuritoare.ro\/bLOGOS\/wp-json\/wp\/v2\/posts"}],"about":[{"href":"https:\/\/comorinemuritoare.ro\/bLOGOS\/wp-json\/wp\/v2\/types\/post"}],"author":[{"embeddable":true,"href":"https:\/\/comorinemuritoare.ro\/bLOGOS\/wp-json\/wp\/v2\/users\/1"}],"replies":[{"embeddable":true,"href":"https:\/\/comorinemuritoare.ro\/bLOGOS\/wp-json\/wp\/v2\/comments?post=32262"}],"version-history":[{"count":1,"href":"https:\/\/comorinemuritoare.ro\/bLOGOS\/wp-json\/wp\/v2\/posts\/32262\/revisions"}],"predecessor-version":[{"id":32263,"href":"https:\/\/comorinemuritoare.ro\/bLOGOS\/wp-json\/wp\/v2\/posts\/32262\/revisions\/32263"}],"wp:attachment":[{"href":"https:\/\/comorinemuritoare.ro\/bLOGOS\/wp-json\/wp\/v2\/media?parent=32262"}],"wp:term":[{"taxonomy":"category","embeddable":true,"href":"https:\/\/comorinemuritoare.ro\/bLOGOS\/wp-json\/wp\/v2\/categories?post=32262"},{"taxonomy":"post_tag","embeddable":true,"href":"https:\/\/comorinemuritoare.ro\/bLOGOS\/wp-json\/wp\/v2\/tags?post=32262"}],"curies":[{"name":"wp","href":"https:\/\/api.w.org\/{rel}","templated":true}]}}