{"id":3640,"date":"2013-08-17T06:00:57","date_gmt":"2013-08-17T09:00:57","guid":{"rendered":"http:\/\/comorinemuritoare.ro\/bLOGOS\/?p=3640"},"modified":"2013-08-17T08:17:54","modified_gmt":"2013-08-17T11:17:54","slug":"iisuse-painea-vietii","status":"publish","type":"post","link":"https:\/\/comorinemuritoare.ro\/bLOGOS\/iisuse-painea-vietii\/","title":{"rendered":"Iisuse, P\u00e2inea Vie\u0163ii"},"content":{"rendered":"<p><em><strong>Traian Dorz<\/strong><\/em><\/p>\n<p><a href=\"http:\/\/comorinemuritoare.ro\/bLOGOS\/wp-content\/uploads\/2010\/07\/inmultirea-painilor2.jpg\"><img loading=\"lazy\" decoding=\"async\" class=\"alignright size-full wp-image-3641\" title=\"inmultirea-painilor2\" alt=\"\" src=\"http:\/\/comorinemuritoare.ro\/bLOGOS\/wp-content\/uploads\/2010\/07\/inmultirea-painilor2.jpg\" width=\"179\" height=\"352\" srcset=\"https:\/\/comorinemuritoare.ro\/bLOGOS\/wp-content\/uploads\/2010\/07\/inmultirea-painilor2.jpg 200w, https:\/\/comorinemuritoare.ro\/bLOGOS\/wp-content\/uploads\/2010\/07\/inmultirea-painilor2-153x300.jpg 153w\" sizes=\"auto, (max-width: 179px) 100vw, 179px\" \/><\/a>Iisuse, P\u00e2inea Vie\u0163ii<br \/>\n\u015fi Mana cea din Cer,<br \/>\npl\u00e2ng\u00e2nd Te cheam\u0103 bie\u0163ii<br \/>\nce-n pl\u00e2ns \u015fi-n foame pier.<\/p>\n<p>\u00cen lumea de p\u0103cate<br \/>\n\u015fi-nconjura\u0163i de r\u0103u,<br \/>\nfl\u0103m\u00e2nzii de dreptate<br \/>\nse sting de dorul T\u0103u.<\/p>\n<p>\u015ei gem \u00eentr-o pustie<br \/>\nde lipsuri \u015fi nevoi,<br \/>\nIisuse, Man\u0103 Vie,<br \/>\ncoboar\u0103-Te-ntre noi.<\/p>\n<p>Tu po\u0163i s\u0103 saturi bie\u0163ii<br \/>\n\u00eenfometa\u0163i ce pier,<br \/>\no, Sf\u00e2nt\u0103 P\u00e2ine-a Vie\u0163ii<br \/>\n\u015fi Mana cea din Cer!<\/p>\n","protected":false},"excerpt":{"rendered":"<p>Traian Dorz Iisuse, P\u00e2inea Vie\u0163ii \u015fi Mana cea din Cer, pl\u00e2ng\u00e2nd Te cheam\u0103 bie\u0163ii ce-n pl\u00e2ns \u015fi-n foame pier. \u00cen lumea de p\u0103cate \u015fi-nconjura\u0163i de r\u0103u, fl\u0103m\u00e2nzii de dreptate se sting de dorul T\u0103u. \u015ei gem \u00eentr-o pustie de lipsuri \u015fi nevoi, Iisuse, Man\u0103 Vie, coboar\u0103-Te-ntre noi. Tu po\u0163i s\u0103 saturi bie\u0163ii \u00eenfometa\u0163i ce pier,&nbsp;<\/p>\n<p><a class=\"btn btn-style\" href=\"https:\/\/comorinemuritoare.ro\/bLOGOS\/iisuse-painea-vietii\/\">Continue Reading&#8230;<\/a><\/p>\n","protected":false},"author":1,"featured_media":0,"comment_status":"open","ping_status":"open","sticky":false,"template":"","format":"standard","meta":{"footnotes":""},"categories":[4],"tags":[],"class_list":["post-3640","post","type-post","status-publish","format-standard","hentry","category-poezii"],"_links":{"self":[{"href":"https:\/\/comorinemuritoare.ro\/bLOGOS\/wp-json\/wp\/v2\/posts\/3640","targetHints":{"allow":["GET"]}}],"collection":[{"href":"https:\/\/comorinemuritoare.ro\/bLOGOS\/wp-json\/wp\/v2\/posts"}],"about":[{"href":"https:\/\/comorinemuritoare.ro\/bLOGOS\/wp-json\/wp\/v2\/types\/post"}],"author":[{"embeddable":true,"href":"https:\/\/comorinemuritoare.ro\/bLOGOS\/wp-json\/wp\/v2\/users\/1"}],"replies":[{"embeddable":true,"href":"https:\/\/comorinemuritoare.ro\/bLOGOS\/wp-json\/wp\/v2\/comments?post=3640"}],"version-history":[{"count":0,"href":"https:\/\/comorinemuritoare.ro\/bLOGOS\/wp-json\/wp\/v2\/posts\/3640\/revisions"}],"wp:attachment":[{"href":"https:\/\/comorinemuritoare.ro\/bLOGOS\/wp-json\/wp\/v2\/media?parent=3640"}],"wp:term":[{"taxonomy":"category","embeddable":true,"href":"https:\/\/comorinemuritoare.ro\/bLOGOS\/wp-json\/wp\/v2\/categories?post=3640"},{"taxonomy":"post_tag","embeddable":true,"href":"https:\/\/comorinemuritoare.ro\/bLOGOS\/wp-json\/wp\/v2\/tags?post=3640"}],"curies":[{"name":"wp","href":"https:\/\/api.w.org\/{rel}","templated":true}]}}