{"id":378,"date":"2009-11-20T08:40:56","date_gmt":"2009-11-20T11:40:56","guid":{"rendered":"http:\/\/comorinemuritoare.ro\/bLOGOS\/?p=378"},"modified":"2009-12-01T08:46:33","modified_gmt":"2009-12-01T11:46:33","slug":"378","status":"publish","type":"post","link":"https:\/\/comorinemuritoare.ro\/bLOGOS\/378\/","title":{"rendered":""},"content":{"rendered":"<p style=\"text-align: center;\"><strong>\u00cen aceast\u0103 lun\u0103, \u00een ziua a dou\u0103zeci \u015fi una, Intrarea \u00een Templu a Preasfintei St\u0103p\u00e2nei noastre<br \/>\nde Dumnezeu N\u0103sc\u0103toarei \u015fi pururea Fecioarei Maria<\/strong><\/p>\n<p style=\"text-align: left;\"><img loading=\"lazy\" decoding=\"async\" class=\"aligncenter size-full wp-image-377\" title=\"Intrarea-in-Biserica-a-Maicii-Domnului\" src=\"http:\/\/comorinemuritoare.ro\/bLOGOS\/wp-content\/uploads\/2009\/12\/Intrarea-in-Biserica-a-Maicii-Domnului.jpg\" alt=\"Intrarea-in-Biserica-a-Maicii-Domnului\" width=\"544\" height=\"738\" srcset=\"https:\/\/comorinemuritoare.ro\/bLOGOS\/wp-content\/uploads\/2009\/12\/Intrarea-in-Biserica-a-Maicii-Domnului.jpg 600w, https:\/\/comorinemuritoare.ro\/bLOGOS\/wp-content\/uploads\/2009\/12\/Intrarea-in-Biserica-a-Maicii-Domnului-221x300.jpg 221w\" sizes=\"auto, (max-width: 544px) 100vw, 544px\" \/><br \/>\nIntrarea \u00een Templul legii a Doamnei de Dumnezeu N\u0103sc\u0103toarei a pricinuit ortodoc\u015filor cre\u015ftini praznic minunat \u015fi a toat\u0103 lumea. Fiindc\u0103 s-a f\u0103cut aceasta \u00eentr-un chip minunat \u015fi este \u00eenainte-merg\u0103toare a marii \u015fi minunatei taine a \u00eentrup\u0103rii Cuv\u00e2ntului lui Dumnezeu, care avea a se face \u00een lume prin mijlocirea N\u0103sc\u0103toarei de Dumnezeu. Deci praznicul Intr\u0103rii s-a \u00eenceput din pricina aceasta: Ana cea pururea pomenit\u0103, fiindc\u0103 mai toat\u0103 via\u0163a a petrecut-o stearp\u0103 f\u0103r\u0103 s\u0103 nasc\u0103 prunc, ruga \u00eempreuna cu b\u0103rbatul s\u0103u Ioachim pe St\u0103p\u00e2nul firii, ca s\u0103 le d\u0103ruiasc\u0103 lor prunc, \u015fi f\u0103g\u0103duindu-se ca, dac\u0103 vor c\u00e2\u015ftiga dorirea, \u00eendat\u0103 vor afierosi lui Dumnezeu pe pruncul cel n\u0103scut. \u015ei a\u015fa a n\u0103scut pe ceea ce s-a f\u0103cut pricina m\u00e2ntuirii neamului omenesc, pe \u00eemp\u0103c\u0103toarea \u015fi \u00eemprietenitoarea lui Dumnezeu cu oamenii, pe pricina \u00eennoirii de a doua oar\u0103 a lui Adam cel c\u0103zut \u015fi a scul\u0103rii \u015fi a \u00eendumnezeirii lui, pe Preasf\u00e2nta St\u0103p\u00e2n\u0103 de Dumnezeu N\u0103sc\u0103toare Maria.<!--more--><\/p>\n<p>C\u00e2nd a fost de trei ani, au luat-o p\u0103rin\u0163ii ei \u015fi au adus-o pe ea \u00een ziua de ast\u0103zi \u00een Templu. \u015ei plinindu-\u015fi f\u0103g\u0103duin\u0163a au afierosit pe fiica lor lui Dumnezeu celui ce le-a d\u0103ruit-o; \u015fi au dat-o pe ea preo\u0163ilor \u015fi mai ales lui Zaharia, arhiereului celui de atunci. Acesta lu\u00e2nd-o pe ea, a adus-o \u00een cele mai din\u0103untru ale Templului, unde numai singur arhiereul o dat\u0103 pe an intra. \u015ei aceasta a f\u0103cut-o dup\u0103 voin\u0163a lui Dumnezeu Celui ce dup\u0103 pu\u0163in avea a Se na\u015fte dintr-\u00eensa spre \u00eendreptarea \u015fi m\u00e2ntuirea lumii. Deci acolo a r\u0103mas Fecioara doisprezece ani, cu rar\u0103 cuviin\u0163\u0103, hr\u0103nit\u0103 cu hran\u0103 cereasc\u0103 de c\u0103tre Arhanghelul Gavriil. \u00cenvrednicindu-se \u015fi dumnezeie\u015ftii ar\u0103t\u0103ri, p\u00e2n\u0103 ce s-a apropiat vremea dumnezeie\u015ftii Bunei Vestiri \u015fi a descoperirilor celor cere\u015fti \u015fi mai presus de fire care i s-au ar\u0103tat ei. C\u0103 a binevoit Dumnezeu a Se \u00eentrupa dintr-\u00eensa pentru iubirea de oameni, ca s\u0103 \u00eennoiasc\u0103 de a doua oar\u0103 lumea cea stricat\u0103 prin p\u0103cat. Atunci N\u0103sc\u0103toarea de Dumnezeu, ie\u015find din Sfintele Sfintelor, a fost dat\u0103 lui Iosif logodnicului, ca acela s\u0103-i fie p\u0103zitor \u015fi martor al fecioriei ei \u015fi ca s\u0103 slujeasc\u0103, at\u00e2t la na\u015fterea ei cea mai presus de fire, c\u00e2t \u015fi la fuga ei cea \u00een Egipt \u015fi la \u00eentoarcerea cea de acolo \u00een p\u0103m\u00e2ntul lui Israel<\/p>\n","protected":false},"excerpt":{"rendered":"<p>\u00cen aceast\u0103 lun\u0103, \u00een ziua a dou\u0103zeci \u015fi una, Intrarea \u00een Templu a Preasfintei St\u0103p\u00e2nei noastre de Dumnezeu N\u0103sc\u0103toarei \u015fi pururea Fecioarei Maria Intrarea \u00een Templul legii a Doamnei de Dumnezeu N\u0103sc\u0103toarei a pricinuit ortodoc\u015filor cre\u015ftini praznic minunat \u015fi a toat\u0103 lumea. Fiindc\u0103 s-a f\u0103cut aceasta \u00eentr-un chip minunat \u015fi este \u00eenainte-merg\u0103toare a marii \u015fi&nbsp;<\/p>\n<p><a class=\"btn btn-style\" href=\"https:\/\/comorinemuritoare.ro\/bLOGOS\/378\/\">Continue Reading&#8230;<\/a><\/p>\n","protected":false},"author":1,"featured_media":0,"comment_status":"open","ping_status":"open","sticky":false,"template":"","format":"standard","meta":{"footnotes":""},"categories":[17,14],"tags":[],"class_list":["post-378","post","type-post","status-publish","format-standard","hentry","category-patericale","category-slujirea"],"_links":{"self":[{"href":"https:\/\/comorinemuritoare.ro\/bLOGOS\/wp-json\/wp\/v2\/posts\/378","targetHints":{"allow":["GET"]}}],"collection":[{"href":"https:\/\/comorinemuritoare.ro\/bLOGOS\/wp-json\/wp\/v2\/posts"}],"about":[{"href":"https:\/\/comorinemuritoare.ro\/bLOGOS\/wp-json\/wp\/v2\/types\/post"}],"author":[{"embeddable":true,"href":"https:\/\/comorinemuritoare.ro\/bLOGOS\/wp-json\/wp\/v2\/users\/1"}],"replies":[{"embeddable":true,"href":"https:\/\/comorinemuritoare.ro\/bLOGOS\/wp-json\/wp\/v2\/comments?post=378"}],"version-history":[{"count":0,"href":"https:\/\/comorinemuritoare.ro\/bLOGOS\/wp-json\/wp\/v2\/posts\/378\/revisions"}],"wp:attachment":[{"href":"https:\/\/comorinemuritoare.ro\/bLOGOS\/wp-json\/wp\/v2\/media?parent=378"}],"wp:term":[{"taxonomy":"category","embeddable":true,"href":"https:\/\/comorinemuritoare.ro\/bLOGOS\/wp-json\/wp\/v2\/categories?post=378"},{"taxonomy":"post_tag","embeddable":true,"href":"https:\/\/comorinemuritoare.ro\/bLOGOS\/wp-json\/wp\/v2\/tags?post=378"}],"curies":[{"name":"wp","href":"https:\/\/api.w.org\/{rel}","templated":true}]}}