{"id":4342,"date":"2015-11-03T17:08:11","date_gmt":"2015-11-03T20:08:11","guid":{"rendered":"http:\/\/comorinemuritoare.ro\/bLOGOS\/?p=4342"},"modified":"2015-11-06T18:12:51","modified_gmt":"2015-11-06T21:12:51","slug":"4342","status":"publish","type":"post","link":"https:\/\/comorinemuritoare.ro\/bLOGOS\/4342\/","title":{"rendered":"[ Bucuria voastr\u0103 se va preface \u00een jale&#8230; ]"},"content":{"rendered":"<p style=\"padding-left: 60px;\"><em><span style=\"color: #ad0000;\">\u2013 Am terminat! S\u0103 \u015ftii c\u0103 oriunde ve\u0163i mai fi g\u0103si\u0163i aduna\u0163i, fie doi-trei, fie dou\u0103-trei mii, ve\u0163i fi imediat aresta\u0163i \u015fi bucuria voastr\u0103 se va preface \u00een jale. Ai \u00een\u0163eles? Eu voi nimici Oastea Domnului, vei vedea! Po\u0163i s\u0103 pleci!<br \/>\n[&#8230;] Abia ie\u015fit \u00een strad\u0103 \u015fi v\u0103z\u00e2nd pe frontispiciul cl\u0103dirii tablourile conduc\u0103torilor statului, mi se f\u0103cu lumin\u0103, recunosc\u00e2ndu-l. Fusese <strong>Alexandru Dr\u0103ghici<\/strong>, ministrul de Interne&#8230;<\/span><\/em><a href=\"http:\/\/comorinemuritoare.ro\/bLOGOS\/wp-content\/uploads\/2010\/11\/TraianDorz_111.jpg\"><img loading=\"lazy\" decoding=\"async\" class=\"alignright size-full wp-image-4349\" title=\"TraianDorz_111\" src=\"http:\/\/comorinemuritoare.ro\/bLOGOS\/wp-content\/uploads\/2010\/11\/TraianDorz_111.jpg\" alt=\"\" width=\"183\" height=\"440\" \/><\/a><br \/>\n<em><span style=\"color: #ad0000;\"> Niciodat\u0103 nu mi-a p\u0103rut bine de r\u0103ul nim\u0103nui, dar c\u00e2nd, peste c\u00e2\u0163iva ani, i-a venit \u015fi lui r\u00e2ndul s\u0103 cad\u0103 \u2013 precum \u00eei vine odat\u0103 fiec\u0103ruia \u2013 mi-am adus aminte de amenin\u0163area lui plin\u0103 de trufie \u015fi de ur\u0103, din <strong>4 noiembrie 1958, c\u00e2nd a zis: \u201eEu voi nimici Oastea Domnului, vei vedea!\u201c<\/strong> \u015ei iat\u0103 acum cum Domnul l-a nimicit pe el!<\/span><\/em><\/p>\n<p style=\"text-align: justify;\">\u00cen <strong>4 noiembrie <\/strong>m-am pomenit cu o telegram\u0103: \u201eVino imediat la Bucure\u015fti!\u201c&#8230; Nu era semnat\u0103 de nimeni. Am \u00een\u0163eles c\u0103 era de la Interne.<br \/>\nLa cobor\u00e2rea din tren eram a\u015fteptat de \u015feful de la Minister. M-a luat \u00eentr-o ma\u015fin\u0103 \u015fi m-a dus direct la Ministerul de Interne. Iar pe coridoare, iar pe sc\u0103ri, pe ascensoare, cu ochii acoperi\u0163i, p\u00e2n\u0103 ce am ajuns \u00een fa\u0163a unei u\u015fi.<br \/>\nC\u00e2nd mi s-au luat ochelarii negri eram \u00eentr-un birou cum nu mai v\u0103zusem niciodat\u0103 de c\u00e2nd umblam prin labirintul acesta. Nici la patriarh, nici la pre\u015fedintele Departamentului. Era totul \u00eembr\u0103cat numai \u00een covoare stacojii. Pe jos, pe pere\u0163i, pe mobilier, peste tot. La mas\u0103, un b\u0103rbat voinic \u015fi puternic, \u00eentr-o c\u0103ma\u015f\u0103 gri str\u0103lucitoare. Mi s-a p\u0103rut cunoscut de undeva.<br \/>\n\u2013 Dezbrac\u0103-\u0163i paltonul \u015fi stai! mi-a poruncit aspru.<br \/>\nM-am supus. Aici trebuie s\u0103 execu\u0163i totul f\u0103r\u0103 nici un cuv\u00e2nt. Am pus paltonul \u00eens\u0103 nu \u00een cuier, ci l\u00e2ng\u0103 mine, pe spatele unui divan, pe care nu m-am a\u015fezat. Am r\u0103mas \u00een picioare, ca \u00een fa\u0163a unei personalit\u0103\u0163i cu totul deosebite, \u00eentr-un moment cu totul deosebit.<br \/>\n\u2013 Te-am chemat, zise el, privindu-m\u0103 \u00eencruntat, ca s\u0103-\u0163i pun \u00een vedere pentru ultima dat\u0103 \u015fi \u00een modul cel mai clar, s\u0103 nu mai cere\u0163i, s\u0103 nu mai spera\u0163i \u015fi s\u0103 nu mai umbla\u0163i dup\u0103 nici o legalizare! Sunte\u0163i ni\u015fte reac\u0163ionari, ni\u015fte elemente recalcitrante \u015fi to\u0163i ave\u0163i numai o atitudine du\u015fm\u0103noas\u0103 fa\u0163\u0103 de ordinea social\u0103 existent\u0103 \u00een \u0163ara noastr\u0103. Vi s-a pus \u00een vedere s\u0103 nu v\u0103 mai aduna\u0163i \u2013 dar a\u0163i continuat. Vi s-a pus \u00een vedere s\u0103 nu mai face\u0163i nici o propagand\u0103 \u00een r\u00e2ndurile tineretului \u2013 dar voi face\u0163i congrese ale tineretului pe \u0163ar\u0103. Vi s-a pus \u00een vedere s\u0103 nu v\u0103 mai deplasa\u0163i dintr-o parte a \u0163\u0103rii \u00een alta \u2013 dar voi pune\u0163i toat\u0103 \u0163ara pe drumuri. Nu l\u0103sa\u0163i tineretul la \u015fcoal\u0103, nu l\u0103sa\u0163i oamenii s\u0103-\u015fi vad\u0103 de serviciu, umbla\u0163i numai s\u0103 tulbura\u0163i \u015fi s\u0103 agita\u0163i lumea. Asta face\u0163i!<!--more--><br \/>\n\u2013 V\u0103 rog, am \u00eencercat eu cu un ton c\u00e2t se poate de respectuos \u015fi supus, eu nu \u015ftiu cu cine vorbesc, de aceea nu \u015ftiu nici cum s\u0103 m\u0103 adresez, dar cred c\u0103 Domnia Voastr\u0103 \u015fti\u0163i bine c\u0103 noi nu suntem a\u015fa cum ne \u00eenvinui\u0163i.<br \/>\n\u2013 Cum nu sunte\u0163i a\u015fa? se r\u0103sti el furios la mine. Dar ce \u00eenseamn\u0103 toat\u0103 larma asta pe care o face\u0163i pe acolo, pe la Cluj? Congresul tineretului, ha? Ce \u00eenseamn\u0103 asta, spune, nu atitudine du\u015fm\u0103noas\u0103?<br \/>\n\u2013 Nu noi am f\u0103cut asta!<br \/>\n\u2013 Am terminat! S\u0103 \u015ftii c\u0103 oriunde ve\u0163i mai fi g\u0103si\u0163i aduna\u0163i, fie doi-trei, fie dou\u0103-trei mii, ve\u0163i fi imediat aresta\u0163i \u015fi bucuria voastr\u0103 se va preface \u00een jale. Ai \u00een\u0163eles? Eu voi nimici Oastea Domnului, vei vedea! Po\u0163i s\u0103 pleci!<br \/>\n\u2013 Domnia Voastr\u0103 pute\u0163i face orice vre\u0163i, \u00eendr\u0103znii eu, lu\u00e2ndu-mi paltonul de pe spatele divanului, dar c\u00e2nd ve\u0163i lua aceste m\u0103suri \u00eempotriva noastr\u0103 s\u0103 \u015fti\u0163i c\u0103 ve\u0163i lovi pe cei mai nevinova\u0163i, mai supu\u015fi \u015fi mai con\u015ftiincio\u015fi dintre to\u0163i cet\u0103\u0163enii acestei \u0163\u0103ri. Noi am c\u0103utat sincer o legalizare.<br \/>\n\u2013 Am terminat! zise el ap\u0103s\u00e2nd pe un buton din cele de pe birou.<br \/>\n\u2013 S\u0103 tr\u0103i\u0163i! terminai \u015fi eu, \u00eendrept\u00e2ndu-m\u0103 spre cel care \u00eemi f\u0103cea semn din u\u015f\u0103, cu ochelarii, s\u0103 ies.<br \/>\nAjuns afar\u0103, tot timpul \u00eemi fr\u0103m\u00e2ntam mintea cu \u00eentrebarea: unde l-am mai v\u0103zut eu pe omul acesta? \u00cemi p\u0103rea a\u015fa de cunoscut, dar nu \u015ftiam de unde. Abia ie\u015fit \u00een strad\u0103 \u015fi v\u0103z\u00e2nd pe frontispiciul cl\u0103dirii tablourile conduc\u0103torilor statului, mi se f\u0103cu lumin\u0103, recunosc\u00e2ndu-l.<br \/>\nFusese Alexandru Dr\u0103ghici, ministrul de Interne&#8230;<\/p>\n<p>Niciodat\u0103 nu mi-a p\u0103rut bine de r\u0103ul nim\u0103nui, dar c\u00e2nd, peste c\u00e2\u0163iva ani, i a venit \u015fi lui r\u00e2ndul s\u0103 cad\u0103 \u2013 precum \u00eei vine odat\u0103 fiec\u0103ruia \u2013 mi-am adus aminte de amenin\u0163area lui plin\u0103 de trufie \u015fi de ur\u0103, din 4 noiembrie 1958, c\u00e2nd a zis: \u201eEu voi nimici Oastea Domnului, vei vedea!\u201c<br \/>\n\u015ei iat\u0103 acum cum Domnul l-a nimicit pe el!<br \/>\nCe frumos scrie \u00een Psalmul 2: \u201eCel ce \u015fade \u00een ceruri r\u00e2de de amenin\u0163area lor. Domnul \u00ce\u015fi bate joc de ei&#8230;\u201c<br \/>\nCe frumos ar fi dac\u0103 cineva s-ar g\u00e2ndi s\u0103 str\u00e2ng\u0103 din toat\u0103 Biblia \u015fi din toat\u0103 istoria dovezile \u015fi exemplele, c\u00e2te se pot \u015fti, despre felul cum a \u015ftiut Dumnezeu s\u0103 r\u00e2d\u0103 \u015fi s\u0103-\u015ei bat\u0103 joc de cei care s-au ridicat direct \u00eempotriva Lui. Dac\u0103 vreodat\u0103 se va g\u0103si cineva s\u0103 fac\u0103 aceasta, tare mult a\u015f dori eu ca el s\u0103 nu l uite atunci nici pe acest Alexandru Dr\u0103ghici! S\u0103-l treac\u0103 \u015fi pe el \u00eentre ei.<\/p>\n<p style=\"text-align: right;\"><em><a href=\"http:\/\/www.comorinemuritoare.ro\/biblioteca\/Fr-Traian-Dorz\/\" target=\"_blank\"><em><strong>Traian DORZ<\/strong>, din \u00abHRISTOS \u2013 M\u0102RTURIA MEA\u00bb<\/em><\/a><\/em><\/p>\n","protected":false},"excerpt":{"rendered":"<p>\u2013 Am terminat! S\u0103 \u015ftii c\u0103 oriunde ve\u0163i mai fi g\u0103si\u0163i aduna\u0163i, fie doi-trei, fie dou\u0103-trei mii, ve\u0163i fi imediat aresta\u0163i \u015fi bucuria voastr\u0103 se va preface \u00een jale. Ai \u00een\u0163eles? Eu voi nimici Oastea Domnului, vei vedea! Po\u0163i s\u0103 pleci! [&#8230;] Abia ie\u015fit \u00een strad\u0103 \u015fi v\u0103z\u00e2nd pe frontispiciul cl\u0103dirii tablourile conduc\u0103torilor statului, mi&nbsp;<\/p>\n<p><a class=\"btn btn-style\" href=\"https:\/\/comorinemuritoare.ro\/bLOGOS\/4342\/\">Continue Reading&#8230;<\/a><\/p>\n","protected":false},"author":1,"featured_media":0,"comment_status":"open","ping_status":"open","sticky":false,"template":"","format":"standard","meta":{"footnotes":""},"categories":[12],"tags":[],"class_list":["post-4342","post","type-post","status-publish","format-standard","hentry","category-mrturii"],"_links":{"self":[{"href":"https:\/\/comorinemuritoare.ro\/bLOGOS\/wp-json\/wp\/v2\/posts\/4342","targetHints":{"allow":["GET"]}}],"collection":[{"href":"https:\/\/comorinemuritoare.ro\/bLOGOS\/wp-json\/wp\/v2\/posts"}],"about":[{"href":"https:\/\/comorinemuritoare.ro\/bLOGOS\/wp-json\/wp\/v2\/types\/post"}],"author":[{"embeddable":true,"href":"https:\/\/comorinemuritoare.ro\/bLOGOS\/wp-json\/wp\/v2\/users\/1"}],"replies":[{"embeddable":true,"href":"https:\/\/comorinemuritoare.ro\/bLOGOS\/wp-json\/wp\/v2\/comments?post=4342"}],"version-history":[{"count":0,"href":"https:\/\/comorinemuritoare.ro\/bLOGOS\/wp-json\/wp\/v2\/posts\/4342\/revisions"}],"wp:attachment":[{"href":"https:\/\/comorinemuritoare.ro\/bLOGOS\/wp-json\/wp\/v2\/media?parent=4342"}],"wp:term":[{"taxonomy":"category","embeddable":true,"href":"https:\/\/comorinemuritoare.ro\/bLOGOS\/wp-json\/wp\/v2\/categories?post=4342"},{"taxonomy":"post_tag","embeddable":true,"href":"https:\/\/comorinemuritoare.ro\/bLOGOS\/wp-json\/wp\/v2\/tags?post=4342"}],"curies":[{"name":"wp","href":"https:\/\/api.w.org\/{rel}","templated":true}]}}