{"id":4382,"date":"2011-11-06T03:58:51","date_gmt":"2011-11-06T06:58:51","guid":{"rendered":"http:\/\/comorinemuritoare.ro\/bLOGOS\/?p=4382"},"modified":"2011-11-06T14:47:31","modified_gmt":"2011-11-06T17:47:31","slug":"solia-mea","status":"publish","type":"post","link":"https:\/\/comorinemuritoare.ro\/bLOGOS\/solia-mea\/","title":{"rendered":"Solia mea"},"content":{"rendered":"<p><a href=\"http:\/\/comorinemuritoare.ro\/bLOGOS\/wp-content\/uploads\/2010\/11\/Ostas_2.jpg\"><img loading=\"lazy\" decoding=\"async\" class=\"alignright size-full wp-image-4386\" title=\"Ostas_2\" src=\"http:\/\/comorinemuritoare.ro\/bLOGOS\/wp-content\/uploads\/2010\/11\/Ostas_2.jpg\" alt=\"\" width=\"300\" height=\"434\" srcset=\"https:\/\/comorinemuritoare.ro\/bLOGOS\/wp-content\/uploads\/2010\/11\/Ostas_2.jpg 300w, https:\/\/comorinemuritoare.ro\/bLOGOS\/wp-content\/uploads\/2010\/11\/Ostas_2-207x300.jpg 207w\" sizes=\"auto, (max-width: 300px) 100vw, 300px\" \/><\/a>Solia mea, mai str\u00e2nge-\u0163i centura pe mijloc,<br \/>\nne-apropiem credin\u0163a de cel din urm\u0103 foc!<\/p>\n<p>A\u015faz\u0103-\u0163i bine coiful pe capul t\u0103u de-acum,<br \/>\nde ultima-ncercare ne-apropiem pe drum.<\/p>\n<p>Mai bine \u0163ine-\u0163i scutul \u015fi plato\u015fa mai drept,<br \/>\nvr\u0103jma\u015ful cel din urm\u0103 s\u0103-l birui piept la piept.<\/p>\n<p>Mai str\u00e2ns\u0103 \u0163ine-\u0163i spada s\u0103 nu gre\u015fe\u015fti cu ea<br \/>\nc\u00e2nd va veni-ncle\u015ftarea cea cr\u00e2ncen\u0103 \u015fi grea.<\/p>\n<p>Mai mut\u0103 str\u00e2nge-\u0163i gura un grai s\u0103 nu strecori<br \/>\nc\u00e2nd mai de pre\u0163 t\u0103cerea va fi de mii de ori.<\/p>\n<p>Picioarele \u0163i-\u00eencal\u0163\u0103 mai harnice \u015fi iu\u0163i<br \/>\nspre pa\u015fii cei din urm\u0103 datori la cei pierdu\u0163i.<\/p>\n<p>Gr\u0103be\u015fte spre Cuv\u00e2ntul cel \u00eenc\u0103 datorat<br \/>\n\u015fi nu-\u0163i da untdelemnul din candel\u0103-adunat.<\/p>\n<p>Prin cr\u00e2ncena-ncle\u015ftare te \u0163ine de \u015firag<br \/>\ncu inima-ndreptat\u0103 spre \u0163int\u0103 \u015fi spre steag.<\/p>\n<p>Primejdia din urm\u0103 cu bine dac-o treci,<br \/>\nsolia mea, chemarea \u0163i-ai \u00eemplinit pe veci!<\/p>\n<p><em><strong>Traian Dorz<\/strong>,<\/em> <em>C\u00e2nt\u0103ri de drum<\/em><\/p>\n","protected":false},"excerpt":{"rendered":"<p>Solia mea, mai str\u00e2nge-\u0163i centura pe mijloc, ne-apropiem credin\u0163a de cel din urm\u0103 foc! A\u015faz\u0103-\u0163i bine coiful pe capul t\u0103u de-acum, de ultima-ncercare ne-apropiem pe drum. Mai bine \u0163ine-\u0163i scutul \u015fi plato\u015fa mai drept, vr\u0103jma\u015ful cel din urm\u0103 s\u0103-l birui piept la piept. Mai str\u00e2ns\u0103 \u0163ine-\u0163i spada s\u0103 nu gre\u015fe\u015fti cu ea c\u00e2nd va veni-ncle\u015ftarea&nbsp;<\/p>\n<p><a class=\"btn btn-style\" href=\"https:\/\/comorinemuritoare.ro\/bLOGOS\/solia-mea\/\">Continue Reading&#8230;<\/a><\/p>\n","protected":false},"author":1,"featured_media":0,"comment_status":"open","ping_status":"open","sticky":false,"template":"","format":"standard","meta":{"footnotes":""},"categories":[4],"tags":[],"class_list":["post-4382","post","type-post","status-publish","format-standard","hentry","category-poezii"],"_links":{"self":[{"href":"https:\/\/comorinemuritoare.ro\/bLOGOS\/wp-json\/wp\/v2\/posts\/4382","targetHints":{"allow":["GET"]}}],"collection":[{"href":"https:\/\/comorinemuritoare.ro\/bLOGOS\/wp-json\/wp\/v2\/posts"}],"about":[{"href":"https:\/\/comorinemuritoare.ro\/bLOGOS\/wp-json\/wp\/v2\/types\/post"}],"author":[{"embeddable":true,"href":"https:\/\/comorinemuritoare.ro\/bLOGOS\/wp-json\/wp\/v2\/users\/1"}],"replies":[{"embeddable":true,"href":"https:\/\/comorinemuritoare.ro\/bLOGOS\/wp-json\/wp\/v2\/comments?post=4382"}],"version-history":[{"count":0,"href":"https:\/\/comorinemuritoare.ro\/bLOGOS\/wp-json\/wp\/v2\/posts\/4382\/revisions"}],"wp:attachment":[{"href":"https:\/\/comorinemuritoare.ro\/bLOGOS\/wp-json\/wp\/v2\/media?parent=4382"}],"wp:term":[{"taxonomy":"category","embeddable":true,"href":"https:\/\/comorinemuritoare.ro\/bLOGOS\/wp-json\/wp\/v2\/categories?post=4382"},{"taxonomy":"post_tag","embeddable":true,"href":"https:\/\/comorinemuritoare.ro\/bLOGOS\/wp-json\/wp\/v2\/tags?post=4382"}],"curies":[{"name":"wp","href":"https:\/\/api.w.org\/{rel}","templated":true}]}}