{"id":4805,"date":"2018-12-15T03:09:03","date_gmt":"2018-12-15T06:09:03","guid":{"rendered":"http:\/\/comorinemuritoare.ro\/bLOGOS\/?p=4805"},"modified":"2018-12-15T08:40:05","modified_gmt":"2018-12-15T11:40:05","slug":"el-este-capul","status":"publish","type":"post","link":"https:\/\/comorinemuritoare.ro\/bLOGOS\/el-este-capul\/","title":{"rendered":"El este Capul"},"content":{"rendered":"<p><em><strong>Traian Dorz<\/strong><\/em>, din HRISTOS \u2013 PUTEREA APOSTOLIEI, Medita\u0163ii la Apostolul din Duminica a 28-a dup\u0103 Rusalii<\/p>\n<p style=\"padding-left: 90px;\"><em>El este Capul trupului, al Bisericii. El este \u00cenceputul, Cel \u00cent\u00e2i N\u0103scut dintre cei mor\u0163i, pentru ca \u00een toate lucrurile s\u0103 aib\u0103 \u00eent\u00e2ietatea. (Coloseni 1, 18)<\/em><\/p>\n<p style=\"text-align: justify;\"><a href=\"http:\/\/comorinemuritoare.ro\/bLOGOS\/wp-content\/uploads\/2010\/12\/IH-Arhiereu2.jpg\"><img loading=\"lazy\" decoding=\"async\" class=\"size-full wp-image-4806 alignleft\" title=\"IH-Arhiereu2\" src=\"http:\/\/comorinemuritoare.ro\/bLOGOS\/wp-content\/uploads\/2010\/12\/IH-Arhiereu2.jpg\" alt=\"\" width=\"250\" height=\"419\" \/><\/a>Capul este pentru trup nu numai partea cea mai \u00eenalt\u0103 \u015fi mai frumoas\u0103, ci \u015fi cea mai \u00eensemnat\u0103 \u015fi mai necesar\u0103. F\u0103r\u0103 orice alt\u0103 parte a sa, un trup omenesc mai poate tr\u0103i, dar f\u0103r\u0103 cap nu poate. Chiar dac\u0103 \u00ee\u015fi pierde o m\u00e2n\u0103, sau un picior, sau chiar am\u00e2ndou\u0103 m\u00e2inile \u015fi picioarele\u2026 \u015ei chiar p\u0103r\u0163i din celelalte m\u0103dulare ale trupului s\u0103u, c\u00e2t\u0103 vreme omul are capul \u00eentreg, el tr\u0103ie\u015fte.<br \/>\nTot a\u015fa, o adunare \u015fi o biseric\u0103, at\u00e2ta vreme c\u00e2t \u00cel au pe Hristos, Capul, iar El este ascultat \u015fi pre\u0163uit acolo, oric\u00e2t de prigonit\u0103 ar fi acea biseric\u0103 \u015fi adunare, oric\u00e2t ar fi s\u0103 treac\u0103 ea prin felurite \u00eencerc\u0103ri \u015fi necazuri, ea va tr\u0103i. Fiindc\u0103 Hristos, Capul ei, o va \u0163ine \u00een via\u0163\u0103 \u015fi \u00eei va da putere.<\/p>\n<p style=\"text-align: justify;\">Tot a\u015fa, c\u00e2nd o biseric\u0103, o adunare, o familie sau o fiin\u0163\u0103 \u00eel pierde pe Hristos, Capul S\u0103u, poate s\u0103 fie ea oric\u00e2t de puternic\u0103 \u015fi de mare, de \u00eenzestrat\u0103 \u015fi de l\u0103udat\u0103, \u00een zadar. \u00cen cur\u00e2nd, m\u00e2inile ei, f\u0103r\u0103 cap, vor \u00eencepe s\u0103 lucreze r\u0103u. Picioarele ei, f\u0103r\u0103 cap, vor umbla nebune\u015fte. \u015ei trupul ei, f\u0103r\u0103 cap, se va pr\u0103bu\u015fi \u00een noroi, \u00een neputin\u0163\u0103 \u015fi \u00een moarte.<\/p>\n<p style=\"text-align: justify;\">Hristos este Capul Bisericii \u015fi al Lucr\u0103rii Sale. \u015ei El este \u00cen\u0163elepciunea, Frumuse\u0163ea, Lumina \u015fi Puterea oric\u0103rui trup condus de El \u015fi ascult\u0103tor de El. Orice lucrare, dac\u0103 \u00cel are drept Cap pe Hristos \u015fi are drept inim\u0103 pe Duhul Vie\u0163ii, va dovedi aceasta c\u0103 va avea un mers s\u0103n\u0103tos \u015fi o tr\u0103ire \u00een\u0163eleapt\u0103 \u015fi frumoas\u0103, dreapt\u0103 \u015fi puternic\u0103.<br \/>\n\u00cen felul ei de orientare, va avea \u00een\u0163elepciune. \u00cen felul ei de purtare, va avea frumuse\u0163e. \u00cen felul ei de umblare, va avea lumin\u0103. \u00cen felul ei de lucrare, va avea putere. \u00cen\u0163elepciunea se va vedea \u00een \u00eenv\u0103\u0163\u0103tura ei. Frumuse\u0163ea se va vedea \u00een neprih\u0103nirea ei. Lumina se va vedea \u00een m\u0103rturisirea ei, \u015fi Puterea se va vedea \u00een roadele ei.<!--more--><\/p>\n<p style=\"text-align: justify;\">Unde Hristos-Capul st\u0103 \u00een locul Lui \u00eentr-o lucrare, iar ea st\u0103 sub \u00eendrumarea \u015fi ascultarea Lui, a\u015fa se \u00eent\u00e2mpl\u0103 totdeauna. Acolo totul este viu, ordonat, frumos. Dar o lucrare \u00een care nu se v\u0103d aceste \u00eensu\u015firi dovede\u015fte c\u0103 nu-L are pe Hristos drept Cap al ei. Ci doar se laud\u0103 pe nedrept, \u00eenjosindu-L \u015fi pe El. \u015ei \u00eenvinov\u0103\u0163indu-se \u015fi pe ea.<\/p>\n<p style=\"text-align: justify;\">Toate lucrurile create de Dumnezeu \u015fi r\u0103mase \u00een ascultare de El au dovedit totdeauna supunere Domnului Iisus Hristos, ca unui Cap. Ca unui St\u0103p\u00e2n recunoscut \u015fi ascultat.<br \/>\nL-au ascultat v\u00e2nturile \u015fi apele furtunoase. L-au ascultat bolile \u015fi moartea. L-au ascultat p\u00e2n\u0103 \u015fi duhurile rele, puterile potrivnice. L-au ascultat \u00eengerii \u015fi puterile cere\u015fti. \u015ei toate acestea I s-au supus, d\u00e2ndu-I \u00eent\u00e2ietate, fiindc\u0103 El este Mai-Marele tuturor&#8230; Capul \u015fi \u00cendrum\u0103torul lor. \u015ei \u00een cur\u00e2nd \u00cel vor asculta fulgerele, tr\u0103snetele, cutremurele \u015fi fl\u0103c\u0103rile care vor \u00eenso\u0163i cu groaz\u0103 venirea Judec\u0103\u0163ii Lui.<br \/>\n\u00cel vor asculta mormintele, apele \u015fi focul, d\u00e2nd afar\u0103 pe to\u0163i mor\u0163ii \u00eenghi\u0163i\u0163i de ele, pentru ca to\u0163i s\u0103 se \u00eenf\u0103\u0163i\u015feze \u00eenaintea Tronului S\u0103u, spre a-\u015fi primi r\u0103splata pentru binele sau r\u0103ul care \u00eel vor fi f\u0103cut c\u00e2nd tr\u0103iau \u00een trup (II Cor 5, 10). \u015ei va trebui s\u0103-L asculte p\u00e2n\u0103 \u015fi cei ce I-au fost vr\u0103jma\u015fi necredincio\u015fi \u015fi t\u0103g\u0103duitori. Fiindc\u0103 vremea lor va fi trecut pe totdeauna. \u015ei va fi venit pe totdeauna vremea \u00cemp\u0103r\u0103\u0163iei Lui.<br \/>\nFerice va fi atunci de to\u0163i acei care L-au ascultat acum, fiindc\u0103 ei vor \u00eemp\u0103r\u0103\u0163i pe vecie cu El.<\/p>\n<p style=\"text-align: justify;\"><em>Slav\u0103 ve\u015fnic\u0103 \u0162ie, Marele nostru Dumnezeu, \u00cemp\u0103rat \u015fi M\u00e2ntuitor, Iisus Hristos! Noi to\u0163i, cei care credem \u00een puterea \u015fi \u00een Dumnezeirea Ta, \u00ce\u0163i mul\u0163umim \u0162ie pentru mo\u015ftenirea \u00een lumin\u0103, pe care Tu ne-ai preg\u0103tit-o. \u00ce\u0163i mul\u0163umim \u0162ie pentru izb\u0103virea noastr\u0103 de sub puterea \u00eentunericului \u015fi pentru str\u0103mutarea noastr\u0103 \u00een \u00cemp\u0103r\u0103\u0163ia dragostei Tale.<br \/>\n\u015ei \u00ce\u0163i mul\u0163umim \u0162ie pentru S\u00e2ngele T\u0103u prin care avem r\u0103scump\u0103rarea \u015fi iertarea sufletelor noastre.<br \/>\nTe binecuv\u00e2nt\u0103m pe Tine, Capul Bisericii \u015fi al Oastei noastre, \u015fi dorim s\u0103 ne supunem totdeauna \u0162ie ca ni\u015fte m\u0103dulare s\u0103n\u0103toase, ascult\u0103toare \u015fi smerite. Pentru ca Tu s\u0103-\u0162i faci \u00een noi \u015fi cu noi Lucrarea Ta fericit\u0103 \u015fi m\u00e2ntuitoare.<br \/>\nTe rug\u0103m, ajut\u0103-ne s\u0103 umbl\u0103m \u015fi s\u0103 lucr\u0103m \u00een a\u015fa fel \u00eenc\u00e2t Tu, Capul nostru Sl\u0103vit, s\u0103 po\u0163i fi mul\u0163umit de noi. \u015ei s\u0103 prime\u015fti din inimile \u015fi din roadele noastre laud\u0103 \u015fi slav\u0103 \u00een orice vreme \u015fi \u00een orice loc.<br \/>\nPentru ca atunci c\u00e2nd Tu, Capul \u015fi Domnul nostru, Te vei ar\u0103ta \u00een slav\u0103, s\u0103 putem fi \u015fi noi vrednici a sta l\u00e2ng\u0103 Tine ca ni\u015fte m\u0103dulare frumoase l\u00e2ng\u0103 un Cap at\u00e2t de frumos. Amin.<\/em><\/p>\n","protected":false},"excerpt":{"rendered":"<p>Traian Dorz, din HRISTOS \u2013 PUTEREA APOSTOLIEI, Medita\u0163ii la Apostolul din Duminica a 28-a dup\u0103 Rusalii El este Capul trupului, al Bisericii. El este \u00cenceputul, Cel \u00cent\u00e2i N\u0103scut dintre cei mor\u0163i, pentru ca \u00een toate lucrurile s\u0103 aib\u0103 \u00eent\u00e2ietatea. (Coloseni 1, 18) Capul este pentru trup nu numai partea cea mai \u00eenalt\u0103 \u015fi mai frumoas\u0103,&nbsp;<\/p>\n<p><a class=\"btn btn-style\" href=\"https:\/\/comorinemuritoare.ro\/bLOGOS\/el-este-capul\/\">Continue Reading&#8230;<\/a><\/p>\n","protected":false},"author":1,"featured_media":0,"comment_status":"open","ping_status":"open","sticky":false,"template":"","format":"standard","meta":{"footnotes":""},"categories":[46],"tags":[],"class_list":["post-4805","post","type-post","status-publish","format-standard","hentry","category-meditatii"],"_links":{"self":[{"href":"https:\/\/comorinemuritoare.ro\/bLOGOS\/wp-json\/wp\/v2\/posts\/4805","targetHints":{"allow":["GET"]}}],"collection":[{"href":"https:\/\/comorinemuritoare.ro\/bLOGOS\/wp-json\/wp\/v2\/posts"}],"about":[{"href":"https:\/\/comorinemuritoare.ro\/bLOGOS\/wp-json\/wp\/v2\/types\/post"}],"author":[{"embeddable":true,"href":"https:\/\/comorinemuritoare.ro\/bLOGOS\/wp-json\/wp\/v2\/users\/1"}],"replies":[{"embeddable":true,"href":"https:\/\/comorinemuritoare.ro\/bLOGOS\/wp-json\/wp\/v2\/comments?post=4805"}],"version-history":[{"count":1,"href":"https:\/\/comorinemuritoare.ro\/bLOGOS\/wp-json\/wp\/v2\/posts\/4805\/revisions"}],"predecessor-version":[{"id":26172,"href":"https:\/\/comorinemuritoare.ro\/bLOGOS\/wp-json\/wp\/v2\/posts\/4805\/revisions\/26172"}],"wp:attachment":[{"href":"https:\/\/comorinemuritoare.ro\/bLOGOS\/wp-json\/wp\/v2\/media?parent=4805"}],"wp:term":[{"taxonomy":"category","embeddable":true,"href":"https:\/\/comorinemuritoare.ro\/bLOGOS\/wp-json\/wp\/v2\/categories?post=4805"},{"taxonomy":"post_tag","embeddable":true,"href":"https:\/\/comorinemuritoare.ro\/bLOGOS\/wp-json\/wp\/v2\/tags?post=4805"}],"curies":[{"name":"wp","href":"https:\/\/api.w.org\/{rel}","templated":true}]}}