{"id":4967,"date":"2022-12-24T07:10:25","date_gmt":"2022-12-24T10:10:25","guid":{"rendered":"http:\/\/comorinemuritoare.ro\/bLOGOS\/?p=4967"},"modified":"2022-12-23T19:36:12","modified_gmt":"2022-12-23T22:36:12","slug":"cand-m-am-nascut","status":"publish","type":"post","link":"https:\/\/comorinemuritoare.ro\/bLOGOS\/cand-m-am-nascut\/","title":{"rendered":"C\u00e2nd m-am n\u0103scut"},"content":{"rendered":"<p><strong><em>Traian DORZ<\/em><\/strong>, <em>din <\/em>\u00abC\u00e2nt\u0103ri de drum\u00bb<\/p>\n<p><a href=\"http:\/\/comorinemuritoare.ro\/bLOGOS\/wp-content\/uploads\/2012\/12\/065-web.jpg\"><img loading=\"lazy\" decoding=\"async\" class=\" wp-image-14072 alignleft\" title=\"065-web\" src=\"http:\/\/comorinemuritoare.ro\/bLOGOS\/wp-content\/uploads\/2012\/12\/065-web.jpg\" alt=\"\" width=\"254\" height=\"370\" srcset=\"https:\/\/comorinemuritoare.ro\/bLOGOS\/wp-content\/uploads\/2012\/12\/065-web.jpg 567w, https:\/\/comorinemuritoare.ro\/bLOGOS\/wp-content\/uploads\/2012\/12\/065-web-206x300.jpg 206w\" sizes=\"auto, (max-width: 254px) 100vw, 254px\" \/><\/a>C\u00e2nd m-am n\u0103scut cu trupul acesta printre voi<br \/>\nera \u015fi nor, \u015fi noapte, \u015fi iarn\u0103, \u015fi r\u0103zboi&#8230;,<br \/>\nce st\u0103ri nefericite, cum s-au r\u0103sfr\u00e2nt durut<br \/>\ncu toat\u0103-am\u0103r\u0103ciunea pe via\u0163a mea de lut!<\/p>\n<p>C\u00e2nd m-am n\u0103scut cu duhul, din Duhul Cel Divin,<br \/>\nera \u015fi prim\u0103var\u0103, \u015fi pace, \u015fi senin,<br \/>\ntot cerul cu p\u0103m\u00e2ntul se-mbr\u0103\u0163i\u015fau z\u00e2mbind<br \/>\nprivindu-mi via\u0163a nou\u0103 din lacrimi z\u0103mislind.<\/p>\n<p>Din ea, pe c\u00e2te drumuri apoi am str\u0103b\u0103tut,<br \/>\n\u00eempr\u0103\u015ftiat-am darnic al lacrimii avut,<br \/>\nnemaifiind pe lume dec\u00e2t un c\u0103l\u0103tor<br \/>\ncu c\u00e2t duc mai pu\u0163ine pot merge mai u\u015for!<\/p>\n<p>C\u00e2nd M\u00e2ine \u00eenc-o dat\u0103 m\u0103 voi rena\u015fte iar<br \/>\nva str\u0103luci Cuprinsul de-un nou \u015fi ve\u015fnic har<br \/>\n\u015fi-abia-n a treia via\u0163\u0103 voi str\u00e2nge fericit<br \/>\nce-n celelalte dou\u0103 am ars \u015fi-am d\u0103ruit!&#8230;<\/p>\n","protected":false},"excerpt":{"rendered":"<p>Traian DORZ, din \u00abC\u00e2nt\u0103ri de drum\u00bb C\u00e2nd m-am n\u0103scut cu trupul acesta printre voi era \u015fi nor, \u015fi noapte, \u015fi iarn\u0103, \u015fi r\u0103zboi&#8230;, ce st\u0103ri nefericite, cum s-au r\u0103sfr\u00e2nt durut cu toat\u0103-am\u0103r\u0103ciunea pe via\u0163a mea de lut! C\u00e2nd m-am n\u0103scut cu duhul, din Duhul Cel Divin, era \u015fi prim\u0103var\u0103, \u015fi pace, \u015fi senin, tot cerul&nbsp;<\/p>\n<p><a class=\"btn btn-style\" href=\"https:\/\/comorinemuritoare.ro\/bLOGOS\/cand-m-am-nascut\/\">Continue Reading&#8230;<\/a><\/p>\n","protected":false},"author":1,"featured_media":0,"comment_status":"open","ping_status":"open","sticky":false,"template":"","format":"standard","meta":{"footnotes":""},"categories":[4],"tags":[],"class_list":["post-4967","post","type-post","status-publish","format-standard","hentry","category-poezii"],"_links":{"self":[{"href":"https:\/\/comorinemuritoare.ro\/bLOGOS\/wp-json\/wp\/v2\/posts\/4967","targetHints":{"allow":["GET"]}}],"collection":[{"href":"https:\/\/comorinemuritoare.ro\/bLOGOS\/wp-json\/wp\/v2\/posts"}],"about":[{"href":"https:\/\/comorinemuritoare.ro\/bLOGOS\/wp-json\/wp\/v2\/types\/post"}],"author":[{"embeddable":true,"href":"https:\/\/comorinemuritoare.ro\/bLOGOS\/wp-json\/wp\/v2\/users\/1"}],"replies":[{"embeddable":true,"href":"https:\/\/comorinemuritoare.ro\/bLOGOS\/wp-json\/wp\/v2\/comments?post=4967"}],"version-history":[{"count":1,"href":"https:\/\/comorinemuritoare.ro\/bLOGOS\/wp-json\/wp\/v2\/posts\/4967\/revisions"}],"predecessor-version":[{"id":26283,"href":"https:\/\/comorinemuritoare.ro\/bLOGOS\/wp-json\/wp\/v2\/posts\/4967\/revisions\/26283"}],"wp:attachment":[{"href":"https:\/\/comorinemuritoare.ro\/bLOGOS\/wp-json\/wp\/v2\/media?parent=4967"}],"wp:term":[{"taxonomy":"category","embeddable":true,"href":"https:\/\/comorinemuritoare.ro\/bLOGOS\/wp-json\/wp\/v2\/categories?post=4967"},{"taxonomy":"post_tag","embeddable":true,"href":"https:\/\/comorinemuritoare.ro\/bLOGOS\/wp-json\/wp\/v2\/tags?post=4967"}],"curies":[{"name":"wp","href":"https:\/\/api.w.org\/{rel}","templated":true}]}}