{"id":518,"date":"2023-09-11T10:00:22","date_gmt":"2023-09-11T13:00:22","guid":{"rendered":"http:\/\/comorinemuritoare.ro\/bLOGOS\/?p=518"},"modified":"2023-09-12T01:55:50","modified_gmt":"2023-09-12T04:55:50","slug":"ziua-i-adevrul-istoric-din-12-septembrie-1937","status":"publish","type":"post","link":"https:\/\/comorinemuritoare.ro\/bLOGOS\/ziua-i-adevrul-istoric-din-12-septembrie-1937\/","title":{"rendered":"ZIUA \u015eI ADEV\u0102RUL ISTORIC DIN 12 SEPTEMBRIE 1937"},"content":{"rendered":"<p><a href=\"http:\/\/comorinemuritoare.ro\/bLOGOS\/wp-content\/uploads\/2012\/09\/CasaFilozofilor.jpg\"><img loading=\"lazy\" decoding=\"async\" class=\"alignright size-full wp-image-11731\" title=\"CasaFilozofilor\" src=\"http:\/\/comorinemuritoare.ro\/bLOGOS\/wp-content\/uploads\/2012\/09\/CasaFilozofilor.jpg\" alt=\"\" width=\"347\" height=\"458\" \/><\/a><em><strong>Traian DORZ<\/strong><\/em><\/p>\n<p style=\"text-align: justify;\">&#8222;Chemarea pe \u0163ar\u0103 a delega\u0163ilor fr\u0103\u0163iet\u0103\u0163ii Oastei Domnului pentru 12 septembrie 1937 a fost publicat\u0103 \u00een gazeta \u00abEcoul\u00bb care \u00eenlocuia atunci foaia \u00abIisus Biruitorul\u00bb pe care o suspendase Mitropolia. D\u0103m mai jos, pe scurt, relatarea pe care a scris-o atunci \u00abEcoul\u00bb despre felul cum a decurs aceast\u0103 consf\u0103tuire \u015fi despre felul cum s-a \u00eencheiat \u00eencercarea neizbutit\u0103 de a-l convinge atunci pe mitropolitul B\u0103lan s\u0103 renun\u0163e la m\u0103surile sale de r\u0103zbunare. De a-l apleca spre restabilirea p\u0103cii \u00een Biseric\u0103 \u015fi a armoniei \u00een via\u0163a Oastei Domnului. \u00cen problema P\u0103rintelui Iosif, totu\u015fi, chiar dac\u0103 nu s-a putut realiza nimic din acele dorin\u0163e, s-a f\u0103cut foarte mult, pentru c\u0103 atunci s-a fixat de c\u0103tre o consf\u0103tuire istoric\u0103 a delega\u0163ilor din \u00eentreag\u0103 Oastea Domnului \u2013 \u00een frunte cu P\u0103rintele Iosif, conduc\u0103torul v\u0103zut al acesteia \u2013 atitudinea clar\u0103, categoric\u0103 \u015fi definitiv\u0103 a Oastei fa\u0163\u0103 de Biseric\u0103. \u015ei, prin acest adev\u0103r \u00eensemnat, ziua aceasta a r\u0103mas istoric\u0103 \u00een via\u0163a Oastei Domnului, iar precizarea f\u0103cut\u0103 atunci r\u0103m\u00e2ne o linie obligatorie de urmat pentru tot viitorul acestei Lucr\u0103ri.<\/p>\n<p style=\"text-align: justify;\">Eram \u00een al \u015faptelea an de c\u00e2nd f\u0103ceam \u015fi eu parte din Oastea Domnului \u015fi \u00een al treilea an de c\u00e2nd f\u0103ceam parte din redac\u0163ia centrului de editur\u0103 al ei din Sibiu, fiind acolo \u00eempreun\u0103 cu P\u0103rintele Iosif Trifa, un colaborator dintre cei mai apropia\u0163i ai s\u0103i. \u00cen vremea aceea eram pe terminarea stagiului militar la Oradea, dar acum eram prezent aici la Sibiu pentru consf\u0103tuirea aceasta, venit \u00eempreun\u0103 cu al\u0163i fra\u0163i ale\u015fi ca delega\u0163i ai Oastei Domnului din Oradea \u015fi jude\u0163ul Bihor. <!--more-->C\u00e2nd se \u00eent\u00e2mplau astfel de evenimente, eu, cel mai t\u00e2n\u0103r din redac\u0163ie, aveam misiunea de a fi atent \u015fi de a \u00eentocmi reportajul despre cele \u00eent\u00e2mplate, spre a-l publica la foaie, pentru cuno\u015ftin\u0163a tuturor cititorilor. Trebuia deci s\u0103 fiu c\u00e2t mai atent \u015fi c\u00e2t mai harnic, spre a nu-mi sc\u0103pa nimic din ceea ce era \u00eensemnat \u015fi interesant pentru cititori \u015fi pentru istorie. Am dorit \u00eentotdeauna s\u0103-mi fac aceast\u0103 datorie c\u00e2t mai cu grij\u0103, pentru c\u0103 \u00eemi iubeam misiunea \u015fi doream s\u0103-l ascult din toat\u0103 inima pe p\u0103rintele meu sufletesc, slujind cu toat\u0103 vrednicia pe Dumnezeu \u015fi Adev\u0103rul S\u0103u \u00een care Credeam cu toat\u0103 puterea mea.<\/p>\n<p>Dup\u0103 cum se f\u0103cuse public deci at\u00e2t prin foaia \u00abEco\u00acul\u00bb, c\u00e2t \u015fi pe la diferitele adun\u0103ri mari ale Oastei, convocate \u00een acest scop pe centre din \u0163ar\u0103 \u2013 \u015fi mai ales la cea din Scor\u0163eni, jude\u0163ul Bac\u0103u \u2013 \u00eencepur\u0103 s\u0103 soseasc\u0103 la Sibiu \u00eenc\u0103 de vineri, 10 septembrie \u015fi de s\u00e2mb\u0103t\u0103, 11, delega\u0163i ai fra\u0163ilor pentru consf\u0103tuirea din 12 septembrie.<\/p>\n<p>Cei trei preo\u0163i-osta\u015fi care aveau un rol mai deosebit \u00een preg\u0103tirea acestei consf\u0103tuiri erau: Munteanu de la Scor\u00ac\u0163eni \u2013 Bac\u0103u, Bogoride de la L\u0103loaia \u015fi Popovici Vladimir din Orhei \u2013 Basarabia. Ace\u015ftia au sosit \u00eenc\u0103 de vineri seara, pentru ca \u00eempreun\u0103 cu P\u0103rintele Iosif s\u0103 pun\u0103 la punct, \u00een mare, programul Consf\u0103tuirii de a doua zi. \u00cent\u00e2lnirea lor cu P\u0103rintele Iosif a fost plin\u0103 de duio\u015fie \u015fi de lacrimi. O minune a \u00eendur\u0103rii Domnului era \u015fi faptul c\u0103 \u00een zilele acelea \u015fi starea s\u0103n\u0103t\u0103\u0163ii P\u0103rintelui Iosif se ameliorase. De\u015fi avea cele dou\u0103 ultime opera\u0163ii \u00eenc\u0103 ne\u00eenchise, el ie\u015fise din spital anume pentru a fi, cu ocazia aceasta, prezent \u00een mijlocul fra\u0163ilor \u015fi a ajuta cu \u00eendrum\u0103rile sale la buna desf\u0103\u015furare a lucrurilor.<\/p>\n<p>\u00centre ace\u015fti preo\u0163i \u015fi P\u0103rintele Iosif s-a \u00eencins atunci o pl\u0103cut\u0103 stare de vorb\u0103, ca de altfel la orice astfel de \u00eent\u00e2lniri. \u015ei fiecare \u00ee\u015fi \u00eemp\u0103rt\u0103\u015fea cu ceilal\u0163i diferite \u00eent\u00e2mpl\u0103ri \u015fi impresii personale \u00een leg\u0103tur\u0103 cu consf\u0103tuirea aceasta. Ca o not\u0103 de vioiciune, dar \u015fi de \u00eeng\u00e2ndurare, preotul Munteanu, de la Scor\u0163eni (care s-a dovedit p\u00e2n\u0103 la urm\u0103 c\u0103 n-a avut un cuget cu totul curat), spunea c\u0103 \u00eenainte de a veni aici a avut un vis de care nu se prea bucur\u0103. Visase c\u0103 P\u0103rintele Iosif era \u00eembr\u0103cat \u00eentr-o hain\u0103 lung\u0103 \u015fi \u00eei primea pe fra\u0163ii care veneau din toate p\u0103r\u0163ile la el, zic\u00e2nd cu triste\u0163e: \u00abVin mereu fra\u0163ii, vin, vin, vin, dar pe mine m\u0103 las\u0103 tot \u00een chin\u2026\u00bb<\/p>\n<p>Dar acest preot chiar de a doua zi s-a dovedit un fricos care ne min\u0163ise. \u00cen 12 septembrie a trecut de la masa P\u0103rintelui Iosif la masa mitropolitului prigonitor, unde, chiar \u00eenainte de a pleca din Sibiu, a isc\u0103lit \u015fi el un articol de batjocur\u0103 \u00eempotriva \u00abfratelui\u00bb s\u0103u pe care \u00eel \u00eembr\u0103\u0163i\u015fase cu c\u00e2teva ceasuri mai \u00eenainte \u015fi la masa c\u0103ruia se s\u0103turase. De fapt, la venirea sa, ne adusese o c\u00e2ntare nou\u0103, c\u00e2ntarea \u00abTe-am min\u0163it, Iisuse\u00bb\u2026 Ce profe\u0163ie \u00ee\u015fi c\u00e2ntase! Chiar a\u015fa a \u015fi f\u0103cut.<\/p>\n<p>Acum \u00eens\u0103, la r\u00e2ndul s\u0103u, P\u0103rintele Iosif spunea c\u0103 \u015fi el a avut zilele acestea tot un astfel de vis \u015fi anume: Se f\u0103cea c\u0103 murise pe patul s\u0103u de suferin\u0163\u0103, iar \u00een clipa mor\u0163ii sosea o delega\u0163ie de preo\u0163i \u015fi c\u0103rturari de sus, de la Mitropolie, aduc\u00e2nd cu ei un sac mare \u015fi gol pe care era scris cu litere negre \u015fi mari: \u201eStatutele \u015fi regulamentele\u201c\u2026 Delega\u0163ia desf\u0103cu sacul \u015fi ridicar\u0103 trupul mort de pe pat \u015fi \u00eel slobozir\u0103 \u00een sac, \u00een timp ce unul dintre ei strig\u0103 voios: \u201ePace \u015fi bucurie fronturilor; \u00een sf\u00e2r\u015fit, a intrat \u015fi P\u0103rintele Iosif \u00een statutele \u015fi regulamentele Oastei\u201c. Dup\u0103 asta, corpul a fost scos din sac \u015fi pus iar\u0103\u015fi pe pat.<\/p>\n<p>Aici voi nota c\u0103 \u00eemi aduc aminte \u015fi eu tot de un astfel de vis, pe care mi-l spusese \u00eenc\u0103 \u00eenainte cu doi ani \u015fi mai bine, \u00een februarie 1935, fratele Marini, colegul nostru de redac\u0163ie. Mai p\u0103strez \u015fi ast\u0103zi, dup\u0103 aproape cincizeci de ani, la mine, salvat\u0103 ca prin minune, \u00eensemnarea lui de atunci despre care n-am scris p\u00e2n\u0103 acum nic\u0103ieri altundeva. \u015ei nu-mi aduc aminte s\u0103 fi scris nici el. Iat-o a\u015fa cum o scrisese el cu m\u00e2na lui atunci:<\/p>\n<p>\u201e3 februarie 1935.<\/p>\n<p>\u00centr-o noapte m\u0103 rugam lui Dumnezeu. Nu \u015ftiam cele ce s-au \u00eent\u00e2mplat (la Sibiu, dup\u0103 plecarea sa acas\u0103 la S\u0103sciori \u2013 n. n.).<\/p>\n<p>M\u0103 rugam s\u0103-mi arate Dumnezeu de cine s\u0103 m\u0103 alipesc (foarte mul\u0163i fra\u0163i erau deruta\u0163i \u00een primele zile ale conflictului. Se vede c\u0103 \u015fi el avea ezit\u0103ri \u2013 n. n.).<\/p>\n<p>Am postit \u2013 \u015fi la o s\u0103pt\u0103m\u00e2n\u0103 m-am visat la biseric\u0103.<\/p>\n<p>\u00cen biseric\u0103 era numai P\u0103rintele Iosif cu capul gol \u015fi, descul\u0163, se ruga \u00een genunchi \u00een altar. Pe urm\u0103 vine mitropolitul \u015fi \u00eenc\u0103 trei episcopi \u00eembr\u0103ca\u0163i \u00een odoare ca pentru slujb\u0103. \u015ei se duc \u00een altar, pe dup\u0103 mas\u0103, \u015fi l-au luat de subsuori pe p\u0103rintele Iosif, \u015fi l-au ridicat, \u015fi l-au scos afar\u0103 din altar, zic\u00e2nd: \u00abNu mai e\u015fti vrednic s\u0103 mai sluje\u015fti la altar\u00bb. L-au scos pe u\u015f\u0103 afar\u0103 \u015fi P\u0103rintele Iosif a \u00eengenuncheat \u00een fa\u0163a altarului. Mitropolitul s-a \u00eenveselit atunci, zic\u00e2nd: \u00abNo, acum l-am scos afar\u0103 din altar\u00bb. Din locul unde a stat P\u0103rintele Iosif \u00een altar a ie\u015fit un \u00eenger \u00eembr\u0103cat \u00een hain\u0103 alb\u0103 \u015fi at\u00e2ta era de frumos, dar era m\u00e2hnit. \u015ei avea la br\u00e2ul de aur, pe care \u00eel purta, o sabie lung\u0103 p\u00e2n\u0103 la p\u0103m\u00e2nt. \u015ei sabia era scoas\u0103 pu\u0163in. A ie\u015fit afar\u0103, c\u0103lc\u00e2nd pe urmele p\u0103rintelui \u015fi, \u00eencet, s-a a\u015fezat de-a dreapta P\u0103rintelui Iosif care st\u0103tea neclintit \u015fi se ruga. \u015ei cineva, care parc\u0103 era l\u00e2ng\u0103 mine \u015fi nu \u015ftiam, mi-a zis: \u00abAcesta este \u00eengerul Rafael, care este tot l\u00e2ng\u0103 omul acesta oriunde merge. \u015ei le-am scris \u00een dou\u0103-trei r\u00e2nduri: B\u0103ga\u0163i de seam\u0103 s\u0103 nu cumva\u2026 acesta este unsul lui Dumnezeu\u2026 Scumpii mei preo\u0163i, s\u0103 ne dea Dumnezeu biserici\u00bb. \u015ei dup\u0103 ce m-am pus \u00een pat, mi-a vorbit ca el o femeie: \u00abVrednic e Dumnezeu a fi l\u0103udat de to\u0163i\u00bb.<\/p>\n<p>C\u00e2nd am g\u0103tat postul, primeam foaia \u00abIsus Birui\u00actorul\u00bb. Scoate-ne, Doamne, din \u00eentuneric la lumin\u0103\u2026\u201c<\/p>\n<p>Am redat mai sus, exact dup\u0103 scrisul s\u0103u, acest vis avut de fratele Marini \u00eenc\u0103 cu doi ani \u015fi jum\u0103tate \u00eenainte de a se \u00eent\u00e2mpla \u00eentocmai a\u015fa cu scoaterea P\u0103rintelui Iosif din preo\u0163ie de c\u0103tre mitropolitul B\u0103lan \u015fi oamenii lui, ca o dovad\u0103 \u00een plus c\u0103 nimic nu se \u00eent\u00e2mpl\u0103 f\u0103r\u0103 \u015ftirea \u015fi voia lui Dumnezeu. \u015ei ca o m\u00e2ng\u00e2iere pentru oricine sufer\u0103 din pricina Numelui lui Hristos.<\/p>\n<p>Desigur, au fost mai mul\u0163i care au avut \u015fi mai au astfel de \u00een\u015ftiin\u0163\u0103ri de la Dumnezeu, Care, \u00een \u00eemprejur\u0103ri deosebite, ne descoper\u0103 c\u00e2te ceva din tainele voii Sale \u015fi \u00een felul acesta, prin visuri. Acesta este un mijloc de care S-a mai folosit bun\u0103tatea \u015fi dragostea Domnului \u015fi fa\u0163\u0103 de al\u0163i ale\u015fi ai Lui. De aceea, dup\u0103 at\u00e2\u0163ia zeci de ani, le-am redat \u015fi noi pe acestea aici, fiindc\u0103 am socotit c\u0103 au \u015fi ele o \u00eensemn\u0103tate pentru \u00een\u0163elegerea adev\u0103rului despre care vorbim. \u015ei acum s\u0103 continu\u0103m cu relatarea publicat\u0103 atunci, de unde am r\u0103mas, \u00eenaintea visului fratelui Marini.<\/p>\n<p>\u2026Ne amuz\u0103 pu\u0163in aceste visuri, dar oarecum sim\u0163im c\u0103 ne pun \u015fi pe g\u00e2nduri, c\u0103ci de multe ori Domnul vorbe\u015fte \u015fi prin visuri.<\/p>\n<p>\u00cen seara de s\u00e2mb\u0103t\u0103, 11, \u0163inem o consf\u0103tuire restr\u00e2ns\u0103 \u00een care discut\u0103m fr\u0103m\u00e2nt\u0103rile Oastei \u015fi stabilim programul pentru a doua zi. Preo\u0163ii sosi\u0163i \u00ee\u015fi vor cere pentru m\u00e2ine audien\u0163\u0103 la mitropolitul Nicolae.<\/p>\n<p>De vineri seara au \u00eenceput s\u0103 soseasc\u0103 \u015fi al\u0163i fra\u0163i din toate p\u0103r\u0163ile. Fiecare tren ne aducea noi fra\u0163i \u015fi noi bucurii. Iat\u0103-l pe fratele Tudusciuc, \u00eenv\u0103\u0163\u0103tor de la Vaslui, pe care fra\u0163ii \u00eel v\u0103d pentru prima dat\u0103 la Sibiu. Iat\u0103-l pe Pavel Mali\u0163a, avocat din Oradea, D. Romanenco din Orhei \u015fi mul\u0163i, mul\u0163i al\u0163ii. De la Sighi\u015foara sose\u015fte un grup de patruzeci fra\u0163i \u015fi surori. Din Bucovina (cu Viorel Bujoreanu), din Cetatea Alb\u0103, din B\u00e2rlad, din Oradea (cu Eftimiu Florea, cu Isaia Pele, cu Ilie Popovici). Iat\u0103 fra\u0163ii cunoscu\u0163i: Silvestru Barb\u0103 din Bosanci, Glogu\u015f din Horodnic, Adam Borza din Vinerea, Dini\u015f, notarul din Gurasada, Viorel din Romo\u015fel \u2013 Hunedoara, Pavel R\u00e2mnea\u0163u din Berecu\u0163a \u2013 Timi\u015f, Bihoi Nicolae din Ezeri\u015f \u2013 Cara\u015f, Traian Ciurescu din Belin\u0163, Stoia din Cire\u015fu, Victor Ungur, avocat din Lugoj, Trandafir Munteanu, Petru Stancu, Simion Achim din Arad. Fra\u0163i din Oltenia, din Muntenia, din Dobrogea, din Some\u015f, din Buz\u0103u, din Ialomi\u0163a, din Teleorman, din Romana\u0163i, din Olt, din V\u00e2lcea, din Cluj, din Satu Mare, din Maramure\u015f, din toate provinciile \u0163\u0103rii.<\/p>\n<p>Fra\u0163ii sosi\u0163i sunt cu to\u0163ii plini de av\u00e2ntul \u015fi c\u0103ldura dragostei fr\u0103\u0163e\u015fti, aduc\u00e2nd c\u00e2nt\u0103ri noi din toate p\u0103r\u0163ile. Cea mai puternic c\u00e2ntat\u0103 de feluritele grupuri fr\u0103\u0163e\u015fti este \u201eA sunat mobilizarea\u201c\u2026 Preotul Munteanu c\u00e2nta \u015fi el mereu c\u00e2ntarea (semnificativ\u0103 pentru el, cum am mai spus) \u201eTe am min\u0163it, Iisuse\u201c. Nu-l prea acompaniaz\u0103 nimeni.<\/p>\n<p>S\u00e2mb\u0103t\u0103 seara, marea curte a casei unde este redac\u0163ia \u015fi locuin\u0163a noastr\u0103 este plin\u0103 de mul\u0163imea fra\u0163ilor sosi\u0163i. Se hot\u0103r\u0103\u015fte \u0163inerea unui sfat premerg\u0103tor \u015fi \u00een seara asta, pentru a-\u015fi putea spune cuv\u00e2ntul c\u00e2t mai mul\u0163i dintre fra\u0163ii sosi\u0163i, deoarece m\u00e2ine nu vor putea ajunge cu to\u0163ii la cuv\u00e2nt.<\/p>\n<p>\u00cen fruntea sfatului se g\u0103sesc \u015fapte fra\u0163i-preo\u0163i \u00eempreun\u0103 cu P\u0103rintele Iosif. Dup\u0103 c\u00e2ntarea \u201e\u00cemp\u0103rate Ceresc\u201c, continuat\u0103 cu o rug\u0103ciune mi\u015fc\u0103toare, \u015firul vorbitorilor l-a deschis p\u0103rintele Munteanu, unul dintre cei care propuseser\u0103 consf\u0103tuirea aceasta, spun\u00e2nd despre scopul binecuv\u00e2ntat al p\u0103cii \u015fi al \u00een\u0163elegerii pentru care ne-am str\u00e2ns aici \u00een acest sfat.<\/p>\n<p>Dup\u0103 el a vorbit mi\u015fc\u0103tor \u015fi limpede fratele \u00eenv\u0103\u0163\u0103tor Tudusciuc, ar\u0103t\u00e2nd acela\u015fi adev\u0103r \u015fi dorin\u0163a noastr\u0103 puternic\u0103 de a-l \u00eemplini.<\/p>\n<p>A luat apoi cuv\u00e2ntul P\u0103rintele Iosif, ar\u0103t\u00e2nd pe scurt marea r\u0103spundere sufleteasc\u0103 pe care o avem cu to\u0163ii \u00een Oastea Domnului, mai ales \u00een aceast\u0103 fr\u0103m\u00e2ntare. Toate fr\u0103m\u00e2nt\u0103rile noastre s\u0103 le depunem la picioarele Crucii M\u00e2ntuitorului nostru Iisus Hristos, rug\u00e2ndu-L ne\u00eencetat s\u0103 se \u00eemplineasc\u0103 \u00een toate numai voia Domnului nostru.<\/p>\n<p>R\u00e2nd pe r\u00e2nd, au luat apoi cuv\u00e2ntul fra\u0163ii Trandafir Munteanu din Lugoj, Ciurescu din Belin\u0163, Lemnaru din Buz\u0103u, Di\u0163\u0103 din Bucure\u015fti, p\u0103rintele Bogoride din L\u0103loaia, Silvestru B. din Bosanci \u2013 Suceava, P\u00e2rvu din Bucure\u015fti, preot Bujoreanu V. din Cern\u0103u\u0163i, Dini\u015f din Hunedoara, preot G\u00e2lea din B\u00e2rlad, I. Tudose din Tr.-Severin, Eftimie din Corod, Sc\u00e2nteie din Sibiu\u2026, fiecare spun\u00e2ndu-\u015fi cu hot\u0103r\u00e2re dorin\u0163a lor de a se rezolva \u00een mod fericit acest diferend, spre binele Oastei, spre binele Bisericii \u015fi spre dreptatea P\u0103rintelui Iosif.<\/p>\n<p>Duminic\u0103 diminea\u0163a, \u00een 12 septembrie, toat\u0103 curtea cea larg\u0103 a redac\u0163iei din Aleea Filosofilor, 18, era plin\u0103 de al\u0163i fra\u0163i sosi\u0163i peste noapte din alte p\u0103r\u0163i ale \u0163\u0103rii. Fra\u0163ii \u015fi surorile, dup\u0103 bucuria \u00eent\u00e2lnirii, discutau \u00een toate p\u0103r\u0163ile despre tot ce ar trebui f\u0103cut pentru a se ajunge cumva la convingerea mitropolitului, spre a-\u015fi schimba starea cu privire la tot ce este neap\u0103rat nevoie s\u0103 se fac\u0103 pentru \u00eendreptarea lucrurilor c\u00e2t \u00eenc\u0103 nu este prea t\u00e2rziu. Ne str\u00e2ngem din nou la un scurt sfat de preg\u0103tire a lucrurilor, stabilind \u00eempreun\u0103 \u015fi cu unii dintre fra\u0163ii care mai sosiser\u0103 \u00eentre timp, punctele principale ale programului de lucru \u015fi ale memoriului pe care trebuia s\u0103-l facem \u00een \u00eencercarea noastr\u0103 de a ajunge la refacerea unit\u0103\u0163ii Oastei. Ne preg\u0103tim apoi s\u0103 mergem la biseric\u0103 pentru rug\u0103ciune \u015fi participarea la Sf. Liturghie, dup\u0103 care vom pune pe h\u00e2rtie punctele noastre de vedere, precizate clar, \u00een scopul \u00eenaint\u0103rii lor cu o delega\u0163ie de fra\u0163i la Mitropolie. Le vom prezenta mai \u00eent\u00e2i fra\u0163ilor, pentru luare la cuno\u015ftin\u0163\u0103, aprobare \u015fi semnare, apoi delega\u0163ia de fra\u0163i laici se va duce s\u0103 prezinte mitropolitului hot\u0103r\u00e2rea fra\u0163ilor.<\/p>\n<p>Avem o nespus de mare mul\u0163umire c\u0103tre Domnul c\u0103 i a redat P\u0103rintelui Iosif, ca printr-o minune, puterea de a ne \u00eenso\u0163i la biseric\u0103, urcat \u00eentr-un automobil. La catedral\u0103, l am urcat aproape pe sus toate sc\u0103rile p\u00e2n\u0103 l-am a\u015fezat pe un scaun, de unde a putut participa \u015fi el cu noi \u00eempreun\u0103 la tot ce a fost acolo p\u00e2n\u0103 la sf\u00e2r\u015fit. Predica zilei a fost rostit\u0103 \u00een catedral\u0103 de p\u0103rintele Munteanu, vorbind despre unitatea credin\u0163ei care este t\u0103ria Bisericii.<\/p>\n<p>De la catedral\u0103 p\u00e2n\u0103 \u00een Aleea Filosofilor, 18, la redac\u0163ia \u015fi Casa Oastei, ne-am \u00eentors \u00eencolona\u0163i toat\u0103 mul\u0163i\u00acmea fra\u0163ilor \u015fi c\u00e2nt\u00e2nd.<\/p>\n<p>\u00cendat\u0103 dup\u0103 ajungerea la redac\u0163ie, potrivit \u00een\u0163elesului de diminea\u0163\u0103, ne-am adunat iar\u0103\u015fi \u00eentr-un mare sfat \u00eempreun\u0103 cu to\u0163i fra\u0163ii. \u00cen acest moment \u00een\u0103l\u0163\u0103tor, dup\u0103 rug\u0103ciunea \u201e\u00cemp\u0103rate Ceresc\u201c, s-a ridicat \u00een fa\u0163a fra\u0163ilor P\u0103rintele Iosif \u015fi, \u00een t\u0103cerea plin\u0103 de evlavie \u015fi de lacrimi a tuturor celor de fa\u0163\u0103, glasul s\u0103u mi\u015fcat \u015fi duios a rostit urm\u0103toarea cuv\u00e2ntare:<\/p>\n<p><strong><em><br \/>\nCuv\u00e2ntarea P\u0103rintelui Iosif<\/em><\/strong><\/p>\n<p><em>Fra\u0163ilor, o mare bucurie avem ast\u0103zi! Ne vedem str\u00e2n\u015fi aici, \u00een numele Domnului nostru Iisus, at\u00e2\u0163ia fra\u0163i din toate p\u0103r\u0163ile \u0163\u0103rii. Dar, pe l\u00e2ng\u0103 bucurie, avem \u015fi o mare datorie \u015fi o grea r\u0103spundere, c\u0103ci, fra\u0163ii mei, sfatul acesta, adu\u00acnarea aceasta nu este un sfat ca oricare alt sfat \u015fi nici o adunare ca oricare alt\u0103 adunare. Oastea Dom\u00acnului este adunarea Domnului, iar noi trebuie s\u0103 ne apropiem cu fric\u0103 \u015fi cu cutremur c\u00e2nd este vorba s\u0103 ne amestec\u0103m cu nepriceperea noastr\u0103 \u00een mersul acestei Mi\u015fc\u0103ri. Noi r\u0103m\u00e2nem ni\u015fte copii nepricepu\u0163i ai Domnului \u015fi trebuie s\u0103 tremur\u0103m cu fric\u0103 atunci c\u00e2nd este vorba s\u0103 ne amestecam cu sfatul nostru \u00een lucrarea Lui, \u00een planurile Lui, \u00een voia Lui\u2026<\/em><\/p>\n<p><em>O, iubi\u0163ii mei, mare este r\u0103spunderea noastr\u0103, a tuturor, fa\u0163\u0103 de Lucrarea Oastei, ca s\u0103 nu o smintim cu nepriceperea noastr\u0103. Iar dac\u0103 r\u0103spunderea aceasta o ave\u0163i cu to\u0163ii, apoi, s\u0103 m\u0103 crede\u0163i c\u0103 pe mine m\u0103 apas\u0103 de o mie de ori mai mult aceast\u0103 r\u0103spundere.<\/em><\/p>\n<p><em>St\u0103p\u00e2nit de aceast\u0103 r\u0103spundere, ast\u0103-noapte eu n-am dormit dec\u00e2t dou\u0103 ceasuri \u015fi tot g\u00e2ndul meu st\u0103ruie \u015fi acum clip\u0103 de clip\u0103 l\u00e2ng\u0103 cuvintele Scripturii: \u201eArat\u0103-mi, Doamne, ce s\u0103 fac\u201c (Ie\u015fire 33, 13).<\/em><\/p>\n<p><em>Fra\u0163ilor, suntem la o grea r\u0103sp\u00e2ntie cu Oastea, iar aceast\u0103 r\u0103sp\u00e2ntie au f\u0103cut-o \u00een special statutele ce s-au f\u0103cut pentru Oaste. Mi-am spus cuv\u00e2ntul pe larg asupra acestor statute, ar\u0103t\u00e2nd cum ele sting tocmai ceea ce este fiin\u0163a, via\u0163a \u015fi biruin\u0163a acestei Mi\u015fc\u0103ri: voluntariatul ei, duhul ei, spiritualitatea ei. Amintesc o singur\u0103 pild\u0103: \u00een Congresul de la Rusalii, \u00een sala \u00abThalia\u00bb s-a ales primul comitet central al Oastei. Acest comitet suprem este ceea ce s-ar numi statul major, comandamentul suprem al Oastei. Ei bine, lua\u0163i lista celor treizeci de membri \u015fi ve\u0163i afla c\u0103 cel pu\u0163in trei sferturi dintre ace\u015fti \u201eofi\u0163eri de stat major al Oastei\u201c n-au nimic cu r\u00e2nduielile Oastei Domnului. Unii fac politic\u0103 militant\u0103, al\u0163ii au sc\u0103deri v\u0103zute care izbesc regulile Oastei. Or, iubi\u0163ii mei, dac\u0103 ofi\u0163erii din statul major al Oastei nu sunt osta\u015fi, apoi atunci ce s\u0103 mai a\u015ftept\u0103m de la solda\u0163ii cei de r\u00e2nd de pe fronturile Oastei Domnului?<\/em><\/p>\n<p><em>\u015ei iat\u0103, astfel prima alegere dup\u0103 statute a ar\u0103tat cum vine amestec\u0103tura \u015fi stingerea voluntariatului Oastei. Astfel st\u00e2nd lucrurile la o r\u0103sp\u00e2ntie at\u00e2t de grea, noi ce am putea mai bine face dec\u00e2t s\u0103 ne aplec\u0103m genunchii \u015fi s\u0103 ne rug\u0103m fierbinte ca Domnul s\u0103 ne arate El \u00censu\u015fi ce este de f\u0103cut. Ca El \u00censu\u015fi s\u0103 fie azi \u015fi totdeauna \u00een g\u00e2ndul nostru, \u00een inima noastr\u0103, \u00een cuvintele noastre, \u00een sfaturile \u015fi hot\u0103r\u00e2rile noastre. Noi to\u0163i trebuie s\u0103 ne rug\u0103m \u015fi s\u0103 avem credin\u0163a \u015fi \u00eencrederea noastr\u0103 sf\u00e2nt\u0103 c\u0103 Domnul Iisus Se afl\u0103 azi aici, prezent \u00een mijlocul nostru, \u015fi El ne va ar\u0103ta ce este de f\u0103cut\u2026<\/em><\/p>\n<p>Adunarea \u00eengenuncheaz\u0103 \u015fi P\u0103rintele Iosif roste\u015fte ur\u00acm\u0103toarea<\/p>\n<p><em><br \/>\nRug\u0103ciune<\/em><\/p>\n<p><em>Doamne Iisuse, Preadulcele nostru M\u00e2ntuitor, \u00ce\u0163i mul\u00ac\u0163umim c\u0103 ne-ai \u00eenvrednicit s\u0103 ne str\u00e2ngem din nou \u00een dragostea Ta. \u00ce\u0163i mul\u0163umim c\u0103 pe noi, ace\u015fti pierdu\u0163i \u015fi p\u0103c\u0103to\u015fi, ne-ai str\u00e2ns de pe c\u0103ile pierz\u0103rii \u015fi ne-ai adus la picioarele Crucii Tale. Avem o singur\u0103 dorin\u0163\u0103, Doamne Iisuse, s\u0103 ne \u0163ii p\u00e2n\u0103 la sf\u00e2r\u015fit l\u00e2ng\u0103 Crucea \u015fi Jertfa Ta.<\/em><\/p>\n<p><em>Doamne Iisuse, Te rug\u0103m \u00eendeosebi pentru ceasul acesta \u015fi ziua aceasta, s\u0103 vii \u015fi s\u0103 ne fii aici, \u00een mijlocul nostru. S\u0103 Te sim\u0163im cu to\u0163ii \u00een g\u00e2ndul nostru, \u00een inimile noastre, \u00een cuvintele noastre, \u00een sfaturile \u015fi \u00een hot\u0103r\u00e2rile noastre. S\u0103 sim\u0163im cu to\u0163ii Prezen\u0163a Ta cea sf\u00e2nt\u0103 \u015fi c\u0103l\u0103uzitoare. Te mai rug\u0103m fierbinte, Doamne Iisuse, s\u0103 nu se \u00eemplineasc\u0103 nimic din ceea ce este voia \u015fi sfatul omenesc, ci \u00een totul s\u0103 se \u00eemplineasc\u0103 pe deplin numai voia Ta \u015fi planurile pe care le ai Tu cu aceast\u0103 Mi\u015fcare \u015fi cu noi, nevrednicii robii T\u0103i, pe care ne-ai folosit \u00een Lucrarea Ta. Amin.<\/em><\/p>\n<p>P\u0103rintele Iosif spune apoi c\u0103 s-a f\u0103cut ceea ce s-a hot\u0103r\u00e2t \u00een sfatul de diminea\u0163\u0103: \u201eS-au precizat adic\u0103 \u00een scris punctele pe l\u00e2ng\u0103 care \u00een\u0163elegem noi restabilirea unit\u0103\u0163ii Oastei. Era de lips\u0103 aceast\u0103 precizare \u00een scris, pentru c\u0103 noi trebuie s\u0103 \u015ftim l\u0103murit ce vrem \u015fi pentru ce lupt\u0103m. Str\u00e2n\u015fi cu to\u0163ii aici cu at\u00e2tea cheltuieli de drum, acum este prilejul s\u0103 preciz\u0103m toate lucrurile care ar duce la rezultatul mult-dorit.<\/p>\n<p>Acum asculta\u0163i cu aten\u0163ie citirea celor scrise, memoriul-mo\u0163iunea noastr\u0103, pentru ca, la sf\u00e2r\u015fit, s\u0103 v\u0103 pute\u0163i spune cuv\u00e2ntul dac\u0103 primi\u0163i aceste puncte, dac\u0103 ele sunt bune ori dac\u0103 mai trebuie schimbate, \u00eentregite etc. Fiecare \u00ee\u015fi poate spune cuv\u00e2ntul\u201c.<\/p>\n<p>Se cite\u015fte apoi cu glas tare mo\u0163iunea de mai jos:<\/p>\n<p><strong><em><br \/>\nM o \u0163 i u n e a<\/em><\/strong><em> care s-a luat \u00een primul sfat restr\u00e2ns al Oastei Domnului, \u0163inut \u00een Sibiu, la 12 septembrie 1937<\/em><\/p>\n<p><em>\u00cenalt Prea Sfin\u0163ite St\u0103p\u00e2ne!<\/em><\/p>\n<p><em>Adun\u00e2ndu-ne la Sibiu, azi, duminic\u0103, 12 septembrie 1937, fra\u0163i de pe toate meleagurile \u0163\u0103rii, ne-am rugat Domnului ca s\u0103 ne deschid\u0103 calea spre via\u0163a cea dint\u00e2i a Oastei Domnului. \u00cen ziua aceasta, m\u0103rturisind credin\u0163a noastr\u0103, repet\u0103m ceea ce toat\u0103 via\u0163a am spus-o: c\u0103 ost\u0103\u015fia Domnului o tr\u0103im \u015fi vrem s\u0103 o tr\u0103im sub binecuv\u00e2ntarea Bisericii noastre str\u0103mo\u015fe\u015fti.<\/em><\/p>\n<p><em>Oastea Domnului s-a n\u0103scut prin munca \u015fi truda P\u0103rintelui Iosif Trifa \u00een Biseric\u0103, \u015fi noi vrem s\u0103 r\u0103m\u00e2nem a\u015fa cum am fost chema\u0163i, dup\u0103 cum zice \u015fi Apostolul Pavel. Biserica are dreptul s\u0103 se \u00eengrijeasc\u0103 de sufletele credincio\u015filor ei \u2013 \u015fi noi ne socotim fii credincio\u015fi ai Bisericii. Pentru c\u0103 am fost \u00eens\u0103 chema\u0163i la o via\u0163\u0103 de lupt\u0103 duhovniceasc\u0103 \u00eempotriva p\u0103catului, \u00eenrol\u00e2ndu-ne de bun\u0103voie \u00een Mi\u015fcarea Oastei Domnului, credem c\u0103 viitorul acestei mi\u015fc\u0103ri depinde de voluntariatul ei.<\/em><\/p>\n<p><em>Rug\u0103mintea noastr\u0103 sincer\u0103 \u015fi dorin\u0163a noastr\u0103 cald\u0103 este ca s\u0103 se asigure voluntariatul Oastei Domnului. F\u0103r\u0103 voluntariat, Oastea Domnului nu poate tr\u0103i. Oastea Domnului are anumite cerin\u0163e pentru cei ce se \u00eenroleaz\u0103 sub steagurile ei. Numai acei care vor \u015fi care pot \u00eemplini aceste dorin\u0163e \u015fi pot tr\u0103i \u00een aceast\u0103 via\u0163\u0103 duhovniceasc\u0103 se pot numi \u00eenrola\u0163i \u00een aceast\u0103 mi\u015fcare.<\/em><\/p>\n<p><em>Oastea Domnului s-a n\u0103scut, a crescut \u015fi a tr\u0103it, a luptat, a biruit \u015fi biruie\u015fte prin ceea ce se cheam\u0103 voluntariatul mi\u015fc\u0103rii. Acest voluntariat sf\u00e2nt prin care a lucrat rev\u0103rsarea Duhului a fost \u015fi este fiin\u0163a \u015fi biruin\u0163a acestei lucr\u0103ri duhovnice\u015fti. Or, statutele care s-au f\u0103cut pentru aceast\u0103 Lucrare nimicesc, ating \u015fi sting tocmai acest voluntariat.<\/em><\/p>\n<p><em>De aceea, cu supunere \u015fi devotament, rug\u0103m pe \u00ce.P.S. Sa mitropolit Nicolae, sprijinitorul \u015fi p\u0103storul nostru, ca s\u0103 intervin\u0103 pentru anularea statutelor f\u0103cute acestei mi\u015fc\u0103ri. Oastea Domnului are un statut: este legea Bisericii noastre str\u0103mo\u015fe\u015fti. Noi vrem s\u0103 tr\u0103im sub aceast\u0103 lege, sub or\u00e2nduirile canonice ale Bisericii. A crea un nou statut numai pentru noi \u00eenseamn\u0103 c\u0103 ne vom deosebi prin aceasta de Biseric\u0103. Or, noi vrem s\u0103 fim str\u00e2n\u015fi pentru toat\u0103 via\u0163a noastr\u0103 de Biseric\u0103.<\/em><\/p>\n<p><em>Noi credem potrivit ca \u00een fruntea noastr\u0103 s\u0103 fie socoti\u0163i de drept conduc\u0103tori numai aceia care, fie preo\u0163i, fie laici, tr\u0103iesc via\u0163a ost\u0103\u015fiei Domnului. Prin aceasta nu vrem s\u0103 excludem p\u0103storirea noastr\u0103 de c\u0103tre preo\u0163i. Preotul este p\u0103storul sufletesc al nostru ca \u015fi al tuturor celorlal\u0163i credincio\u015fi din parohie. Dar conduc\u0103tor al Oastei Domnului, ca mi\u015fcare religioas\u0103, credem c\u0103 este numai acela care se conformeaz\u0103 vie\u0163ii duhovnice\u015fti de la Oaste.<\/em><\/p>\n<p><em>Oastea Domnului este un copil al Bisericii. S-a n\u0103scut \u015fi tr\u0103ie\u015fte sub aripa Bisericii. Oastea Domnului nu este ceva mai mult dec\u00e2t Ortodoxia, ci este o familie restr\u00e2ns\u0103, o comuniune, o fr\u0103\u0163ietate evanghelic\u0103 cu g\u00e2ndul precis de a tr\u0103i mai intens \u00eenv\u0103\u0163\u0103turile Bibliei \u015fi ale Bisericii. Ne trudim doar s\u0103 ie\u015fim din comunul vie\u0163ii, s\u0103 cre\u015ftem \u00een Domnul, pentru m\u00e2ntuirea sufletelor noastre. Oastea Domnului nu are nici o preten\u0163ie dogmatic\u0103 sau canonic\u0103. Nu avem nimic de ad\u0103ugat canoanelor. Oastea nici nu a vrut \u015fi nici nu vrea s\u0103 fac\u0103 reguli peste sau contra Bisericii. Dar Oastea Domnului vrea s\u0103 tr\u0103iasc\u0103 cu toat\u0103 fiin\u0163a regulile existente ale Bisericii.<\/em><\/p>\n<p><em>Cum credem noi c\u0103 se poate asigura voluntariatul Oastei? Canonic \u015fi dogmatic, Oastea s\u0103 nu aib\u0103 alte \u00eenv\u0103\u0163\u0103turi dec\u00e2t cele ale Bisericii. Dar conducerea administrativ\u0103 s\u0103 fie de sine st\u0103t\u0103toare. S\u0103 se creeze pentru aceasta un statut-tip juridic care s\u0103 nu se ocupe de partea spiritual\u0103 a Oastei, s\u0103 nu fac\u0103 hain\u0103 duhului, ci doar s\u0103 reglementeze juridice\u015fte Oastea. Ca persoan\u0103 juridic\u0103, Oastea Domnului va putea poseda propriet\u0103\u0163i. \u00cen felul acesta credem c\u0103 se poate rezolva \u015fi chestiunea cu tipografia Oastei. P\u0103rintele Iosif Trifa declar\u0103 c\u0103 doneaz\u0103 tipografia ce o are Oastei Domnului constituit\u0103 juridic. Iar noi am socotit c\u0103 pentru marele sacrificiu ce l-a f\u0103cut cu aceast\u0103 tipografie, v\u00e2nz\u00e2ndu-\u015fi averea pentru a o cump\u0103ra, s\u0103 i se dea dreptul de a o administra singur p\u00e2n\u0103 tr\u0103ie\u015fte.<\/em><\/p>\n<p><em>Statutul acesta juridic va prevedea \u015fi un sfat de conducere compus din cei mai activi osta\u015fi din \u0163ar\u0103. \u00cen fruntea acestui sfat s\u0103 fie trecut, prin actul constitutiv, scaunul de onoare \u00ce.P.S. Sale mitropolitului Nicolae, ca unul care a ajutat \u015fi binecuv\u00e2ntat Oastea Domnului. (\u00cen stilizare corect\u0103: preziden\u0163ia acestui sfat o are \u00ce.P.S. Sa mitropolit Nicolae).<\/em><\/p>\n<p><em>\u00cen felul acesta se va lega Oastea Domnului \u015fi mai str\u00e2ns de Biseric\u0103, iar p\u00e2n\u0103 tr\u0103ie\u015fte p\u0103rintele Iosif, s\u0103 i se men\u0163in\u0103 conducerea efectiv\u0103 a Oastei Domnului, ca unuia care are meritul \u00eenfiin\u0163\u0103rii ei. \u00cen felul acesta Oastea este a Bisericii, dar scutit\u0103 de oficializare.<\/em><\/p>\n<p><em>Pe \u0163ar\u0103 vor fi conduc\u0103tori ai Oastei acei care vor lucra cu mai mult\u0103 r\u00e2vn\u0103 pentru Oaste \u015fi vor tr\u0103i cu mai mult\u0103 pasiune Evanghelia.<\/em><\/p>\n<p><em>\u00cen privin\u0163a scrisului, p\u0103rintele Trifa declar\u0103 c\u0103 va supune cenzurii personale a \u00ce.P.S. Sale mitropolitului Nicolae tot ce va scrie, pentru ca astfel s\u0103 se fac\u0103 controlul \u00eenv\u0103\u0163\u0103turilor de la Oaste. Dar f\u0103r\u0103 amestecul intermediarilor.<\/em><\/p>\n<p><em>\u00cen momentul \u00een care conflictul este aplanat \u015fi clarificat \u00een fa\u0163a credincio\u015filor din Oastea Domnului \u015fi se d\u0103 p\u0103rintelui Iosif Trifa posibilitatea ca, printr-un alt organ de pres\u0103, pus, ca \u015fi tipografia, \u00een serviciul, sub conducerea \u015fi administrarea Oastei Domnului constituit\u0103 juridic sub patronajul \u015fi auspiciile Arhiepiscopiei din Sibiu, p\u0103rintele Trifa declar\u0103 c\u0103 este gata s\u0103 renun\u0163e la apari\u0163ia foii \u00abIsus Biruitorul\u00bb, cu condi\u0163ia ca pentru buna \u00een\u0163elegere a lucrurilor s\u0103 se creeze o foaie nou\u0103, ca organ oficial al Oastei Domnului. Redactarea acestei foi s\u0103 fie \u00eencredin\u0163at\u0103 cu depline puteri de lucru p\u0103rintelui Iosif Trifa, av\u00e2nd \u015fi aici controlul dogmatic \u015fi spiritual al \u00ce.P.S. Sale mitropolitul Nicolae al Ardealului. Noi nu putem pretinde p\u0103rintelui Trifa ca s\u0103 se re\u00eentoarc\u0103 la gazeta \u00een care a fost grav lovit, dup\u0103 cum nici nu \u00eendr\u0103znim a cere ca \u00abLumina Satelor\u00bb s\u0103 se transforme \u00een gazeta \u00abIsus Biruitorul\u00bb. Pentru administrarea foii \u015fi a tipografiei, p\u0103rintele Iosif Trifa se oblig\u0103 pentru a prezenta, anual \u2013 la Rusalii \u2013 sfatului celui mare al Oastei, o dare de seam\u0103 pe care acesta o va avea de aprobat sau de dezaprobat.<\/em><\/p>\n<p><em>Pentru a putea rezolva cele de mai sus, g\u00e2ndurile noastre se \u00eendreapt\u0103 c\u0103tre \u00ce.P.S. Voastr\u0103 cu rug\u0103mintea de a interveni \u015fi \u00eenlesni la Sf. Sinod s\u0103 se ridice pedeapsa caterisirii aplicat\u0103 p\u0103rintelui Iosif. \u00cen felul acesta \u00ee\u015fi va putea relua postul de slujitor al Sf. noastre Biserici.<\/em><\/p>\n<p><em>Ai \u00ce.P.S. Voastre supu\u015fi fii duhovnice\u015fti<\/em><\/p>\n<p><em>Sibiu, la 12 septembrie 1937<\/em><\/p>\n<p>P\u0103rintele Iosif \u00eentreab\u0103 apoi dac\u0103 adunarea prime\u015fte aceast\u0103 mo\u0163iune a\u015fa cum s-a citit, sau mai schimb\u0103 sau mai \u00eentrege\u015fte ceva din ea. Adunarea r\u0103spunde cu unanimitate aplaudatoare a tuturor celor prezen\u0163i: \u201eDa\u201c, f\u0103r\u0103 nici un glas contra, c\u0103 primesc aceast\u0103 mo\u0163iune a\u015fa cum s-a citit. Nimeni n-a avut nimic de obiectat. Se trece apoi la semnarea \u00een original pe acest act a tuturor celor peste cinci sute de fra\u0163i delega\u0163i prezen\u0163i.<\/p>\n<p>Dup\u0103 aceasta se alege o delega\u0163ie de cincisprezece fra\u0163i laici care s\u0103 se duc\u0103 s\u0103 prezinte aceast\u0103 mo\u0163iune \u00ce.P.S. Sale mitropolitului, cer\u00e2nd pentru aceasta audien\u0163\u0103. Din aceast\u0103 delega\u0163ie au f\u0103cut parte urm\u0103torii: Avocat Pavel Mali\u0163a, avocat Victor Ungur, Leon Andronic, Silvestru Barb\u0103, D. Romanenco, Simion Achim, Ioan Tudusciuc, Ioan Marini, P\u00e2rvu Constantin, Di\u0163\u0103 Ioan, Ilie Marini, Petre Stancu, Ioan Dini\u015f, Gr. Man\u0163oc \u015fi Adam Borza.<\/p>\n<p>Solicit\u00e2nd audien\u0163a, ni s-a trimis r\u0103spuns c\u0103 se pot primi \u00een audien\u0163\u0103 numai cinci delega\u0163i \u015fi numai la orele cinci dup\u0103-mas\u0103.<\/p>\n<p>Dup\u0103-mas\u0103, adunarea se redeschide cu \u201e\u00cemp\u0103rate Ce\u00acresc\u201c, iar dup\u0103 rug\u0103ciune \u00eencep vorbirile. Dup\u0103 fiecare vorbire, corul Oastei de la Bucure\u015fti \u015fi fanfara Oastei de la S\u0103sciori c\u00e2nt\u0103.<\/p>\n<p>P\u0103rintele Munteanu deschide adunarea printr-un cuv\u00e2nt scurt \u015fi cald. Dup\u0103 el, p\u0103rintele Vladimir \u015fi p\u0103rintele Bogoride rostesc dou\u0103 duioase cuv\u00e2nt\u0103ri, dup\u0103 care a vorbit fratele Tudusciuc. A urmat apoi<\/p>\n<p><strong><br \/>\nA doua vorbire a P\u0103rintelui Iosif<\/strong><\/p>\n<p><em>Iubi\u0163i p\u0103rin\u0163i \u015fi scumpi fra\u0163i \u00een Domnul. \u00cen duminica de azi a fost la r\u00e2nd evanghelia care ne-a amintit de \u015farpele de aram\u0103 ridicat de Moise \u00een pustie pentru ca to\u0163i cei mu\u015fca\u0163i de \u015ferpi s\u0103 se uite la acest semn \u015fi s\u0103 nu moar\u0103 (Lev. 21, 9).<\/em><\/p>\n<p><em>Aceasta a fost o icoan\u0103 ce \u00eenchipuia \u015fi vestea Jertfa Crucii lui Iisus cel R\u0103stignit. Eu m-am g\u00e2ndit ast\u0103zi \u00een biseric\u0103 c\u00e2t de mult se potrive\u015fte aceast\u0103 evanghelie \u015fi pentru Oastea Domnului. Dup\u0103 r\u0103zboiul cel mare, o \u00eenfrico\u015fat\u0103 pustie duhovniceasc\u0103 se f\u0103cuse \u015fi \u00een \u0163ara noastr\u0103. \u015eerpii p\u0103catelor \u015fi ai f\u0103r\u0103delegilor se \u00eenmul\u0163iser\u0103 grozav, era plin\u0103 \u0163ara de moarte sufleteasc\u0103. \u015ei atunci Domnul S-a \u00eendurat \u015fi a ridicat \u00een pustia sufleteasc\u0103 a acestei \u0163\u0103ri Semnul cel de via\u0163\u0103 f\u0103c\u0103tor. Prin Oastea Domnului s-a ridicat \u00een \u0163ara noastr\u0103 cunoa\u015fterea \u015fi cuno\u015ftin\u0163a cea adev\u0103rat\u0103 a lui Iisus cel R\u0103stignit. Sl\u0103vit s\u0103 fie Domnul c\u0103 s-a ridicat \u015fi \u00een \u0163ara aceasta Semnul cel mare \u015fi biruitor, Crucea \u015fi Jertfa lui Iisus cel R\u0103stignit, c\u0103ci \u0163ara \u015fi poporul nostru nu cuno\u015fteau \u015fi nu cunosc cu adev\u0103rat pe Iisus cel R\u0103stignit.<\/em><\/p>\n<p><em>Eu mul\u0163umesc lui Dumnezeu c\u0103 m-a \u00eenvrednicit \u015fi pe mine ca s\u0103 privesc \u015fi s\u0103 primesc acest Semn. \u015ei mul\u0163umesc lui Dumnezeu c\u0103 pe mine, un vas umil \u015fi slab, m-a \u00eenvrednicit s\u0103 strig \u015fi pe al\u0163ii s\u0103 se uite, s\u0103 priveasc\u0103 la acest Semn, s\u0103 primeasc\u0103 pe Iisus cel R\u0103stignit, ca s\u0103 tr\u0103iasc\u0103 \u015fi s\u0103 nu moar\u0103, precum este scris.<\/em><\/p>\n<p><em>Fra\u0163ilor, \u015ftie numai bunul Dumnezeu c\u00e2t va fi s\u0103 mai r\u0103m\u00e2n \u00eentre voi. Eu \u00eens\u0103 sunt gata s\u0103 plec oric\u00e2nd lini\u015ftit \u015fi mul\u0163umit c\u0103 m-a ajutat Domnul s\u0103 v\u0103 ar\u0103t l\u0103murit Semnul biruin\u0163ei \u015fi al m\u00e2ntuirii noastre, pe Iisus cel R\u0103stignit. Ca odinioar\u0103 Moise \u00een pustie, poate voi c\u0103dea \u015fi eu \u00een pustia acestor necazuri, lupte \u015fi prigoniri. Dar voi s\u0103 merge\u0163i \u00eenainte \u201espre Canaan\u201c, uit\u00e2ndu-v\u0103 \u0163int\u0103 la C\u0103petenia \u015fi Des\u0103v\u00e2r\u015firea credin\u0163ei noastre, ca s\u0103 ne \u00eent\u00e2lnim pe urm\u0103 cu to\u0163ii \u00een Ierusalimul cel ceresc.<\/em><\/p>\n<p><em>Fra\u0163ilor, s\u0103 nu v\u0103 a\u015ftepta\u0163i s\u0103 v\u0103 spun acum prea multe, c\u0103ci m\u0103 vede\u0163i c\u00e2t sunt de sl\u0103bit. Voi spune numai ceva, privitor la fr\u0103m\u00e2nt\u0103rile din Oastea Domnului. S-a scris mult \u015fi s-a vorbit mult despre aceste fr\u0103m\u00e2nt\u0103ri. Unii spun c\u0103 sunt de la diavolul, al\u0163ii, c\u0103 sunt de la Dumnezeu. Eu spun \u00eens\u0103 c\u0103 aceste fr\u0103m\u00e2nt\u0103ri trebuia s\u0103 vin\u0103. Ele ne erau ar\u0103tate \u015fi prevestite prin Sf\u00e2nta Scriptur\u0103. Eu puteam s\u0103 v\u0103 spun de la \u00eenceput, ca Sf. Apostol Pavel: \u201e\u2026v-am spus mai dinainte c\u0103 vom avea s\u0103 suferim necazuri, ceea ce s-a \u015fi \u00eent\u00e2mplat, cum bine \u015fti\u0163i\u201c (I Tes. 3, 4).<\/em><\/p>\n<p><em>Eu v\u0103d aceast\u0103 fr\u0103m\u00e2ntare \u015fi \u00een locul de la I Cor. 2, 14: \u201eDar omul firesc nu prime\u015fte lucrurile Duhului lui Dumnezeu, c\u0103ci pentru el sunt o nebunie; \u015fi nici nu le poate \u00een\u0163elege, pentru c\u0103 trebuie judecate duhovnice\u015fte.\u201c Oastea Domnului, fiind r\u0103sadul \u015fi lucrarea Duhului Sf\u00e2nt, era \u015fi este o lucrare pronun\u0163at duhovniceasc\u0103. Dar aceas\u00act\u0103 spiritualitate a ei s-a ciocnit de la \u00eenceput cu ne\u00een\u0163elegerea cea lumeasc\u0103. Din ce a crescut spiritualitatea Oastei, a sporit \u015fi num\u0103rul celor ne\u00een\u0163eleg\u0103tori. Conflictul de la Oaste este conflictul celor dou\u0103 lumi ce nu se pot \u00een\u0163elege, iar acest conflict a fost alimentat mereu cu \u00eenvinuiri \u015fi asmu\u0163\u0103ri, p\u00e2n\u0103 ce s-a ajuns la a\u015fa-numitele Statute ale Oastei Domnului.<\/em><\/p>\n<p><em>Prin felul cum sunt f\u0103cute aceste statute, ele ucid tocmai spiritualitatea acestei mi\u015fc\u0103ri. V-a\u015f putea dovedi pe larg acest lucru. Statutele, sting\u00e2nd voluntariatul, apleac\u0103 spiritualitatea mi\u015fc\u0103rii spre cele lume\u015fti. Alung\u0103 pe \u201eMaria\u201c \u015fi cheam\u0103 pe \u201eMarta\u201c. Alung\u0103 duhul care d\u0103 via\u00ac\u0163\u0103 \u015fi cheam\u0103 litera care omoar\u0103. S\u0103 nu stinge\u0163i Duhul, ne spune Sf\u00e2nta Scriptur\u0103 (I Tes. 5, 19). S\u0103 nu-L \u00eentrista\u0163i pe Duhul Sf\u00e2nt, ne sf\u0103tuie\u015fte Sf. Apostol Pavel\u2026<\/em><\/p>\n<p><em>Eu, iubi\u0163ii mei, de la \u00eenceputul Oastei am stat de veghe l\u00e2ng\u0103 aceste dumnezeie\u015fti porunci. Am privegheat ne\u00eencetat s\u0103 nu se sting\u0103 duhul Oastei, s\u0103 nu fie stins prin ceea ce se cheam\u0103 litera legii. \u015ei spune\u0163i fra\u0163ilor de la fronturi c\u0103 voi sta santinel\u0103 neadormit\u0103 la acest post, orice ar fi s\u0103 mi se \u00eent\u00e2mple. Spune\u0163i fra\u0163ilor c\u0103 am f\u0103cut tot ce este cu putin\u0163\u0103 \u015fi pentru refacerea unit\u0103\u0163ii Oastei. R\u0103m\u00e2ne s\u0103 ne rug\u0103m s\u0103 se fac\u0103 mai departe voia Domnului. V\u0103 voi spune aici numai un exemplu trist despre ce ar \u00eensemna amestecul literei \u00een lucrurile Duhului. Despre ce ar \u00eensemna \u00een via\u0163a Oastei Domnului aplicarea statutelor f\u0103cute pentru ea de ni\u015fte oameni care nu au nimic nici cu duhul, nici cu via\u0163a ei. La adunarea Oastei de la Dej, p\u0103rintele protopop de acolo a \u00eencercat constituirea comitetului jude\u0163ean al Oastei, conform statutelor oficiale. Ca s\u0103-i conving\u0103 pe fra\u0163i s\u0103 intre \u00een statute, spunea c\u0103 Oastea n-a \u00eenf\u0103ptuit nimic p\u00e2n\u0103 acum. Ne trebuie fonduri, aziluri, \u00eentreprinderi \u015fi altele \u2013 spunea p\u0103rintele protopop. Eu cunosc o societate religioas\u0103 care a deschis \u015fi un restaurant (o cr\u00e2\u015fm\u0103) \u015fi \u00eei merge foarte bine\u2026<\/em><\/p>\n<p><em>Fra\u0163ii, c\u00e2nd au auzit a\u015fa ceva, au p\u0103r\u0103sit adunarea plini de m\u00e2hnire \u00een sufletele lor. \u00cen alt\u0103 parte, iar\u0103\u015fi, ni\u015fte fra\u0163i cu r\u00e2vn\u0103 au mers \u00eentr-un sat s\u0103 fac\u0103 adunare, dar acolo, fiind Oastea cu statute, li s-a r\u0103spuns: Ne pare r\u0103u, dar nu putem \u0163ine adunarea, fiindc\u0103 nu este acas\u0103 pre\u015fedintele\u2026 \u015ei iat\u0103, a\u015fa, statutele nimicesc voluntariatul Oastei \u015fi apleac\u0103 spiritualitatea mi\u015fc\u0103rii acesteia spre cele lume\u015fti. Alung\u0103, cum s-ar spune, pe \u201eMaria\u201c (partea cea duhovniceasc\u0103) \u015fi cheam\u0103 pe \u201eMarta\u201c (partea cea lumeasc\u0103). Alung\u0103 duhul \u015fi cheam\u0103 litera.<\/em><\/p>\n<p><em>Multe a\u015f avea s\u0103 v\u0103 mai spun, fra\u0163ilor. A\u015f putea s\u0103 m\u0103 \u015fi pl\u00e2ng c\u0103, dup\u0103 27 ani de preo\u0163ie, uite ce r\u0103splat\u0103 primesc: mi s-a luat numele \u015fi haina de preot. M\u0103 m\u00e2ng\u00e2i \u00eens\u0103 g\u00e2ndindu-m\u0103 la plata \u015fi la r\u0103splata cea dulce din cer. Fra\u0163ilor, ruga\u0163i-v\u0103 pentru mine ca ori de c\u00e2te ori \u00eemi deschid gura \u2013 sau pun condeiul pe h\u00e2rtie \u2013 s\u0103 v\u0103 fac cunoscut\u0103 cu \u00eendr\u0103zneal\u0103 taina Evangheliei, s\u0103 vorbesc cu \u00eendr\u0103zneal\u0103, a\u015fa cum trebuie s\u0103 vorbesc (Efes. 6, 19).<\/em><\/p>\n<p><em>\u015ei acum s\u0103 v\u0103 \u00eentoarce\u0163i, iubi\u0163ii mei, cu Domnul Iisus pe la casele voastre \u015fi s\u0103-I sluji\u0163i Lui toat\u0103 via\u0163a voastr\u0103. \u015ei cu toat\u0103 via\u0163a voastr\u0103. Sl\u0103vit s\u0103 fie Domnul.<\/em><\/p>\n<p>Au mai vorbit pe urm\u0103 c\u00e2\u0163iva preo\u0163i \u015fi fra\u0163i, printre care \u015fi fra\u0163ii greco-catolici Miron D\u0103nu\u0163 de la Satu Mare \u015fi Simion Gordan de la Cluj, aduc\u00e2nd P\u0103rintelui Iosif \u015fi \u00eentregii adun\u0103ri fr\u0103\u0163e\u015fti salutul \u015fi adeziunea tuturor fra\u0163ilor greco-catolici din Oastea Domnului. O solie de dragoste \u015fi p\u0103rt\u0103\u015fie \u00een Domnul.<\/p>\n<p>La ora cinci dup\u0103-mas\u0103, delega\u0163ia fra\u0163ilor ale\u015fi pentru a duce Mo\u0163iunea la mitropolitul B\u0103lan s-a \u00eenf\u0103\u0163i\u015fat la Mitropolie. Acolo, dup\u0103 ce au fost \u0163inu\u0163i s\u0103 a\u015ftepte timp \u00eendelungat, st\u00e2nd \u00een picioare, \u00een sf\u00e2r\u015fit, s-a deschis undeva o u\u015f\u0103 \u00een v\u00e2rful unor sc\u0103ri \u015fi \u00een u\u015fa aceasta, ivindu-se mitropolitul, s-a uitat la ei de sus \u015fi cu \u00eencruntare le-a spus un singur cuv\u00e2nt m\u00e2nios:<\/p>\n<p>\u2013 R\u0103zvr\u0103ti\u0163ilor!<\/p>\n<p>Apoi a \u00eenchis u\u015fa.<\/p>\n<p>P\u00e2n\u0103 la urm\u0103 a venit un trimis al s\u0103u, le-a luat mo\u0163iunea \u015fi le-a spus c\u0103 r\u0103spunsul \u00eel vor primi mai t\u00e2rziu, de la Comitetul Central al Oastei.<\/p>\n<p>\u00cen timpul c\u00e2nd au plecat delega\u0163ii trimi\u015fi, noi, to\u0163i cei r\u0103ma\u015fi, \u00eempreun\u0103 cu P\u0103rintele Iosif ne-am aplecat \u00een rug\u0103ciune, cer\u00e2nd Domnului sprijinul S\u0103u pentru rezolvarea bun\u0103 a problemei pentru care s-au dus\u2026 \u00cemi amintesc totdeauna de rug\u0103ciunea aceea cutremur\u0103toare la umbra \u00eenaltului mesteac\u0103n care era atunci \u00een curtea redac\u0163iei \u015fi sub care era masa l\u00e2ng\u0103 care \u00eengenunchease P\u0103rintele Iosif \u015fi se ruga\u2026 Eram l\u00e2ng\u0103 el, cuprins de acela\u015fi fior \u015fi pu\u00actere, iar \u00een jurul nostru, sutele de fra\u0163i suspin\u00e2nd \u015fi \u015fterg\u00e2ndu-\u015fi lacrimile care le \u015firoiau pe obraji\u2026<\/p>\n<p>Dup\u0103 rug\u0103ciune \u015fi p\u00e2n\u0103 la venirea lor, s-au mai perindat la cuv\u00e2nt al\u0163i fra\u0163i cunoscu\u0163i, \u00een total 16 vorbitori. To\u0163i, aduc\u00e2nd \u015fi salutul fierbinte al fra\u0163ilor care i-au trimis \u015fi care \u00eei a\u015fteapt\u0103, \u00eenso\u0163indu-i cu rug\u0103ciunea \u015fi dragostea lor pentru P\u0103rintele Iosif \u015fi pentru buna rezolvare a fr\u0103m\u00e2nt\u0103rilor din Oaste.<\/p>\n<p>C\u00e2nd fra\u0163ii s-au \u00eentors, spun\u00e2nd ce li s-a \u00eent\u00e2mplat, o umbr\u0103 de \u00eentristare a trecut peste fe\u0163ele \u015fi sufletele tuturor. Dar timpul fiind \u00eenaintat, iar fra\u0163ii trebuind s\u0103 se gr\u0103beasc\u0103 la plecare, P\u0103rintele Iosif s-a mai ridicat o dat\u0103 \u00een fa\u0163a adun\u0103rii \u015fi, cu ochii plini de lacrimi, le-a mai adresat un ultim cuv\u00e2nt de \u00eencheiere \u015fi desp\u0103r\u0163ire:<\/p>\n<p><em><br \/>\nCuv\u00e2ntarea de \u00eencheiere a P\u0103rintelui Iosif<\/em><\/p>\n<p><em>\u015ei acum, fra\u0163ilor, sosit-a vremea desp\u0103r\u0163irii. S\u0103 d\u0103m slav\u0103 lui Dumnezeu pentru sfintele bucurii de azi. Azi a fost o zi binecuv\u00e2ntat\u0103 \u00een care am sim\u0163it de nou c\u0103 Focul cel Ceresc arde cu putere prin aceast\u0103 mi\u015fcare. Un frate spunea c\u0103 se \u00eentoarce cam \u00eentristat, pentru c\u0103 nu poate duce un rezultat gata. Fire\u015fte, acest rezultat nu se poate a\u015ftepta \u00eentr-o zi. Noi am pus aluatul \u00een f\u0103in\u0103; s\u0103 ne rug\u0103m acum Domnului ca s\u0103 dospeasc\u0103 ce va voi El.<\/em><\/p>\n<p><em>Eu \u00eens\u0103 zic s\u0103 ne ducem de aici voio\u015fi \u015fi plini de bucurie, pentru c\u0103 Duhul Sf\u00e2nt ne-a dovedit din nou c\u0103 a Lui este aceast\u0103 Lucrare \u015fi c\u0103 Focul Lui arde \u00een ea. Iar dac\u0103 avem dovada aceasta, a spune c\u0103 mai suntem \u00eentrista\u0163i pentru ceva ar \u00eensemna s\u0103-L \u00eentrist\u0103m pe Duhul Sf\u00e2nt.<\/em><\/p>\n<p><em>Fra\u0163ilor, eu v\u0103 spun altceva: s\u0103 v\u0103 \u00eentrista\u0163i \u015fi s\u0103 pl\u00e2nge\u0163i c\u00e2nd ve\u0163i veni aici la Sibiu \u015fi, \u00een loc de foc, ve\u0163i afla ghea\u0163\u0103 (ce profe\u0163ie cutremur\u0103tor \u00eemplinit\u0103 nu prea t\u00e2rziu\u2026). S\u0103 pl\u00e2nge\u0163i c\u00e2nd ve\u0163i sim\u0163i c\u0103 \u00een adun\u0103rile Oastei s-a stins focul \u015fi a r\u0103mas cenu\u015fa. Fra\u0163ilor, eu v\u0103 zic ceva \u015fi mai mult: nici atunci s\u0103 nu v\u0103 \u00eentrista\u0163i \u015fi s\u0103 nu pl\u00e2nge\u0163i, c\u00e2nd ve\u0163i veni la morm\u00e2ntul meu, dac\u0103 ve\u0163i sim\u0163i c\u0103 \u015fi peste morm\u00e2ntul meu arde Focul cel Ceresc.<\/em><\/p>\n<p><em>Noi plec\u0103m de aici cu pacea lui Iisus, pe care nimeni nu ne-o poate tulbura, nici lua de la noi. Fi\u0163i plini de \u00eencredere \u015fi de bucurie.<\/em><\/p>\n<p><em>Dup\u0103 o duioas\u0103 c\u00e2ntare de desp\u0103r\u0163ire, a corului \u015fi a fra\u0163ilor, a urmat rug\u0103ciunea fierbinte de \u00eencheiere. Apoi, cu \u00eembr\u0103\u0163i\u015f\u0103ri \u00eenl\u0103crimate, fra\u0163ii s-au desp\u0103r\u0163it, spun\u00e2ndu-\u015fi c\u0103 ziua de 12 septembrie 1937 nu o vor uita niciodat\u0103.<\/em><\/p>\n<p><em>Doamne Dumnezeul nostru, Te rug\u0103m, vegheaz\u0103 Tu ne\u00eencetat \u015fi cu toat\u0103 grija asupra mersului Lucr\u0103rii Tale \u015fi toate ac\u0163iunile noastre, oric\u00e2t de bine inten\u0163ionate ar fi ele, nu \u00eeng\u0103dui s\u0103 reu\u015feasc\u0103 dac\u0103 prin asta s-ar face un r\u0103u Cauzei Tale \u015fi s-ar \u00eempiedica \u00een vreun fel planul T\u0103u. Noi putem gre\u015fi totdeauna, Doamne, chiar \u015fi atunci c\u00e2nd vrem s\u0103 facem binele. Dar Tu nu gre\u015fe\u015fti niciodat\u0103. Amin.<\/em><\/p>\n<p><em>Ca un bun osta\u015f al lui Hristos<\/em><\/p>\n<p><em>Ca un bun osta\u015f al lui Hristos, tu trebuie s\u0103 lup\u0163i ne\u00eencetat pentru a l\u0103rgi hotarele \u00cemp\u0103r\u0103\u0163iei lui Dumnezeu \u015fi pe acest p\u0103m\u00e2nt. Mi\u015fcarea noastr\u0103 duhovniceasc\u0103 trebuie s\u0103 fie o lumin\u0103 care s\u0103 lumineze \u00een aceast\u0103 cumplit\u0103 \u00eentunecime de p\u0103cate care s-a l\u0103sat peste noi (cf. Mt. 5, 14). Mi\u015fcarea Oastei trebuie s\u0103 fie o sare care s\u0103 \u00eempiedice stric\u0103ciunea (cf. Mt. 5, 13) \u015fi un aluat bun care s\u0103 dospeasc\u0103 fr\u0103m\u00e2nt\u0103tur\u0103 nou\u0103 \u00een traiul nostru \u015fi al vecinilor no\u015ftri.<\/em><\/p>\n<p><em>Fi\u0163i \u2013 \u015fi face\u0163i-v\u0103, iubi\u0163ii mei fra\u0163i osta\u015fi \u2013 a\u015fa ca orice om, v\u0103z\u00e2nd faptele voastre, s\u0103 se aprind\u0103 de dorul \u015fi de dorin\u0163a de a intra \u015fi el \u00een Oastea noastr\u0103. P\u0103rintele Iosif Trifa<\/em>&#8222;<\/p>\n","protected":false},"excerpt":{"rendered":"<p>Traian DORZ &#8222;Chemarea pe \u0163ar\u0103 a delega\u0163ilor fr\u0103\u0163iet\u0103\u0163ii Oastei Domnului pentru 12 septembrie 1937 a fost publicat\u0103 \u00een gazeta \u00abEcoul\u00bb care \u00eenlocuia atunci foaia \u00abIisus Biruitorul\u00bb pe care o suspendase Mitropolia. D\u0103m mai jos, pe scurt, relatarea pe care a scris-o atunci \u00abEcoul\u00bb despre felul cum a decurs aceast\u0103 consf\u0103tuire \u015fi despre felul cum s-a&nbsp;<\/p>\n<p><a class=\"btn btn-style\" href=\"https:\/\/comorinemuritoare.ro\/bLOGOS\/ziua-i-adevrul-istoric-din-12-septembrie-1937\/\">Continue Reading&#8230;<\/a><\/p>\n","protected":false},"author":1,"featured_media":0,"comment_status":"open","ping_status":"open","sticky":false,"template":"","format":"standard","meta":{"footnotes":""},"categories":[10],"tags":[],"class_list":["post-518","post","type-post","status-publish","format-standard","hentry","category-evenimente"],"_links":{"self":[{"href":"https:\/\/comorinemuritoare.ro\/bLOGOS\/wp-json\/wp\/v2\/posts\/518","targetHints":{"allow":["GET"]}}],"collection":[{"href":"https:\/\/comorinemuritoare.ro\/bLOGOS\/wp-json\/wp\/v2\/posts"}],"about":[{"href":"https:\/\/comorinemuritoare.ro\/bLOGOS\/wp-json\/wp\/v2\/types\/post"}],"author":[{"embeddable":true,"href":"https:\/\/comorinemuritoare.ro\/bLOGOS\/wp-json\/wp\/v2\/users\/1"}],"replies":[{"embeddable":true,"href":"https:\/\/comorinemuritoare.ro\/bLOGOS\/wp-json\/wp\/v2\/comments?post=518"}],"version-history":[{"count":1,"href":"https:\/\/comorinemuritoare.ro\/bLOGOS\/wp-json\/wp\/v2\/posts\/518\/revisions"}],"predecessor-version":[{"id":27142,"href":"https:\/\/comorinemuritoare.ro\/bLOGOS\/wp-json\/wp\/v2\/posts\/518\/revisions\/27142"}],"wp:attachment":[{"href":"https:\/\/comorinemuritoare.ro\/bLOGOS\/wp-json\/wp\/v2\/media?parent=518"}],"wp:term":[{"taxonomy":"category","embeddable":true,"href":"https:\/\/comorinemuritoare.ro\/bLOGOS\/wp-json\/wp\/v2\/categories?post=518"},{"taxonomy":"post_tag","embeddable":true,"href":"https:\/\/comorinemuritoare.ro\/bLOGOS\/wp-json\/wp\/v2\/tags?post=518"}],"curies":[{"name":"wp","href":"https:\/\/api.w.org\/{rel}","templated":true}]}}